{"id":211375,"date":"2023-01-02T13:50:00","date_gmt":"2023-01-02T19:50:00","guid":{"rendered":"http:\/\/vertienteglobal.com\/?p=211375"},"modified":"2023-01-03T18:47:30","modified_gmt":"2023-01-04T00:47:30","slug":"marybel-villegas-aplaude-aumento-en-las-pensiones-del-bienestar-gracias-a-reformas-de-austeridad","status":"publish","type":"post","link":"http:\/\/vertienteglobal.com\/?p=211375","title":{"rendered":"Marybel Villegas aplaude aumento en las pensiones del Bienestar gracias a Reformas de Austeridad"},"content":{"rendered":"\n<div class=\"twitterbutton\" style=\"float: right; padding-left: 5px;\"><a href=\"http:\/\/twitter.com\/share\" class=\"twitter-share-button\" data-count=\"horizontal\" data-text=\"Marybel Villegas aplaude aumento en las pensiones del Bienestar gracias a Reform...\" data-via=\"https:\/\/twitter.com\/VertienteGloba1\" data-url=\"http:\/\/vertienteglobal.com\/?p=211375\" data-lang=\"es\" data-related=\"Informaci\u00f3n general:S\u00edguenos para que est\u00e9ss informado\"><\/a><\/div>\n<figure class=\"wp-block-image size-large\"><img loading=\"lazy\" decoding=\"async\" width=\"1024\" height=\"642\" src=\"http:\/\/vertienteglobal.com\/wp-content\/uploads\/2023\/01\/IMG-20230102-WA0103-1024x642.jpg\" alt=\"\" class=\"wp-image-211376\" srcset=\"http:\/\/vertienteglobal.com\/wp-content\/uploads\/2023\/01\/IMG-20230102-WA0103-1024x642.jpg 1024w, http:\/\/vertienteglobal.com\/wp-content\/uploads\/2023\/01\/IMG-20230102-WA0103-300x188.jpg 300w, http:\/\/vertienteglobal.com\/wp-content\/uploads\/2023\/01\/IMG-20230102-WA0103-150x94.jpg 150w, http:\/\/vertienteglobal.com\/wp-content\/uploads\/2023\/01\/IMG-20230102-WA0103-768x481.jpg 768w, http:\/\/vertienteglobal.com\/wp-content\/uploads\/2023\/01\/IMG-20230102-WA0103.jpg 1280w\" sizes=\"auto, (max-width: 1024px) 100vw, 1024px\" \/><\/figure>\n\n\n\n<p>(Redaccion)<\/p>\n\n\n\n<p>La senadora aplaudi\u00f3 este aumento y asever\u00f3 que ha sido posible gracias a las reformas promovidas por el presidente y respaldadas por los legisladores, sobre todo en el Senado de la Rep\u00fablica, como la reciente aprobaci\u00f3n de las modificaciones a las Leyes Electorales, para disminuir gastos excesivos en el Instituto Electoral<\/p>\n\n\n\n<p>Canc\u00fan, Quintana Roo, 02 de enero de 2023.-El aumento en las Pensiones del Bienestar para Adultos Mayores, as\u00ed como en becas a estudiantes y otros programas sociales del Gobierno Federal son una realidad gracias a las reformas que se han aprobado para apoyar el plan de austeridad, asegur\u00f3 la senadora de Morena por Quintana Roo, Marybel Villegas.<\/p>\n\n\n\n<p>Este 2023 ser\u00e1 para consolidar la Cuarta Transformaci\u00f3n en el pa\u00eds y, como parte del proceso, el presidente Andr\u00e9s Manuel L\u00f3pez Obrador inform\u00f3 sobre el aumento a las pensiones para los adultos mayores, as\u00ed como su dispersi\u00f3n en los bancos del Bienestar, para facilitar a las personas de la tercera edad su recepci\u00f3n.<\/p>\n\n\n\n<p>El presidente L\u00f3pez Obrador destac\u00f3 que este apoyo social incrementar\u00e1 en un 25 por ciento, con lo cual, este a\u00f1o los 11.5 millones de adultos mayores recibir\u00e1n 4 mil 800 pesos bimestrales, ya que durante 2022 recibieron 3 mil 850 pesos.<\/p>\n\n\n\n<p>Al respecto, la senadora aplaudi\u00f3 este aumento y asever\u00f3 que ha sido posible gracias a las reformas promovidas por el presidente y respaldadas por los legisladores, sobre todo en el Senado de la Rep\u00fablica, como la reciente aprobaci\u00f3n de las modificaciones a las Leyes Electorales, para disminuir gastos excesivos en el Instituto Electoral.<\/p>\n\n\n\n<p>\u201cEstos recursos que antes serv\u00edan para que altos funcionarios del Instituto Electoral se dieran vida de lujos y privilegios, ahora ser\u00e1n canalizados a los programas sociales, que como ya lo mencion\u00f3 el presidente, aumentar\u00e1n este 2023 y permitir\u00e1n que lleguen a los que m\u00e1s lo necesitan, para ayudar a mejorar su calidad de vida, que es por lo que trabajamos. Sin dudas, es una gran noticia y por supuesto, seguiremos respaldando las decisiones del Presidente L\u00f3pez Obrador, en beneficio de los m\u00e1s pobres\u201d, afirm\u00f3 Marybel Villegas.<\/p>\n\n\n\n<p>Asimismo, se inform\u00f3 que a partir de este mi\u00e9rcoles se iniciar\u00e1 con la dispersi\u00f3n de recursos correspondientes al primer bimestre de 2023, la cual se realizar\u00e1 de acuerdo con la primera letra del primer apellido seg\u00fan el calendario.<\/p>\n\n\n\n<p>A, B, C: 4 de enero (mi\u00e9rcoles), D, E, F, G, H: 5 de enero (jueves), I, J, K, L, M: 6 de enero (viernes), N, \u00d1, O, P, Q, R: 9 de enero (lunes), S, T, U, V, W, X, Y, X: 10 de enero (martes).<\/p>\n\n\n\n<p>Asimismo, los adultos mayores que reciben su pensi\u00f3n en efectivo podr\u00e1n hacerlo entre el 9 de enero y el 5 de febrero.<\/p>\n\n\n\n<figure class=\"wp-block-image size-large\"><img loading=\"lazy\" decoding=\"async\" width=\"1024\" height=\"750\" src=\"http:\/\/vertienteglobal.com\/wp-content\/uploads\/2023\/01\/IMG-20230102-WA0102-1024x750.jpg\" alt=\"\" class=\"wp-image-211377\" srcset=\"http:\/\/vertienteglobal.com\/wp-content\/uploads\/2023\/01\/IMG-20230102-WA0102-1024x750.jpg 1024w, http:\/\/vertienteglobal.com\/wp-content\/uploads\/2023\/01\/IMG-20230102-WA0102-300x220.jpg 300w, http:\/\/vertienteglobal.com\/wp-content\/uploads\/2023\/01\/IMG-20230102-WA0102-150x110.jpg 150w, http:\/\/vertienteglobal.com\/wp-content\/uploads\/2023\/01\/IMG-20230102-WA0102-768x562.jpg 768w, http:\/\/vertienteglobal.com\/wp-content\/uploads\/2023\/01\/IMG-20230102-WA0102.jpg 1280w\" sizes=\"auto, (max-width: 1024px) 100vw, 1024px\" \/><\/figure>\n","protected":false},"excerpt":{"rendered":"<p>(Redaccion) La senadora aplaudi\u00f3 este aumento y asever\u00f3 que ha sido posible gracias a las reformas promovidas por el presidente y respaldadas por los legisladores, sobre todo en el Senado de la Rep\u00fablica, como la reciente aprobaci\u00f3n de las modificaciones a las Leyes Electorales, para disminuir gastos excesivos en el Instituto Electoral Canc\u00fan, Quintana Roo, [&hellip;]<\/p>\n","protected":false},"author":1,"featured_media":211376,"comment_status":"open","ping_status":"open","sticky":false,"template":"","format":"standard","meta":{"footnotes":""},"categories":[3],"tags":[],"class_list":["post-211375","post","type-post","status-publish","format-standard","has-post-thumbnail","hentry","category-quintana-roo","entry","has-media"],"jetpack_featured_media_url":"http:\/\/vertienteglobal.com\/wp-content\/uploads\/2023\/01\/IMG-20230102-WA0103.jpg","_links":{"self":[{"href":"http:\/\/vertienteglobal.com\/index.php?rest_route=\/wp\/v2\/posts\/211375","targetHints":{"allow":["GET"]}}],"collection":[{"href":"http:\/\/vertienteglobal.com\/index.php?rest_route=\/wp\/v2\/posts"}],"about":[{"href":"http:\/\/vertienteglobal.com\/index.php?rest_route=\/wp\/v2\/types\/post"}],"author":[{"embeddable":true,"href":"http:\/\/vertienteglobal.com\/index.php?rest_route=\/wp\/v2\/users\/1"}],"replies":[{"embeddable":true,"href":"http:\/\/vertienteglobal.com\/index.php?rest_route=%2Fwp%2Fv2%2Fcomments&post=211375"}],"version-history":[{"count":0,"href":"http:\/\/vertienteglobal.com\/index.php?rest_route=\/wp\/v2\/posts\/211375\/revisions"}],"wp:featuredmedia":[{"embeddable":true,"href":"http:\/\/vertienteglobal.com\/index.php?rest_route=\/wp\/v2\/media\/211376"}],"wp:attachment":[{"href":"http:\/\/vertienteglobal.com\/index.php?rest_route=%2Fwp%2Fv2%2Fmedia&parent=211375"}],"wp:term":[{"taxonomy":"category","embeddable":true,"href":"http:\/\/vertienteglobal.com\/index.php?rest_route=%2Fwp%2Fv2%2Fcategories&post=211375"},{"taxonomy":"post_tag","embeddable":true,"href":"http:\/\/vertienteglobal.com\/index.php?rest_route=%2Fwp%2Fv2%2Ftags&post=211375"}],"curies":[{"name":"wp","href":"https:\/\/api.w.org\/{rel}","templated":true}]}}