{"id":211340,"date":"2023-01-02T09:19:00","date_gmt":"2023-01-02T15:19:00","guid":{"rendered":"http:\/\/vertienteglobal.com\/?p=211340"},"modified":"2023-01-03T18:47:32","modified_gmt":"2023-01-04T00:47:32","slug":"pago-de-pension-de-adultos-mayores-sera-por-apellido-anuncia-secretaria-de-bienestar","status":"publish","type":"post","link":"http:\/\/vertienteglobal.com\/?p=211340","title":{"rendered":"Pago de pensi\u00f3n de adultos mayores ser\u00e1 por apellido, anuncia Secretar\u00eda de Bienestar"},"content":{"rendered":"\n<div class=\"twitterbutton\" style=\"float: right; padding-left: 5px;\"><a href=\"http:\/\/twitter.com\/share\" class=\"twitter-share-button\" data-count=\"horizontal\" data-text=\"Pago de pensi\u00f3n de adultos mayores ser\u00e1 por apellido, anuncia Secretar\u00eda de B...\" data-via=\"https:\/\/twitter.com\/VertienteGloba1\" data-url=\"http:\/\/vertienteglobal.com\/?p=211340\" data-lang=\"es\" data-related=\"Informaci\u00f3n general:S\u00edguenos para que est\u00e9ss informado\"><\/a><\/div>\n<figure class=\"wp-block-image size-large\"><img loading=\"lazy\" decoding=\"async\" width=\"1024\" height=\"683\" src=\"http:\/\/vertienteglobal.com\/wp-content\/uploads\/2023\/01\/195659.jpg\" alt=\"\" class=\"wp-image-211341\" srcset=\"http:\/\/vertienteglobal.com\/wp-content\/uploads\/2023\/01\/195659.jpg 1024w, http:\/\/vertienteglobal.com\/wp-content\/uploads\/2023\/01\/195659-300x200.jpg 300w, http:\/\/vertienteglobal.com\/wp-content\/uploads\/2023\/01\/195659-150x100.jpg 150w, http:\/\/vertienteglobal.com\/wp-content\/uploads\/2023\/01\/195659-768x512.jpg 768w\" sizes=\"auto, (max-width: 1024px) 100vw, 1024px\" \/><\/figure>\n\n\n\n<p>(Redacci\u00f3n)<\/p>\n\n\n\n<p>Los adultos mayores recibir\u00e1n durante enero la primera dispersi\u00f3n del a\u00f1o que corresponde al bimestre enero-febrero por apellido <\/p>\n\n\n\n<p>Ciudad de M\u00e9xico 2 de enero 2023.-La titular de la Secretar\u00eda de Bienestar, Ariadna Montiel, dio a conocer que a partir de este mes de enero, la pensi\u00f3n de adultos mayores aumentar\u00e1 a 4 mil 800 pesos, y adem\u00e1s, dio a conocer que el pago de este programa se organizar\u00e1 seg\u00fan la primera letra de su primer apellido.<\/p>\n\n\n\n<p>La funcionaria explic\u00f3 que este cambio se realizar\u00e1 con el prop\u00f3sito de mejor la atenci\u00f3n a ciudadanos, debido a que se han registrado sucursales bancarias saturadas.<\/p>\n\n\n\n<p>Los adultos mayores recibir\u00e1n durante enero la primera dispersi\u00f3n del a\u00f1o que corresponde al bimestre enero-febrero, de acuerdo a la siguiente calendarizaci\u00f3n:<\/p>\n\n\n\n<p>\u201cQuienes inicien su apellido, su primer apellido con la letra A, B y C, van a recibir su dispersi\u00f3n, su pago, su dep\u00f3sito en su tarjeta el mi\u00e9rcoles 4 de enero; quienes inicien su apellido con la letra D, E, F, G y H el jueves 5 de enero; quienes inicien su apellido con la letra I, J, K, L y M, el viernes 6; para quienes su apellido inicia con la letra N, \u00d1, O, P, Q y R, el lunes 9 de enero y quienes inicen su apellido inicial con las letras S, T, U, V, W, X, Y y Z el martes 10\u201d, detall\u00f3.<\/p>\n\n\n\n<figure class=\"wp-block-image size-large\"><img loading=\"lazy\" decoding=\"async\" width=\"601\" height=\"385\" src=\"http:\/\/vertienteglobal.com\/wp-content\/uploads\/2023\/01\/Calendario-pagos-adultos-mayores.jpg\" alt=\"\" class=\"wp-image-211342\" srcset=\"http:\/\/vertienteglobal.com\/wp-content\/uploads\/2023\/01\/Calendario-pagos-adultos-mayores.jpg 601w, http:\/\/vertienteglobal.com\/wp-content\/uploads\/2023\/01\/Calendario-pagos-adultos-mayores-300x192.jpg 300w, http:\/\/vertienteglobal.com\/wp-content\/uploads\/2023\/01\/Calendario-pagos-adultos-mayores-150x96.jpg 150w\" sizes=\"auto, (max-width: 601px) 100vw, 601px\" \/><\/figure>\n","protected":false},"excerpt":{"rendered":"<p>(Redacci\u00f3n) Los adultos mayores recibir\u00e1n durante enero la primera dispersi\u00f3n del a\u00f1o que corresponde al bimestre enero-febrero por apellido Ciudad de M\u00e9xico 2 de enero 2023.-La titular de la Secretar\u00eda de Bienestar, Ariadna Montiel, dio a conocer que a partir de este mes de enero, la pensi\u00f3n de adultos mayores aumentar\u00e1 a 4 mil 800 [&hellip;]<\/p>\n","protected":false},"author":1,"featured_media":211341,"comment_status":"open","ping_status":"open","sticky":false,"template":"","format":"standard","meta":{"footnotes":""},"categories":[8],"tags":[],"class_list":["post-211340","post","type-post","status-publish","format-standard","has-post-thumbnail","hentry","category-pais","entry","has-media"],"jetpack_featured_media_url":"http:\/\/vertienteglobal.com\/wp-content\/uploads\/2023\/01\/195659.jpg","_links":{"self":[{"href":"http:\/\/vertienteglobal.com\/index.php?rest_route=\/wp\/v2\/posts\/211340","targetHints":{"allow":["GET"]}}],"collection":[{"href":"http:\/\/vertienteglobal.com\/index.php?rest_route=\/wp\/v2\/posts"}],"about":[{"href":"http:\/\/vertienteglobal.com\/index.php?rest_route=\/wp\/v2\/types\/post"}],"author":[{"embeddable":true,"href":"http:\/\/vertienteglobal.com\/index.php?rest_route=\/wp\/v2\/users\/1"}],"replies":[{"embeddable":true,"href":"http:\/\/vertienteglobal.com\/index.php?rest_route=%2Fwp%2Fv2%2Fcomments&post=211340"}],"version-history":[{"count":0,"href":"http:\/\/vertienteglobal.com\/index.php?rest_route=\/wp\/v2\/posts\/211340\/revisions"}],"wp:featuredmedia":[{"embeddable":true,"href":"http:\/\/vertienteglobal.com\/index.php?rest_route=\/wp\/v2\/media\/211341"}],"wp:attachment":[{"href":"http:\/\/vertienteglobal.com\/index.php?rest_route=%2Fwp%2Fv2%2Fmedia&parent=211340"}],"wp:term":[{"taxonomy":"category","embeddable":true,"href":"http:\/\/vertienteglobal.com\/index.php?rest_route=%2Fwp%2Fv2%2Fcategories&post=211340"},{"taxonomy":"post_tag","embeddable":true,"href":"http:\/\/vertienteglobal.com\/index.php?rest_route=%2Fwp%2Fv2%2Ftags&post=211340"}],"curies":[{"name":"wp","href":"https:\/\/api.w.org\/{rel}","templated":true}]}}