{"id":211290,"date":"2023-01-01T15:52:00","date_gmt":"2023-01-01T21:52:00","guid":{"rendered":"http:\/\/vertienteglobal.com\/?p=211290"},"modified":"2023-01-03T18:47:54","modified_gmt":"2023-01-04T00:47:54","slug":"impulsa-iqm-la-autonomia-economica-de-las-mujeres","status":"publish","type":"post","link":"http:\/\/vertienteglobal.com\/?p=211290","title":{"rendered":"Impulsa IQM la autonom\u00eda econ\u00f3mica de las mujeres"},"content":{"rendered":"\n<div class=\"twitterbutton\" style=\"float: right; padding-left: 5px;\"><a href=\"http:\/\/twitter.com\/share\" class=\"twitter-share-button\" data-count=\"horizontal\" data-text=\"Impulsa IQM la autonom\u00eda econ\u00f3mica de las mujeres\" data-via=\"https:\/\/twitter.com\/VertienteGloba1\" data-url=\"http:\/\/vertienteglobal.com\/?p=211290\" data-lang=\"es\" data-related=\"Informaci\u00f3n general:S\u00edguenos para que est\u00e9ss informado\"><\/a><\/div>\n<figure class=\"wp-block-image size-large\"><img loading=\"lazy\" decoding=\"async\" width=\"1024\" height=\"683\" src=\"http:\/\/vertienteglobal.com\/wp-content\/uploads\/2023\/01\/IQM-Impulsa-01-1024x683.jpeg\" alt=\"\" class=\"wp-image-211291\" srcset=\"http:\/\/vertienteglobal.com\/wp-content\/uploads\/2023\/01\/IQM-Impulsa-01-1024x683.jpeg 1024w, http:\/\/vertienteglobal.com\/wp-content\/uploads\/2023\/01\/IQM-Impulsa-01-300x200.jpeg 300w, http:\/\/vertienteglobal.com\/wp-content\/uploads\/2023\/01\/IQM-Impulsa-01-150x100.jpeg 150w, http:\/\/vertienteglobal.com\/wp-content\/uploads\/2023\/01\/IQM-Impulsa-01-768x512.jpeg 768w, http:\/\/vertienteglobal.com\/wp-content\/uploads\/2023\/01\/IQM-Impulsa-01.jpeg 1080w\" sizes=\"auto, (max-width: 1024px) 100vw, 1024px\" \/><\/figure>\n\n\n\n<p>(Redaccion)<\/p>\n\n\n\n<p>Con la Feria Manos Emprendedoras las mujeres promocionan y dan a conocer sus productos<\/p>\n\n\n\n<p>Chetumal, Quintana Roo 01 de enero 2023.- Para impulsar la autonom\u00eda econ\u00f3mica de las mujeres, as\u00ed como promocionar sus productos, el Instituto Quintanarroense de la Mujer (IQM), durante este \u00faltimo trimestre del a\u00f1o, organiz\u00f3 113 Ferias de Manos Emprendedoras, donde participaron 611 mujeres de ocho los municipios.<\/p>\n\n\n\n<p>En este gobierno que encabeza la gobernadora Mara Lezama Espinosa impulsamos la autonom\u00eda econ\u00f3mica de las mujeres con el Nuevo Acuerdo por el Bienestar y Desarrollo de Quintana Roo nuestro compromiso es trabajar a favor de las mujeres, para lograr una verdadera transformaci\u00f3n de igualdad de oportunidades para todas y todos, se\u00f1al\u00f3 la directora general del IQM, Mar\u00eda Hadad Castillo.<\/p>\n\n\n\n<p>Es por ello que manera mensual y quincenal el IQM realiza la Feria Manos Emprendedoras, donde participan mujeres microempresarias para dar a conocer, promover y comercializar los productos naturales y artesanales que elaboran, dijo.<\/p>\n\n\n\n<p>Cabe mencionar que, para contribuir a la autonom\u00eda econ\u00f3mica y toma de decisiones de las mujeres quintanarroenses, brindamos asesor\u00edas y orientaci\u00f3n otorgada a 493 mujeres emprendedoras para iniciar o fortalecer sus proyectos econ\u00f3micos, incluyendo talleres sobre educaci\u00f3n financiera.<\/p>\n\n\n\n<p>La directora general del IQM, puntualiz\u00f3 que se realizaron talleres de capacitaci\u00f3n para el empleo y el trabajo en beneficio de 65 mujeres con ense\u00f1anza de servicios para el cuidado personal, reposter\u00eda y manualidades, tambi\u00e9n talleres sobre el empoderamiento femenino, participaron 91 mujeres.<\/p>\n\n\n\n<p>Finalmente reconoci\u00f3 que con estas acciones el IQM contribuye a mejorar su calidad de vida de las mujeres y su familia, a fin de generar formas de ingresos y crearles un espacio para la promoci\u00f3n de sus capacidades de las mujeres emprendedoras quintanarroenses.<\/p>\n\n\n\n<figure class=\"wp-block-image size-large\"><img loading=\"lazy\" decoding=\"async\" width=\"585\" height=\"379\" src=\"http:\/\/vertienteglobal.com\/wp-content\/uploads\/2023\/01\/IQM-Impulsa-02-585x379-1.jpeg\" alt=\"\" class=\"wp-image-211292\" srcset=\"http:\/\/vertienteglobal.com\/wp-content\/uploads\/2023\/01\/IQM-Impulsa-02-585x379-1.jpeg 585w, http:\/\/vertienteglobal.com\/wp-content\/uploads\/2023\/01\/IQM-Impulsa-02-585x379-1-300x194.jpeg 300w, http:\/\/vertienteglobal.com\/wp-content\/uploads\/2023\/01\/IQM-Impulsa-02-585x379-1-150x97.jpeg 150w\" sizes=\"auto, (max-width: 585px) 100vw, 585px\" \/><\/figure>\n\n\n\n<figure class=\"wp-block-image size-large\"><img loading=\"lazy\" decoding=\"async\" width=\"585\" height=\"440\" src=\"http:\/\/vertienteglobal.com\/wp-content\/uploads\/2023\/01\/IQM-Impulsa-03-585x440-1.jpeg\" alt=\"\" class=\"wp-image-211293\" srcset=\"http:\/\/vertienteglobal.com\/wp-content\/uploads\/2023\/01\/IQM-Impulsa-03-585x440-1.jpeg 585w, http:\/\/vertienteglobal.com\/wp-content\/uploads\/2023\/01\/IQM-Impulsa-03-585x440-1-300x226.jpeg 300w, http:\/\/vertienteglobal.com\/wp-content\/uploads\/2023\/01\/IQM-Impulsa-03-585x440-1-150x113.jpeg 150w\" sizes=\"auto, (max-width: 585px) 100vw, 585px\" \/><\/figure>\n","protected":false},"excerpt":{"rendered":"<p>(Redaccion) Con la Feria Manos Emprendedoras las mujeres promocionan y dan a conocer sus productos Chetumal, Quintana Roo 01 de enero 2023.- Para impulsar la autonom\u00eda econ\u00f3mica de las mujeres, as\u00ed como promocionar sus productos, el Instituto Quintanarroense de la Mujer (IQM), durante este \u00faltimo trimestre del a\u00f1o, organiz\u00f3 113 Ferias de Manos Emprendedoras, donde [&hellip;]<\/p>\n","protected":false},"author":1,"featured_media":211291,"comment_status":"open","ping_status":"open","sticky":false,"template":"","format":"standard","meta":{"footnotes":""},"categories":[3],"tags":[],"class_list":["post-211290","post","type-post","status-publish","format-standard","has-post-thumbnail","hentry","category-quintana-roo","entry","has-media"],"jetpack_featured_media_url":"http:\/\/vertienteglobal.com\/wp-content\/uploads\/2023\/01\/IQM-Impulsa-01.jpeg","_links":{"self":[{"href":"http:\/\/vertienteglobal.com\/index.php?rest_route=\/wp\/v2\/posts\/211290","targetHints":{"allow":["GET"]}}],"collection":[{"href":"http:\/\/vertienteglobal.com\/index.php?rest_route=\/wp\/v2\/posts"}],"about":[{"href":"http:\/\/vertienteglobal.com\/index.php?rest_route=\/wp\/v2\/types\/post"}],"author":[{"embeddable":true,"href":"http:\/\/vertienteglobal.com\/index.php?rest_route=\/wp\/v2\/users\/1"}],"replies":[{"embeddable":true,"href":"http:\/\/vertienteglobal.com\/index.php?rest_route=%2Fwp%2Fv2%2Fcomments&post=211290"}],"version-history":[{"count":0,"href":"http:\/\/vertienteglobal.com\/index.php?rest_route=\/wp\/v2\/posts\/211290\/revisions"}],"wp:featuredmedia":[{"embeddable":true,"href":"http:\/\/vertienteglobal.com\/index.php?rest_route=\/wp\/v2\/media\/211291"}],"wp:attachment":[{"href":"http:\/\/vertienteglobal.com\/index.php?rest_route=%2Fwp%2Fv2%2Fmedia&parent=211290"}],"wp:term":[{"taxonomy":"category","embeddable":true,"href":"http:\/\/vertienteglobal.com\/index.php?rest_route=%2Fwp%2Fv2%2Fcategories&post=211290"},{"taxonomy":"post_tag","embeddable":true,"href":"http:\/\/vertienteglobal.com\/index.php?rest_route=%2Fwp%2Fv2%2Ftags&post=211290"}],"curies":[{"name":"wp","href":"https:\/\/api.w.org\/{rel}","templated":true}]}}