{"id":211278,"date":"2023-01-01T19:24:00","date_gmt":"2023-01-02T01:24:00","guid":{"rendered":"http:\/\/vertienteglobal.com\/?p=211278"},"modified":"2023-01-03T18:47:52","modified_gmt":"2023-01-04T00:47:52","slug":"mas-de-80-mdp-se-destinaran-para-calles-parques-y-cultura-de-chetumalenos","status":"publish","type":"post","link":"http:\/\/vertienteglobal.com\/?p=211278","title":{"rendered":"M\u00e1s de 80 MDP se destinar\u00e1n para calles, parques y cultura de chetumale\u00f1os"},"content":{"rendered":"\n<div class=\"twitterbutton\" style=\"float: right; padding-left: 5px;\"><a href=\"http:\/\/twitter.com\/share\" class=\"twitter-share-button\" data-count=\"horizontal\" data-text=\"M\u00e1s de 80 MDP se destinar\u00e1n para calles, parques y cultura de chetumale\u00f1os\" data-via=\"https:\/\/twitter.com\/VertienteGloba1\" data-url=\"http:\/\/vertienteglobal.com\/?p=211278\" data-lang=\"es\" data-related=\"Informaci\u00f3n general:S\u00edguenos para que est\u00e9ss informado\"><\/a><\/div>\n<figure class=\"wp-block-image size-large\"><img loading=\"lazy\" decoding=\"async\" width=\"1024\" height=\"682\" src=\"http:\/\/vertienteglobal.com\/wp-content\/uploads\/2023\/01\/ML-Inversion-01-1024x682.jpeg\" alt=\"\" class=\"wp-image-211279\" srcset=\"http:\/\/vertienteglobal.com\/wp-content\/uploads\/2023\/01\/ML-Inversion-01-1024x682.jpeg 1024w, http:\/\/vertienteglobal.com\/wp-content\/uploads\/2023\/01\/ML-Inversion-01-300x200.jpeg 300w, http:\/\/vertienteglobal.com\/wp-content\/uploads\/2023\/01\/ML-Inversion-01-150x100.jpeg 150w, http:\/\/vertienteglobal.com\/wp-content\/uploads\/2023\/01\/ML-Inversion-01-768x512.jpeg 768w, http:\/\/vertienteglobal.com\/wp-content\/uploads\/2023\/01\/ML-Inversion-01-1536x1023.jpeg 1536w, http:\/\/vertienteglobal.com\/wp-content\/uploads\/2023\/01\/ML-Inversion-01.jpeg 1600w\" sizes=\"auto, (max-width: 1024px) 100vw, 1024px\" \/><\/figure>\n\n\n\n<p>(Redaccion)<\/p>\n\n\n\n<p>Vamos a recuperar el brillo de nuestra capital con mejores espacios para sus ciudadanos, afirma la gobernadora Mara Lezama Espinosa<\/p>\n\n\n\n<p>Chetumal, Quintana Roo 01 de enero 2023.- Para devolverle el brillo al sur del estado, la gobernadora Mara Lezama Espinosa invierte m\u00e1s de 83 millones de pesos en obras que transformar\u00e1n la vida de los chetumale\u00f1os, como son calles, parques y espacios culturales.<\/p>\n\n\n\n<p>Mara Lezama realiza trabajos de supervisi\u00f3n en las obras que se llevan a cabo en colonias populares de la capital del estado que pronto recuperar\u00e1 su grandeza y esplendor con un gobierno humanista y progresista.<\/p>\n\n\n\n<p>La inversi\u00f3n que la Gobernadora ha destinado para este paquete de obras contribuye a generar progreso compartido, con base en el Nuevo Acuerdo por el Bienestar y Desarrollo.<\/p>\n\n\n\n<p>La inversi\u00f3n se realiza en obras como la pavimentaci\u00f3n de la Felipe Carrillo Puerto entre Jes\u00fas Urueta e Ignacio Ram\u00edrez, con guarniciones y banquetas; rehabilitaci\u00f3n de la On\u00e9simo Poot entre Isaac Medina y Cornelio Liz\u00e1rraga; Siglo XX entre calle 9 y Jos\u00e9 Marrufo; Celul entre Fais\u00e1n y Rojo G\u00f3mez y Celul entre Colibr\u00ed y Chachalaca.<\/p>\n\n\n\n<p>Adem\u00e1s, la Roma entre Mill\u00e1n y Andr\u00e9s Quintana Roo, que contempla perforaci\u00f3n de pozos; la pavimentaci\u00f3n de la Calzada Veracruz, entre Puct\u00e9 y avenida Ignacio Comonfort; rehabilitaci\u00f3n de la Antonio Coria entre Corozal y Belice, as\u00ed como la Ignacio Comonfort entre Heriberto Fr\u00edas y Avenida Universidad.<\/p>\n\n\n\n<p>Solo en vialidades, la inversi\u00f3n es de 45 millones 983 mil 946 pesos.<\/p>\n\n\n\n<p>En relaci\u00f3n con los parques para mejorar la imagen urbana de Chetumal y rescatar espacios p\u00fablicos en beneficio de la gente, se encuentran el Caribe 1, del fraccionamiento Caribe; Proterritorio 1, de la colonia del mismo nombre; De la mujer en la colonia Miraflores, Lagunitas, H\u00e1bitat 1 de la colonia Territorio Federal, el Aaron Merino \u201cprimera etapa\u201d de la colonia Adolfo L\u00f3pez Mateos, y el domo Pacto Obrero de la misma colonia.<\/p>\n\n\n\n<p>La inversi\u00f3n para estos parques es de 32 millones 839 mil 880 pesos.<\/p>\n\n\n\n<p>Asimismo, los espacios culturales que son atendidos con cuatro millones 799 mil 411 pesos son el Teatro Minerva y el Corredor del Arte.<\/p>\n\n\n\n<p>Con este paquete de obras se confirma que la transformaci\u00f3n ya est\u00e1 en marcha y las acciones est\u00e1n enfocadas a atender a quienes m\u00e1s lo necesitan, con un cambio profundo y verdadero.<\/p>\n\n\n\n<figure class=\"wp-block-image size-large\"><img loading=\"lazy\" decoding=\"async\" width=\"585\" height=\"390\" src=\"http:\/\/vertienteglobal.com\/wp-content\/uploads\/2023\/01\/ML-Inversion-02-585x390-1.jpeg\" alt=\"\" class=\"wp-image-211280\" srcset=\"http:\/\/vertienteglobal.com\/wp-content\/uploads\/2023\/01\/ML-Inversion-02-585x390-1.jpeg 585w, http:\/\/vertienteglobal.com\/wp-content\/uploads\/2023\/01\/ML-Inversion-02-585x390-1-300x200.jpeg 300w, http:\/\/vertienteglobal.com\/wp-content\/uploads\/2023\/01\/ML-Inversion-02-585x390-1-150x100.jpeg 150w\" sizes=\"auto, (max-width: 585px) 100vw, 585px\" \/><\/figure>\n\n\n\n<figure class=\"wp-block-image size-large\"><img loading=\"lazy\" decoding=\"async\" width=\"585\" height=\"390\" src=\"http:\/\/vertienteglobal.com\/wp-content\/uploads\/2023\/01\/ML-Inversion-04-585x390-1.jpeg\" alt=\"\" class=\"wp-image-211281\" srcset=\"http:\/\/vertienteglobal.com\/wp-content\/uploads\/2023\/01\/ML-Inversion-04-585x390-1.jpeg 585w, http:\/\/vertienteglobal.com\/wp-content\/uploads\/2023\/01\/ML-Inversion-04-585x390-1-300x200.jpeg 300w, http:\/\/vertienteglobal.com\/wp-content\/uploads\/2023\/01\/ML-Inversion-04-585x390-1-150x100.jpeg 150w\" sizes=\"auto, (max-width: 585px) 100vw, 585px\" \/><\/figure>\n\n\n\n<figure class=\"wp-block-image size-large\"><img loading=\"lazy\" decoding=\"async\" width=\"585\" height=\"390\" src=\"http:\/\/vertienteglobal.com\/wp-content\/uploads\/2023\/01\/ML-Inversion-06-585x390-1.jpeg\" alt=\"\" class=\"wp-image-211282\" srcset=\"http:\/\/vertienteglobal.com\/wp-content\/uploads\/2023\/01\/ML-Inversion-06-585x390-1.jpeg 585w, http:\/\/vertienteglobal.com\/wp-content\/uploads\/2023\/01\/ML-Inversion-06-585x390-1-300x200.jpeg 300w, http:\/\/vertienteglobal.com\/wp-content\/uploads\/2023\/01\/ML-Inversion-06-585x390-1-150x100.jpeg 150w\" sizes=\"auto, (max-width: 585px) 100vw, 585px\" \/><\/figure>\n\n\n\n<figure class=\"wp-block-image size-large\"><img loading=\"lazy\" decoding=\"async\" width=\"585\" height=\"390\" src=\"http:\/\/vertienteglobal.com\/wp-content\/uploads\/2023\/01\/ML-Inversion-07-585x390-1.jpeg\" alt=\"\" class=\"wp-image-211283\" srcset=\"http:\/\/vertienteglobal.com\/wp-content\/uploads\/2023\/01\/ML-Inversion-07-585x390-1.jpeg 585w, http:\/\/vertienteglobal.com\/wp-content\/uploads\/2023\/01\/ML-Inversion-07-585x390-1-300x200.jpeg 300w, http:\/\/vertienteglobal.com\/wp-content\/uploads\/2023\/01\/ML-Inversion-07-585x390-1-150x100.jpeg 150w\" sizes=\"auto, (max-width: 585px) 100vw, 585px\" \/><\/figure>\n\n\n\n<figure class=\"wp-block-image size-large\"><img loading=\"lazy\" decoding=\"async\" width=\"585\" height=\"390\" src=\"http:\/\/vertienteglobal.com\/wp-content\/uploads\/2023\/01\/ML-Inversion-08-585x390-1.jpeg\" alt=\"\" class=\"wp-image-211284\" srcset=\"http:\/\/vertienteglobal.com\/wp-content\/uploads\/2023\/01\/ML-Inversion-08-585x390-1.jpeg 585w, http:\/\/vertienteglobal.com\/wp-content\/uploads\/2023\/01\/ML-Inversion-08-585x390-1-300x200.jpeg 300w, http:\/\/vertienteglobal.com\/wp-content\/uploads\/2023\/01\/ML-Inversion-08-585x390-1-150x100.jpeg 150w\" sizes=\"auto, (max-width: 585px) 100vw, 585px\" \/><\/figure>\n","protected":false},"excerpt":{"rendered":"<p>(Redaccion) Vamos a recuperar el brillo de nuestra capital con mejores espacios para sus ciudadanos, afirma la gobernadora Mara Lezama Espinosa Chetumal, Quintana Roo 01 de enero 2023.- Para devolverle el brillo al sur del estado, la gobernadora Mara Lezama Espinosa invierte m\u00e1s de 83 millones de pesos en obras que transformar\u00e1n la vida de [&hellip;]<\/p>\n","protected":false},"author":1,"featured_media":211279,"comment_status":"open","ping_status":"open","sticky":false,"template":"","format":"standard","meta":{"footnotes":""},"categories":[3],"tags":[],"class_list":["post-211278","post","type-post","status-publish","format-standard","has-post-thumbnail","hentry","category-quintana-roo","entry","has-media"],"jetpack_featured_media_url":"http:\/\/vertienteglobal.com\/wp-content\/uploads\/2023\/01\/ML-Inversion-01.jpeg","_links":{"self":[{"href":"http:\/\/vertienteglobal.com\/index.php?rest_route=\/wp\/v2\/posts\/211278","targetHints":{"allow":["GET"]}}],"collection":[{"href":"http:\/\/vertienteglobal.com\/index.php?rest_route=\/wp\/v2\/posts"}],"about":[{"href":"http:\/\/vertienteglobal.com\/index.php?rest_route=\/wp\/v2\/types\/post"}],"author":[{"embeddable":true,"href":"http:\/\/vertienteglobal.com\/index.php?rest_route=\/wp\/v2\/users\/1"}],"replies":[{"embeddable":true,"href":"http:\/\/vertienteglobal.com\/index.php?rest_route=%2Fwp%2Fv2%2Fcomments&post=211278"}],"version-history":[{"count":0,"href":"http:\/\/vertienteglobal.com\/index.php?rest_route=\/wp\/v2\/posts\/211278\/revisions"}],"wp:featuredmedia":[{"embeddable":true,"href":"http:\/\/vertienteglobal.com\/index.php?rest_route=\/wp\/v2\/media\/211279"}],"wp:attachment":[{"href":"http:\/\/vertienteglobal.com\/index.php?rest_route=%2Fwp%2Fv2%2Fmedia&parent=211278"}],"wp:term":[{"taxonomy":"category","embeddable":true,"href":"http:\/\/vertienteglobal.com\/index.php?rest_route=%2Fwp%2Fv2%2Fcategories&post=211278"},{"taxonomy":"post_tag","embeddable":true,"href":"http:\/\/vertienteglobal.com\/index.php?rest_route=%2Fwp%2Fv2%2Ftags&post=211278"}],"curies":[{"name":"wp","href":"https:\/\/api.w.org\/{rel}","templated":true}]}}