{"id":211246,"date":"2022-12-30T20:24:00","date_gmt":"2022-12-31T02:24:00","guid":{"rendered":"http:\/\/vertienteglobal.com\/?p=211246"},"modified":"2023-01-03T18:48:11","modified_gmt":"2023-01-04T00:48:11","slug":"infonavit-amplia-horario-para-cambiar-creditos-en-salarios-minimos-a-pesos","status":"publish","type":"post","link":"http:\/\/vertienteglobal.com\/?p=211246","title":{"rendered":"Infonavit ampl\u00eda horario para cambiar cr\u00e9ditos en salarios m\u00ednimos a pesos"},"content":{"rendered":"\n<div class=\"twitterbutton\" style=\"float: right; padding-left: 5px;\"><a href=\"http:\/\/twitter.com\/share\" class=\"twitter-share-button\" data-count=\"horizontal\" data-text=\"Infonavit ampl\u00eda horario para cambiar cr\u00e9ditos en salarios m\u00ednimos a pesos\" data-via=\"https:\/\/twitter.com\/VertienteGloba1\" data-url=\"http:\/\/vertienteglobal.com\/?p=211246\" data-lang=\"es\" data-related=\"Informaci\u00f3n general:S\u00edguenos para que est\u00e9ss informado\"><\/a><\/div>\n<figure class=\"wp-block-image size-large\"><img loading=\"lazy\" decoding=\"async\" width=\"1024\" height=\"683\" src=\"http:\/\/vertienteglobal.com\/wp-content\/uploads\/2022\/12\/195551.jpg\" alt=\"\" class=\"wp-image-211247\" srcset=\"http:\/\/vertienteglobal.com\/wp-content\/uploads\/2022\/12\/195551.jpg 1024w, http:\/\/vertienteglobal.com\/wp-content\/uploads\/2022\/12\/195551-300x200.jpg 300w, http:\/\/vertienteglobal.com\/wp-content\/uploads\/2022\/12\/195551-150x100.jpg 150w, http:\/\/vertienteglobal.com\/wp-content\/uploads\/2022\/12\/195551-768x512.jpg 768w\" sizes=\"auto, (max-width: 1024px) 100vw, 1024px\" \/><\/figure>\n\n\n\n<p>(Redacci\u00f3n)<\/p>\n\n\n\n<p>Con el cambio de su financiamiento a pesos, las personas acreditadas evitan que tanto el saldo como las mensualidades de su cr\u00e9dito se incrementen en 2023 con el ajuste de la inflaci\u00f3n<\/p>\n\n\n\n<p>Ciudad de M\u00e9xico 30 de diciembre 2022.-A trav\u00e9s de un comunicado, el Instituto del Fondo Nacional de la Vivienda para los Trabajadores (Infonavit) informa que este viernes 30 de diciembre de 2022, los 89 Centros de Servicio en todo el pa\u00eds ampliar\u00e1n su horario de servicio hasta las 18:30 horas.<\/p>\n\n\n\n<p>El motivo es que una gran cantidad de personas se han presentado en las oficinas de servicio del Infonavit en todo el pa\u00eds buscando asesor\u00edas para cambiar su cr\u00e9dito en Veces Salario M\u00ednimo (VSM) a pesos a trav\u00e9s del programa Responsabilidad Compartida.<\/p>\n\n\n\n<p>Con el cambio de su financiamiento a pesos, las personas acreditadas evitan que tanto el saldo como las mensualidades de su cr\u00e9dito se incrementen en 2023 con el ajuste de la inflaci\u00f3n.<\/p>\n\n\n\n<p>Cabe mencionar que el tr\u00e1mite para dicha conversi\u00f3n puede realizarse de forma gratuita, sencilla y segura a trav\u00e9s de Mi Cuenta Infonavit.<\/p>\n\n\n\n<p>Solo se necesita:<\/p>\n\n\n\n<p>Acceder a Mi Cuenta Infonavit (micuenta.infonavit.org.mx).<br>Elegir la pesta\u00f1a Mi Cr\u00e9dito y despu\u00e9s Responsabilidad Compartida.<br>Ingresar el estado y el c\u00f3digo postal en donde se encuentra la vivienda<br>Hacer clic en Tr\u00e1mite y seleccionar la columna de Responsabilidad Compartida.<\/p>\n\n\n\n<p>Confirmar el tr\u00e1mite, guardar e imprimir el acuse con el monto de la mensualidad fija con la conversi\u00f3n a pesos.(Fuente:Infobae)<\/p>\n","protected":false},"excerpt":{"rendered":"<p>(Redacci\u00f3n) Con el cambio de su financiamiento a pesos, las personas acreditadas evitan que tanto el saldo como las mensualidades de su cr\u00e9dito se incrementen en 2023 con el ajuste de la inflaci\u00f3n Ciudad de M\u00e9xico 30 de diciembre 2022.-A trav\u00e9s de un comunicado, el Instituto del Fondo Nacional de la Vivienda para los Trabajadores [&hellip;]<\/p>\n","protected":false},"author":1,"featured_media":211247,"comment_status":"open","ping_status":"open","sticky":false,"template":"","format":"standard","meta":{"footnotes":""},"categories":[8],"tags":[],"class_list":["post-211246","post","type-post","status-publish","format-standard","has-post-thumbnail","hentry","category-pais","entry","has-media"],"jetpack_featured_media_url":"http:\/\/vertienteglobal.com\/wp-content\/uploads\/2022\/12\/195551.jpg","_links":{"self":[{"href":"http:\/\/vertienteglobal.com\/index.php?rest_route=\/wp\/v2\/posts\/211246","targetHints":{"allow":["GET"]}}],"collection":[{"href":"http:\/\/vertienteglobal.com\/index.php?rest_route=\/wp\/v2\/posts"}],"about":[{"href":"http:\/\/vertienteglobal.com\/index.php?rest_route=\/wp\/v2\/types\/post"}],"author":[{"embeddable":true,"href":"http:\/\/vertienteglobal.com\/index.php?rest_route=\/wp\/v2\/users\/1"}],"replies":[{"embeddable":true,"href":"http:\/\/vertienteglobal.com\/index.php?rest_route=%2Fwp%2Fv2%2Fcomments&post=211246"}],"version-history":[{"count":0,"href":"http:\/\/vertienteglobal.com\/index.php?rest_route=\/wp\/v2\/posts\/211246\/revisions"}],"wp:featuredmedia":[{"embeddable":true,"href":"http:\/\/vertienteglobal.com\/index.php?rest_route=\/wp\/v2\/media\/211247"}],"wp:attachment":[{"href":"http:\/\/vertienteglobal.com\/index.php?rest_route=%2Fwp%2Fv2%2Fmedia&parent=211246"}],"wp:term":[{"taxonomy":"category","embeddable":true,"href":"http:\/\/vertienteglobal.com\/index.php?rest_route=%2Fwp%2Fv2%2Fcategories&post=211246"},{"taxonomy":"post_tag","embeddable":true,"href":"http:\/\/vertienteglobal.com\/index.php?rest_route=%2Fwp%2Fv2%2Ftags&post=211246"}],"curies":[{"name":"wp","href":"https:\/\/api.w.org\/{rel}","templated":true}]}}