{"id":210531,"date":"2022-12-17T12:56:53","date_gmt":"2022-12-17T18:56:53","guid":{"rendered":"http:\/\/vertienteglobal.com\/?p=210531"},"modified":"2022-12-17T12:56:53","modified_gmt":"2022-12-17T18:56:53","slug":"twitter-restaura-las-cuentas-de-varios-periodistas-que-habia-suspendido","status":"publish","type":"post","link":"http:\/\/vertienteglobal.com\/?p=210531","title":{"rendered":"Twitter restaura las cuentas de varios periodistas que hab\u00eda suspendido"},"content":{"rendered":"\n<div class=\"twitterbutton\" style=\"float: right; padding-left: 5px;\"><a href=\"http:\/\/twitter.com\/share\" class=\"twitter-share-button\" data-count=\"horizontal\" data-text=\"Twitter restaura las cuentas de varios periodistas que hab\u00eda suspendido\" data-via=\"https:\/\/twitter.com\/VertienteGloba1\" data-url=\"http:\/\/vertienteglobal.com\/?p=210531\" data-lang=\"es\" data-related=\"Informaci\u00f3n general:S\u00edguenos para que est\u00e9ss informado\"><\/a><\/div>\n<figure class=\"wp-block-image size-large\"><img loading=\"lazy\" decoding=\"async\" width=\"1024\" height=\"683\" src=\"http:\/\/vertienteglobal.com\/wp-content\/uploads\/2022\/12\/194709.jpg\" alt=\"\" class=\"wp-image-210532\" srcset=\"http:\/\/vertienteglobal.com\/wp-content\/uploads\/2022\/12\/194709.jpg 1024w, http:\/\/vertienteglobal.com\/wp-content\/uploads\/2022\/12\/194709-300x200.jpg 300w, http:\/\/vertienteglobal.com\/wp-content\/uploads\/2022\/12\/194709-150x100.jpg 150w, http:\/\/vertienteglobal.com\/wp-content\/uploads\/2022\/12\/194709-768x512.jpg 768w\" sizes=\"auto, (max-width: 1024px) 100vw, 1024px\" \/><\/figure>\n\n\n\n<p>(Redacci\u00f3n)<\/p>\n\n\n\n<p>Las suspensiones hab\u00edan sido criticadas por varios Gobiernos y organizaciones internacionales como un posible ataque a la libertad de prensa<\/p>\n\n\n\n<p>Ciudad de M\u00e9xico 17 de diciembre 2022.-Este s\u00e1bado, Twitter restaur\u00f3 en las \u00faltimas horas las cuentas de varios periodistas que hab\u00edan sido suspendidas despu\u00e9s de que el due\u00f1o de la red social, Elon Musk, los acusara de compartir detalles sobre sus movimientos y de poner en peligro a su familia.<\/p>\n\n\n\n<p>El levantamiento de las suspensiones fue anunciado por el propio Musk tras consultar a sus seguidores en una encuesta, en la que les pregunt\u00f3 si usuarios que hab\u00edan compartido su ubicaci\u00f3n en tiempo real deb\u00edan poder volver a contar con sus cuentas inmediatamente o en siete d\u00edas.<\/p>\n\n\n\n<p>&#8216;El pueblo ha hablado. Las cuentas que publicaron mi ubicaci\u00f3n ver\u00e1n su suspensi\u00f3n levantada ahora&#8217;, dijo el empresario en un tuit despu\u00e9s de que casi un 59 % de los m\u00e1s de 3 millones de votos que se registraron en la consulta se inclinaron por esa opci\u00f3n.<\/p>\n\n\n\n<p>Las suspensiones hab\u00edan sido criticadas por varios Gobiernos y organizaciones internacionales como un posible ataque a la libertad de prensa.<\/p>\n\n\n\n<p>A primera hora del s\u00e1bado, la mayor parte de las cuentas de periodistas que hab\u00edan sido bloqueadas -en su mayor\u00eda reporteros especializados en tecnolog\u00eda de medios como The New York Times, The Washington Post y CNN, entre otros- volv\u00edan a estar activas.)Fuente:Infobae)<\/p>\n","protected":false},"excerpt":{"rendered":"<p>(Redacci\u00f3n) Las suspensiones hab\u00edan sido criticadas por varios Gobiernos y organizaciones internacionales como un posible ataque a la libertad de prensa Ciudad de M\u00e9xico 17 de diciembre 2022.-Este s\u00e1bado, Twitter restaur\u00f3 en las \u00faltimas horas las cuentas de varios periodistas que hab\u00edan sido suspendidas despu\u00e9s de que el due\u00f1o de la red social, Elon Musk, [&hellip;]<\/p>\n","protected":false},"author":1,"featured_media":210532,"comment_status":"open","ping_status":"open","sticky":false,"template":"","format":"standard","meta":{"footnotes":""},"categories":[8],"tags":[],"class_list":["post-210531","post","type-post","status-publish","format-standard","has-post-thumbnail","hentry","category-pais","entry","has-media"],"jetpack_featured_media_url":"http:\/\/vertienteglobal.com\/wp-content\/uploads\/2022\/12\/194709.jpg","_links":{"self":[{"href":"http:\/\/vertienteglobal.com\/index.php?rest_route=\/wp\/v2\/posts\/210531","targetHints":{"allow":["GET"]}}],"collection":[{"href":"http:\/\/vertienteglobal.com\/index.php?rest_route=\/wp\/v2\/posts"}],"about":[{"href":"http:\/\/vertienteglobal.com\/index.php?rest_route=\/wp\/v2\/types\/post"}],"author":[{"embeddable":true,"href":"http:\/\/vertienteglobal.com\/index.php?rest_route=\/wp\/v2\/users\/1"}],"replies":[{"embeddable":true,"href":"http:\/\/vertienteglobal.com\/index.php?rest_route=%2Fwp%2Fv2%2Fcomments&post=210531"}],"version-history":[{"count":0,"href":"http:\/\/vertienteglobal.com\/index.php?rest_route=\/wp\/v2\/posts\/210531\/revisions"}],"wp:featuredmedia":[{"embeddable":true,"href":"http:\/\/vertienteglobal.com\/index.php?rest_route=\/wp\/v2\/media\/210532"}],"wp:attachment":[{"href":"http:\/\/vertienteglobal.com\/index.php?rest_route=%2Fwp%2Fv2%2Fmedia&parent=210531"}],"wp:term":[{"taxonomy":"category","embeddable":true,"href":"http:\/\/vertienteglobal.com\/index.php?rest_route=%2Fwp%2Fv2%2Fcategories&post=210531"},{"taxonomy":"post_tag","embeddable":true,"href":"http:\/\/vertienteglobal.com\/index.php?rest_route=%2Fwp%2Fv2%2Ftags&post=210531"}],"curies":[{"name":"wp","href":"https:\/\/api.w.org\/{rel}","templated":true}]}}