{"id":210480,"date":"2022-12-16T18:02:00","date_gmt":"2022-12-17T00:02:00","guid":{"rendered":"http:\/\/vertienteglobal.com\/?p=210480"},"modified":"2022-12-16T18:35:15","modified_gmt":"2022-12-17T00:35:15","slug":"celebra-crim-cozumel-del-dif-quintana-roo-su-12-aniversario-y-posada-navidena","status":"publish","type":"post","link":"http:\/\/vertienteglobal.com\/?p=210480","title":{"rendered":"Celebra CRIM Cozumel del DIF Quintana Roo su 12 Aniversario y Posada Navide\u00f1a"},"content":{"rendered":"\n<div class=\"twitterbutton\" style=\"float: right; padding-left: 5px;\"><a href=\"http:\/\/twitter.com\/share\" class=\"twitter-share-button\" data-count=\"horizontal\" data-text=\"Celebra CRIM Cozumel del DIF Quintana Roo su 12 Aniversario y Posada Navide\u00f1a\" data-via=\"https:\/\/twitter.com\/VertienteGloba1\" data-url=\"http:\/\/vertienteglobal.com\/?p=210480\" data-lang=\"es\" data-related=\"Informaci\u00f3n general:S\u00edguenos para que est\u00e9ss informado\"><\/a><\/div>\n<figure class=\"wp-block-image size-large\"><img loading=\"lazy\" decoding=\"async\" width=\"1024\" height=\"461\" src=\"http:\/\/vertienteglobal.com\/wp-content\/uploads\/2022\/12\/DIF-Aniversario-01-1024x461.jpeg\" alt=\"\" class=\"wp-image-210481\" srcset=\"http:\/\/vertienteglobal.com\/wp-content\/uploads\/2022\/12\/DIF-Aniversario-01-1024x461.jpeg 1024w, http:\/\/vertienteglobal.com\/wp-content\/uploads\/2022\/12\/DIF-Aniversario-01-300x135.jpeg 300w, http:\/\/vertienteglobal.com\/wp-content\/uploads\/2022\/12\/DIF-Aniversario-01-150x68.jpeg 150w, http:\/\/vertienteglobal.com\/wp-content\/uploads\/2022\/12\/DIF-Aniversario-01-768x346.jpeg 768w, http:\/\/vertienteglobal.com\/wp-content\/uploads\/2022\/12\/DIF-Aniversario-01.jpeg 1280w\" sizes=\"auto, (max-width: 1024px) 100vw, 1024px\" \/><\/figure>\n\n\n\n<p>(Redaccion)<\/p>\n\n\n\n<p>Acciones para la construcci\u00f3n de un gobierno con prosperidad compartida, de bienestar e inclusi\u00f3n social<\/p>\n\n\n\n<p>Cozumel, Quintana Roo, a 16 de diciembre de 2022- Celebra el CRIM Cozumel perteneciente al Sistema DIF Quintana Roo su 12 Aniversario ofreciendo a la poblaci\u00f3n en situaci\u00f3n prioritaria, servicios de rehabilitaci\u00f3n y atenci\u00f3n m\u00e9dica a personas con y sin discapacidad de la Isla, acciones que impulsa la Presidenta Honoraria, Ver\u00f3nica Lezama Espinosa para avanzar en la construcci\u00f3n de un gobierno con prosperidad compartida, de bienestar e inclusi\u00f3n social.<\/p>\n\n\n\n<p>El CRIM fue creado en el 2010, para la atenci\u00f3n y rehabilitaci\u00f3n de las personas, en ese sentido s\u00f3lo de enero a la fecha se otorgaron 5 mil 400 servicios a 320 pacientes con discapacidad, atendiendo en las \u00e1reas de terapia f\u00edsica, terapia de lenguaje, estimulaci\u00f3n, terapia ocupacional, entre otros.<\/p>\n\n\n\n<p>Como cada a\u00f1o, pacientes y colaboradores se organizan para celebrar y convivir un aniversario m\u00e1s, parten un pastel de manera habitual, para despu\u00e9s realizar su tradicional Posada Navide\u00f1a en donde pasan momentos de diversi\u00f3n, con la entrega de regalos, la pi\u00f1ata y un platillo de fiesta.<\/p>\n\n\n\n<p>Cabe destacar, que durante la carrera por la inclusi\u00f3n realizada en Cozumel en d\u00edas pasados, la Directora General de la instituci\u00f3n, Abril Sabido Alc\u00e9rreca anunci\u00f3 la remodelaci\u00f3n del CRIM de la isla, esto con el objetivo de que ning\u00fan ni\u00f1o, ni\u00f1a, joven o adulto mayor se quede sin atenci\u00f3n, por lo que en tiempo y forma se est\u00e1n realizando los trabajos para su recuperaci\u00f3n.<\/p>\n\n\n\n<p>En este festejo se cont\u00f3 con la presencia de la primera directora del CRIM Cozumel, Vlady Vivas Valdez y de la actual titular, Elmy Coronado S\u00e1nchez<\/p>\n","protected":false},"excerpt":{"rendered":"<p>(Redaccion) Acciones para la construcci\u00f3n de un gobierno con prosperidad compartida, de bienestar e inclusi\u00f3n social Cozumel, Quintana Roo, a 16 de diciembre de 2022- Celebra el CRIM Cozumel perteneciente al Sistema DIF Quintana Roo su 12 Aniversario ofreciendo a la poblaci\u00f3n en situaci\u00f3n prioritaria, servicios de rehabilitaci\u00f3n y atenci\u00f3n m\u00e9dica a personas con y [&hellip;]<\/p>\n","protected":false},"author":1,"featured_media":210481,"comment_status":"open","ping_status":"open","sticky":false,"template":"","format":"standard","meta":{"footnotes":""},"categories":[3],"tags":[],"class_list":["post-210480","post","type-post","status-publish","format-standard","has-post-thumbnail","hentry","category-quintana-roo","entry","has-media"],"jetpack_featured_media_url":"http:\/\/vertienteglobal.com\/wp-content\/uploads\/2022\/12\/DIF-Aniversario-01.jpeg","_links":{"self":[{"href":"http:\/\/vertienteglobal.com\/index.php?rest_route=\/wp\/v2\/posts\/210480","targetHints":{"allow":["GET"]}}],"collection":[{"href":"http:\/\/vertienteglobal.com\/index.php?rest_route=\/wp\/v2\/posts"}],"about":[{"href":"http:\/\/vertienteglobal.com\/index.php?rest_route=\/wp\/v2\/types\/post"}],"author":[{"embeddable":true,"href":"http:\/\/vertienteglobal.com\/index.php?rest_route=\/wp\/v2\/users\/1"}],"replies":[{"embeddable":true,"href":"http:\/\/vertienteglobal.com\/index.php?rest_route=%2Fwp%2Fv2%2Fcomments&post=210480"}],"version-history":[{"count":0,"href":"http:\/\/vertienteglobal.com\/index.php?rest_route=\/wp\/v2\/posts\/210480\/revisions"}],"wp:featuredmedia":[{"embeddable":true,"href":"http:\/\/vertienteglobal.com\/index.php?rest_route=\/wp\/v2\/media\/210481"}],"wp:attachment":[{"href":"http:\/\/vertienteglobal.com\/index.php?rest_route=%2Fwp%2Fv2%2Fmedia&parent=210480"}],"wp:term":[{"taxonomy":"category","embeddable":true,"href":"http:\/\/vertienteglobal.com\/index.php?rest_route=%2Fwp%2Fv2%2Fcategories&post=210480"},{"taxonomy":"post_tag","embeddable":true,"href":"http:\/\/vertienteglobal.com\/index.php?rest_route=%2Fwp%2Fv2%2Ftags&post=210480"}],"curies":[{"name":"wp","href":"https:\/\/api.w.org\/{rel}","templated":true}]}}