{"id":210463,"date":"2022-12-16T11:14:00","date_gmt":"2022-12-16T17:14:00","guid":{"rendered":"http:\/\/vertienteglobal.com\/?p=210463"},"modified":"2022-12-16T18:16:57","modified_gmt":"2022-12-17T00:16:57","slug":"cancun-baila-y-canta-musica-de-los-ochentas-con-matute","status":"publish","type":"post","link":"http:\/\/vertienteglobal.com\/?p=210463","title":{"rendered":"Canc\u00fan baila y canta m\u00fasica de los ochentas con Matute"},"content":{"rendered":"\n<div class=\"twitterbutton\" style=\"float: right; padding-left: 5px;\"><a href=\"http:\/\/twitter.com\/share\" class=\"twitter-share-button\" data-count=\"horizontal\" data-text=\"Canc\u00fan baila y canta m\u00fasica de los ochentas con Matute\" data-via=\"https:\/\/twitter.com\/VertienteGloba1\" data-url=\"http:\/\/vertienteglobal.com\/?p=210463\" data-lang=\"es\" data-related=\"Informaci\u00f3n general:S\u00edguenos para que est\u00e9ss informado\"><\/a><\/div>\n<figure class=\"wp-block-image size-large\"><img loading=\"lazy\" decoding=\"async\" width=\"1024\" height=\"768\" src=\"http:\/\/vertienteglobal.com\/wp-content\/uploads\/2022\/12\/1000020742-1024x768.jpg\" alt=\"\" class=\"wp-image-210464\" srcset=\"http:\/\/vertienteglobal.com\/wp-content\/uploads\/2022\/12\/1000020742-1024x768.jpg 1024w, http:\/\/vertienteglobal.com\/wp-content\/uploads\/2022\/12\/1000020742-300x225.jpg 300w, http:\/\/vertienteglobal.com\/wp-content\/uploads\/2022\/12\/1000020742-150x113.jpg 150w, http:\/\/vertienteglobal.com\/wp-content\/uploads\/2022\/12\/1000020742-768x576.jpg 768w, http:\/\/vertienteglobal.com\/wp-content\/uploads\/2022\/12\/1000020742-1536x1152.jpg 1536w, http:\/\/vertienteglobal.com\/wp-content\/uploads\/2022\/12\/1000020742.jpg 1600w\" sizes=\"auto, (max-width: 1024px) 100vw, 1024px\" \/><\/figure>\n\n\n\n<p>(Redacci\u00f3n)<\/p>\n\n\n\n<p>Quincea\u00f1era Word Tour, Matute revent\u00f3 plaza de toros<\/p>\n\n\n\n<p>Canc\u00fan, Quintana Roo, a 16 de diciembre de 2022.- Ante la presencia de m\u00e1s de 4 mil personas, Matute llev\u00f3 a cabo la celebraci\u00f3n de sus XV a\u00f1os de trayectoria con la experiencia musical m\u00e1s espectacular de toda su historia.<\/p>\n\n\n\n<p>Jorge, Tana, Oso, Irving, Nacho y Pepe sorprendieron a toda la familia ochentera con m\u00e1s de 2 horas de concierto con \u00e9xitos como: El ataque de las chicas cocodrilo, En alg\u00fan lugar, Visite nuestro bar, Devu\u00e9lveme a mi chica, D\u00e9jame vivir, Fiesta en Am\u00e9rica., Viviendo de noche, Me he enamorado de un fan, entre otras que marcaron una noche \u00e9pica e inolvidable.<\/p>\n\n\n\n<p>Con esto la agrupaci\u00f3n no dice adi\u00f3s, sino hasta pronto.<\/p>\n\n\n\n<p>Gracias Canc\u00fan!!! <\/p>\n\n\n\n<figure class=\"wp-block-embed-twitter wp-block-embed is-type-rich is-provider-twitter\"><div class=\"wp-block-embed__wrapper\">\n<div class=\"oceanwp-oembed-wrap clr\"><blockquote class=\"twitter-tweet\" data-width=\"550\" data-dnt=\"true\"><p lang=\"es\" dir=\"ltr\">Y prendi\u00f3 <a href=\"https:\/\/twitter.com\/MATUTEmx?ref_src=twsrc%5Etfw\">@MATUTEmx<\/a> a los cancunenses recordando a Juan Gabriel cantando y bailando m\u00fasica de los ochentas desde la plaza de toros en <a href=\"https:\/\/twitter.com\/hashtag\/Canc%C3%BAn?src=hash&amp;ref_src=twsrc%5Etfw\">#Canc\u00fan<\/a> <a href=\"https:\/\/t.co\/DSY2jNjSiv\">pic.twitter.com\/DSY2jNjSiv<\/a><\/p>&mdash; vertienteglobal.com (@VertienteGloba1) <a href=\"https:\/\/twitter.com\/VertienteGloba1\/status\/1603622244038721536?ref_src=twsrc%5Etfw\">December 16, 2022<\/a><\/blockquote><script async src=\"https:\/\/platform.twitter.com\/widgets.js\" charset=\"utf-8\"><\/script><\/div>\n<\/div><\/figure>\n","protected":false},"excerpt":{"rendered":"<p>(Redacci\u00f3n) Quincea\u00f1era Word Tour, Matute revent\u00f3 plaza de toros Canc\u00fan, Quintana Roo, a 16 de diciembre de 2022.- Ante la presencia de m\u00e1s de 4 mil personas, Matute llev\u00f3 a cabo la celebraci\u00f3n de sus XV a\u00f1os de trayectoria con la experiencia musical m\u00e1s espectacular de toda su historia. Jorge, Tana, Oso, Irving, Nacho y [&hellip;]<\/p>\n","protected":false},"author":1,"featured_media":210464,"comment_status":"open","ping_status":"open","sticky":false,"template":"","format":"standard","meta":{"footnotes":""},"categories":[10],"tags":[],"class_list":["post-210463","post","type-post","status-publish","format-standard","has-post-thumbnail","hentry","category-espectaculos","entry","has-media"],"jetpack_featured_media_url":"http:\/\/vertienteglobal.com\/wp-content\/uploads\/2022\/12\/1000020742.jpg","_links":{"self":[{"href":"http:\/\/vertienteglobal.com\/index.php?rest_route=\/wp\/v2\/posts\/210463","targetHints":{"allow":["GET"]}}],"collection":[{"href":"http:\/\/vertienteglobal.com\/index.php?rest_route=\/wp\/v2\/posts"}],"about":[{"href":"http:\/\/vertienteglobal.com\/index.php?rest_route=\/wp\/v2\/types\/post"}],"author":[{"embeddable":true,"href":"http:\/\/vertienteglobal.com\/index.php?rest_route=\/wp\/v2\/users\/1"}],"replies":[{"embeddable":true,"href":"http:\/\/vertienteglobal.com\/index.php?rest_route=%2Fwp%2Fv2%2Fcomments&post=210463"}],"version-history":[{"count":0,"href":"http:\/\/vertienteglobal.com\/index.php?rest_route=\/wp\/v2\/posts\/210463\/revisions"}],"wp:featuredmedia":[{"embeddable":true,"href":"http:\/\/vertienteglobal.com\/index.php?rest_route=\/wp\/v2\/media\/210464"}],"wp:attachment":[{"href":"http:\/\/vertienteglobal.com\/index.php?rest_route=%2Fwp%2Fv2%2Fmedia&parent=210463"}],"wp:term":[{"taxonomy":"category","embeddable":true,"href":"http:\/\/vertienteglobal.com\/index.php?rest_route=%2Fwp%2Fv2%2Fcategories&post=210463"},{"taxonomy":"post_tag","embeddable":true,"href":"http:\/\/vertienteglobal.com\/index.php?rest_route=%2Fwp%2Fv2%2Ftags&post=210463"}],"curies":[{"name":"wp","href":"https:\/\/api.w.org\/{rel}","templated":true}]}}