{"id":210447,"date":"2022-12-15T17:47:30","date_gmt":"2022-12-15T23:47:30","guid":{"rendered":"http:\/\/vertienteglobal.com\/?p=210447"},"modified":"2022-12-16T08:51:41","modified_gmt":"2022-12-16T14:51:41","slug":"banxico-cierra-2022-al-alza-sube-tasa-de-interes-a-record-de-10-50","status":"publish","type":"post","link":"http:\/\/vertienteglobal.com\/?p=210447","title":{"rendered":"Banxico cierra 2022 al alza; sube tasa de inter\u00e9s a r\u00e9cord de 10.50%"},"content":{"rendered":"\n<div class=\"twitterbutton\" style=\"float: right; padding-left: 5px;\"><a href=\"http:\/\/twitter.com\/share\" class=\"twitter-share-button\" data-count=\"horizontal\" data-text=\"Banxico cierra 2022 al alza; sube tasa de inter\u00e9s a r\u00e9cord de 10.50%\" data-via=\"https:\/\/twitter.com\/VertienteGloba1\" data-url=\"http:\/\/vertienteglobal.com\/?p=210447\" data-lang=\"es\" data-related=\"Informaci\u00f3n general:S\u00edguenos para que est\u00e9ss informado\"><\/a><\/div>\n<figure class=\"wp-block-image size-large\"><img loading=\"lazy\" decoding=\"async\" width=\"1024\" height=\"683\" src=\"http:\/\/vertienteglobal.com\/wp-content\/uploads\/2022\/12\/194582.jpg\" alt=\"\" class=\"wp-image-210448\" srcset=\"http:\/\/vertienteglobal.com\/wp-content\/uploads\/2022\/12\/194582.jpg 1024w, http:\/\/vertienteglobal.com\/wp-content\/uploads\/2022\/12\/194582-300x200.jpg 300w, http:\/\/vertienteglobal.com\/wp-content\/uploads\/2022\/12\/194582-150x100.jpg 150w, http:\/\/vertienteglobal.com\/wp-content\/uploads\/2022\/12\/194582-768x512.jpg 768w\" sizes=\"auto, (max-width: 1024px) 100vw, 1024px\" \/><\/figure>\n\n\n\n<p>(Redacci\u00f3n)<\/p>\n\n\n\n<p>De acuerdo con el anuncio de pol\u00edtica monetaria del Banxico, la Junta de Gobierno considera que todav\u00eda ser\u00e1 necesario incrementar la tasa de referencia en la pr\u00f3xima reuni\u00f3n (9 de febrero de 2023)<\/p>\n\n\n\n<p>Ciudad de M\u00e9xico 15 de diciembre 2022.- El Banco de M\u00e9xico (Banxico), elev\u00f3 en 50 puntos base su tasa de inter\u00e9s de referencia, que pasar\u00e1 de 10 a 10.50 por ciento, un nuevo m\u00e1ximo hist\u00f3rico luego de que ayer la Reserva Federal de Estados Unidos elevar\u00e1 en la misma proporci\u00f3n este indicador.<\/p>\n\n\n\n<p>Con esto se rompe una racha de cuatro aumentos consecutivos en la tasa de inter\u00e9s de referencia en M\u00e9xico en una magnitud de 75 puntos base y suman 13 incrementos continuos, el primero fue en junio de 2021.<\/p>\n\n\n\n<p>De acuerdo con el anuncio de pol\u00edtica monetaria del Banxico, la Junta de Gobierno considera que todav\u00eda ser\u00e1 necesario incrementar la tasa de referencia en la pr\u00f3xima reuni\u00f3n (9 de febrero de 2023).<\/p>\n\n\n\n<p>La decisi\u00f3n de elevar en 50 puntos base la tasa de inter\u00e9s de referencia se dio en un contexto en el que la inflaci\u00f3n general continu\u00f3 disminuyendo en noviembre para ubicarse en una tasa anual de 7.80 por ciento, reflejando la reducci\u00f3n del componente no subyacente.(Fuente: Milenio)<\/p>\n","protected":false},"excerpt":{"rendered":"<p>(Redacci\u00f3n) De acuerdo con el anuncio de pol\u00edtica monetaria del Banxico, la Junta de Gobierno considera que todav\u00eda ser\u00e1 necesario incrementar la tasa de referencia en la pr\u00f3xima reuni\u00f3n (9 de febrero de 2023) Ciudad de M\u00e9xico 15 de diciembre 2022.- El Banco de M\u00e9xico (Banxico), elev\u00f3 en 50 puntos base su tasa de inter\u00e9s [&hellip;]<\/p>\n","protected":false},"author":1,"featured_media":210448,"comment_status":"open","ping_status":"open","sticky":false,"template":"","format":"standard","meta":{"footnotes":""},"categories":[8],"tags":[],"class_list":["post-210447","post","type-post","status-publish","format-standard","has-post-thumbnail","hentry","category-pais","entry","has-media"],"jetpack_featured_media_url":"http:\/\/vertienteglobal.com\/wp-content\/uploads\/2022\/12\/194582.jpg","_links":{"self":[{"href":"http:\/\/vertienteglobal.com\/index.php?rest_route=\/wp\/v2\/posts\/210447","targetHints":{"allow":["GET"]}}],"collection":[{"href":"http:\/\/vertienteglobal.com\/index.php?rest_route=\/wp\/v2\/posts"}],"about":[{"href":"http:\/\/vertienteglobal.com\/index.php?rest_route=\/wp\/v2\/types\/post"}],"author":[{"embeddable":true,"href":"http:\/\/vertienteglobal.com\/index.php?rest_route=\/wp\/v2\/users\/1"}],"replies":[{"embeddable":true,"href":"http:\/\/vertienteglobal.com\/index.php?rest_route=%2Fwp%2Fv2%2Fcomments&post=210447"}],"version-history":[{"count":0,"href":"http:\/\/vertienteglobal.com\/index.php?rest_route=\/wp\/v2\/posts\/210447\/revisions"}],"wp:featuredmedia":[{"embeddable":true,"href":"http:\/\/vertienteglobal.com\/index.php?rest_route=\/wp\/v2\/media\/210448"}],"wp:attachment":[{"href":"http:\/\/vertienteglobal.com\/index.php?rest_route=%2Fwp%2Fv2%2Fmedia&parent=210447"}],"wp:term":[{"taxonomy":"category","embeddable":true,"href":"http:\/\/vertienteglobal.com\/index.php?rest_route=%2Fwp%2Fv2%2Fcategories&post=210447"},{"taxonomy":"post_tag","embeddable":true,"href":"http:\/\/vertienteglobal.com\/index.php?rest_route=%2Fwp%2Fv2%2Ftags&post=210447"}],"curies":[{"name":"wp","href":"https:\/\/api.w.org\/{rel}","templated":true}]}}