{"id":210419,"date":"2022-12-15T17:16:07","date_gmt":"2022-12-15T23:16:07","guid":{"rendered":"http:\/\/vertienteglobal.com\/?p=210419"},"modified":"2022-12-15T17:16:07","modified_gmt":"2022-12-15T23:16:07","slug":"inauguran-exposicion-visual-colectiva-del-grupo-punto-y-croma-centro-cultural-en-chetumal","status":"publish","type":"post","link":"http:\/\/vertienteglobal.com\/?p=210419","title":{"rendered":"Inauguran exposici\u00f3n visual colectiva del grupo \u201cPunto y Croma\u201d centro cultural en Chetumal"},"content":{"rendered":"\n<div class=\"twitterbutton\" style=\"float: right; padding-left: 5px;\"><a href=\"http:\/\/twitter.com\/share\" class=\"twitter-share-button\" data-count=\"horizontal\" data-text=\"Inauguran exposici\u00f3n visual colectiva del grupo \u201cPunto y Croma\u201d centro cult...\" data-via=\"https:\/\/twitter.com\/VertienteGloba1\" data-url=\"http:\/\/vertienteglobal.com\/?p=210419\" data-lang=\"es\" data-related=\"Informaci\u00f3n general:S\u00edguenos para que est\u00e9ss informado\"><\/a><\/div>\n<figure class=\"wp-block-image size-large\"><img loading=\"lazy\" decoding=\"async\" width=\"720\" height=\"459\" src=\"http:\/\/vertienteglobal.com\/wp-content\/uploads\/2022\/12\/1000019101.jpg\" alt=\"\" class=\"wp-image-210420\" srcset=\"http:\/\/vertienteglobal.com\/wp-content\/uploads\/2022\/12\/1000019101.jpg 720w, http:\/\/vertienteglobal.com\/wp-content\/uploads\/2022\/12\/1000019101-300x191.jpg 300w, http:\/\/vertienteglobal.com\/wp-content\/uploads\/2022\/12\/1000019101-150x96.jpg 150w\" sizes=\"auto, (max-width: 720px) 100vw, 720px\" \/><\/figure>\n\n\n\n<p>(Redaccion)<\/p>\n\n\n\n<p>La exposici\u00f3n qued\u00f3 abierta esta muestra de 30 obras en el Museo de la Cultura Maya de Chetumal, que el p\u00fablico puede apreciar hasta el 31 de diciembre.<\/p>\n\n\n\n<p>Chetumal, Quintana Roo a 15 de diciembre de 2022.-Para resarcir el tejido social y cambiar las vidas de las y los quintanarroenses, con la presencia de la directora general del Instituto de la Cultura y las Artes Lilian Villanueva, fue inaugurada una exposici\u00f3n visual colectiva del grupo \u201cPunto y Croma\u201d.<\/p>\n\n\n\n<p>Con estas actividades culturales, la gobernadora Mara Lezama construye un gobierno humanista y progresista, cercano a la gente que incentiva la convivencia familiar y estimula la recreaci\u00f3n en un clima de paz social como se establece en el Nuevo Acuerdo por el Bienestar y Desarrollo de Quintana Roo.<\/p>\n\n\n\n<p>La exposici\u00f3n qued\u00f3 abierta esta muestra de 30 obras en el Museo de la Cultura Maya de Chetumal, que el p\u00fablico puede apreciar hasta el 31 de diciembre.<\/p>\n\n\n\n<p>Las obras, concebidas en las t\u00e9cnicas de \u00f3leo y acuarela, fueron creadas por 10 artistas locales que encabeza el maestro de artes pl\u00e1sticas Sergio Bejarano, quienes testimonian sus mundos interiores a trav\u00e9s de trazos y colores, dando fe de su estar sublimado en el mundo.<\/p>\n\n\n\n<p>Los expositores de \u201cPunto y Croma\u201d se nombran Norma Azuara Salas; Delfino Ruiz; Rosa Selem Buenfil; Esther L\u00f3pez; Pilar L\u00f3pez Arcos; Gladis Guerrero; Alejandra Bustamante; Ang\u00e9lica Trujillo; Rodrigo Eljure y Yaremi Can, as\u00ed como el invitado Jorge S\u00e1nchez.<\/p>\n\n\n\n<p>El maestro de artes pl\u00e1sticas Sergio Bejarano en su intervenci\u00f3n, coment\u00f3: \u201cPredominan entre las obras de los expositores, la mayor\u00eda figurativas y realistas, temas relacionados con la naturaleza, la flora y la fauna, bodegones, los paisajes, los h\u00e1bitos, las costumbres y las actividades socioecon\u00f3micas\u201d.<\/p>\n\n\n\n<figure class=\"wp-block-image size-large\"><img loading=\"lazy\" decoding=\"async\" width=\"720\" height=\"434\" src=\"http:\/\/vertienteglobal.com\/wp-content\/uploads\/2022\/12\/1000019099.jpg\" alt=\"\" class=\"wp-image-210421\" srcset=\"http:\/\/vertienteglobal.com\/wp-content\/uploads\/2022\/12\/1000019099.jpg 720w, http:\/\/vertienteglobal.com\/wp-content\/uploads\/2022\/12\/1000019099-300x181.jpg 300w, http:\/\/vertienteglobal.com\/wp-content\/uploads\/2022\/12\/1000019099-150x90.jpg 150w\" sizes=\"auto, (max-width: 720px) 100vw, 720px\" \/><\/figure>\n\n\n\n<figure class=\"wp-block-image size-large\"><img loading=\"lazy\" decoding=\"async\" width=\"720\" height=\"424\" src=\"http:\/\/vertienteglobal.com\/wp-content\/uploads\/2022\/12\/1000019100.jpg\" alt=\"\" class=\"wp-image-210422\" srcset=\"http:\/\/vertienteglobal.com\/wp-content\/uploads\/2022\/12\/1000019100.jpg 720w, http:\/\/vertienteglobal.com\/wp-content\/uploads\/2022\/12\/1000019100-300x177.jpg 300w, http:\/\/vertienteglobal.com\/wp-content\/uploads\/2022\/12\/1000019100-150x88.jpg 150w\" sizes=\"auto, (max-width: 720px) 100vw, 720px\" \/><\/figure>\n","protected":false},"excerpt":{"rendered":"<p>(Redaccion) La exposici\u00f3n qued\u00f3 abierta esta muestra de 30 obras en el Museo de la Cultura Maya de Chetumal, que el p\u00fablico puede apreciar hasta el 31 de diciembre. Chetumal, Quintana Roo a 15 de diciembre de 2022.-Para resarcir el tejido social y cambiar las vidas de las y los quintanarroenses, con la presencia de [&hellip;]<\/p>\n","protected":false},"author":1,"featured_media":210421,"comment_status":"open","ping_status":"open","sticky":false,"template":"","format":"standard","meta":{"footnotes":""},"categories":[10,3],"tags":[],"class_list":["post-210419","post","type-post","status-publish","format-standard","has-post-thumbnail","hentry","category-espectaculos","category-quintana-roo","entry","has-media"],"jetpack_featured_media_url":"http:\/\/vertienteglobal.com\/wp-content\/uploads\/2022\/12\/1000019099.jpg","_links":{"self":[{"href":"http:\/\/vertienteglobal.com\/index.php?rest_route=\/wp\/v2\/posts\/210419","targetHints":{"allow":["GET"]}}],"collection":[{"href":"http:\/\/vertienteglobal.com\/index.php?rest_route=\/wp\/v2\/posts"}],"about":[{"href":"http:\/\/vertienteglobal.com\/index.php?rest_route=\/wp\/v2\/types\/post"}],"author":[{"embeddable":true,"href":"http:\/\/vertienteglobal.com\/index.php?rest_route=\/wp\/v2\/users\/1"}],"replies":[{"embeddable":true,"href":"http:\/\/vertienteglobal.com\/index.php?rest_route=%2Fwp%2Fv2%2Fcomments&post=210419"}],"version-history":[{"count":0,"href":"http:\/\/vertienteglobal.com\/index.php?rest_route=\/wp\/v2\/posts\/210419\/revisions"}],"wp:featuredmedia":[{"embeddable":true,"href":"http:\/\/vertienteglobal.com\/index.php?rest_route=\/wp\/v2\/media\/210421"}],"wp:attachment":[{"href":"http:\/\/vertienteglobal.com\/index.php?rest_route=%2Fwp%2Fv2%2Fmedia&parent=210419"}],"wp:term":[{"taxonomy":"category","embeddable":true,"href":"http:\/\/vertienteglobal.com\/index.php?rest_route=%2Fwp%2Fv2%2Fcategories&post=210419"},{"taxonomy":"post_tag","embeddable":true,"href":"http:\/\/vertienteglobal.com\/index.php?rest_route=%2Fwp%2Fv2%2Ftags&post=210419"}],"curies":[{"name":"wp","href":"https:\/\/api.w.org\/{rel}","templated":true}]}}