{"id":210399,"date":"2022-12-15T08:24:00","date_gmt":"2022-12-15T14:24:00","guid":{"rendered":"http:\/\/vertienteglobal.com\/?p=210399"},"modified":"2022-12-15T10:45:04","modified_gmt":"2022-12-15T16:45:04","slug":"rinde-protesta-sergio-salomon-cespedes-como-gobernador-sustituto-de-puebla","status":"publish","type":"post","link":"http:\/\/vertienteglobal.com\/?p=210399","title":{"rendered":"Rinde protesta Sergio Salom\u00f3n C\u00e9spedes como gobernador sustituto de Puebla"},"content":{"rendered":"\n<div class=\"twitterbutton\" style=\"float: right; padding-left: 5px;\"><a href=\"http:\/\/twitter.com\/share\" class=\"twitter-share-button\" data-count=\"horizontal\" data-text=\"Rinde protesta Sergio Salom\u00f3n C\u00e9spedes como gobernador sustituto de Puebla\" data-via=\"https:\/\/twitter.com\/VertienteGloba1\" data-url=\"http:\/\/vertienteglobal.com\/?p=210399\" data-lang=\"es\" data-related=\"Informaci\u00f3n general:S\u00edguenos para que est\u00e9ss informado\"><\/a><\/div>\n<figure class=\"wp-block-image size-large\"><img loading=\"lazy\" decoding=\"async\" width=\"1024\" height=\"683\" src=\"http:\/\/vertienteglobal.com\/wp-content\/uploads\/2022\/12\/194551.jpg\" alt=\"\" class=\"wp-image-210400\" srcset=\"http:\/\/vertienteglobal.com\/wp-content\/uploads\/2022\/12\/194551.jpg 1024w, http:\/\/vertienteglobal.com\/wp-content\/uploads\/2022\/12\/194551-300x200.jpg 300w, http:\/\/vertienteglobal.com\/wp-content\/uploads\/2022\/12\/194551-150x100.jpg 150w, http:\/\/vertienteglobal.com\/wp-content\/uploads\/2022\/12\/194551-768x512.jpg 768w\" sizes=\"auto, (max-width: 1024px) 100vw, 1024px\" \/><\/figure>\n\n\n\n<p>(Redacci\u00f3n)<\/p>\n\n\n\n<p>Afirm\u00f3 que seguir\u00e1 con la ruta trazada por Miguel Barbosa Huerta y el presidente de M\u00e9xico, Andr\u00e9s Manuel L\u00f3pez Obrador<\/p>\n\n\n\n<p>Puebla, Puebla 15 de diciembre 2022.-Sergio Salom\u00f3n C\u00e9spedes Peregrina rindi\u00f3 protesta como gobernador sustituto del estado de Puebla, para el periodo del 15 de diciembre de 2022 al 13 de diciembre de 2024.<\/p>\n\n\n\n<p>El mandatario dio su primer discurso en presencia de los 36 diputados de esa regi\u00f3n, donde solicit\u00f3 a la poblaci\u00f3n caminar juntos, pues la entidad \u2018requiere de todos\u2019.<\/p>\n\n\n\n<p>Afirm\u00f3 que seguir\u00e1 con la ruta trazada por Miguel Barbosa Huerta y el presidente de M\u00e9xico, Andr\u00e9s Manuel L\u00f3pez Obrador.<\/p>\n\n\n\n<p>Sergio Salom\u00f3n C\u00e9spedes se\u00f1al\u00f3 que la elecci\u00f3n del gobernador sustituto se hizo sin demora pero a conciencia del colegiado, ya que se tiene el compromiso de servir a los poblanos.<\/p>\n\n\n\n<p>De esta forma, Salom\u00f3n C\u00e9spedes se convierte en el sexto mandatario de Puebla del periodo 2018-2024, toda vez que fue Martha Erika Alonso, Jes\u00fas Rodriguez Almeida, Guillermo Pacheco, Luis Miguel Barbosa, y Ana Luc\u00eda Hill, que ocuparon el cargo, esta \u00faltima como encargada de despacho m\u00e1s de 24 horas.(Fuente: Milenio)<\/p>\n","protected":false},"excerpt":{"rendered":"<p>(Redacci\u00f3n) Afirm\u00f3 que seguir\u00e1 con la ruta trazada por Miguel Barbosa Huerta y el presidente de M\u00e9xico, Andr\u00e9s Manuel L\u00f3pez Obrador Puebla, Puebla 15 de diciembre 2022.-Sergio Salom\u00f3n C\u00e9spedes Peregrina rindi\u00f3 protesta como gobernador sustituto del estado de Puebla, para el periodo del 15 de diciembre de 2022 al 13 de diciembre de 2024. El [&hellip;]<\/p>\n","protected":false},"author":1,"featured_media":210400,"comment_status":"open","ping_status":"open","sticky":false,"template":"","format":"standard","meta":{"footnotes":""},"categories":[8],"tags":[],"class_list":["post-210399","post","type-post","status-publish","format-standard","has-post-thumbnail","hentry","category-pais","entry","has-media"],"jetpack_featured_media_url":"http:\/\/vertienteglobal.com\/wp-content\/uploads\/2022\/12\/194551.jpg","_links":{"self":[{"href":"http:\/\/vertienteglobal.com\/index.php?rest_route=\/wp\/v2\/posts\/210399","targetHints":{"allow":["GET"]}}],"collection":[{"href":"http:\/\/vertienteglobal.com\/index.php?rest_route=\/wp\/v2\/posts"}],"about":[{"href":"http:\/\/vertienteglobal.com\/index.php?rest_route=\/wp\/v2\/types\/post"}],"author":[{"embeddable":true,"href":"http:\/\/vertienteglobal.com\/index.php?rest_route=\/wp\/v2\/users\/1"}],"replies":[{"embeddable":true,"href":"http:\/\/vertienteglobal.com\/index.php?rest_route=%2Fwp%2Fv2%2Fcomments&post=210399"}],"version-history":[{"count":0,"href":"http:\/\/vertienteglobal.com\/index.php?rest_route=\/wp\/v2\/posts\/210399\/revisions"}],"wp:featuredmedia":[{"embeddable":true,"href":"http:\/\/vertienteglobal.com\/index.php?rest_route=\/wp\/v2\/media\/210400"}],"wp:attachment":[{"href":"http:\/\/vertienteglobal.com\/index.php?rest_route=%2Fwp%2Fv2%2Fmedia&parent=210399"}],"wp:term":[{"taxonomy":"category","embeddable":true,"href":"http:\/\/vertienteglobal.com\/index.php?rest_route=%2Fwp%2Fv2%2Fcategories&post=210399"},{"taxonomy":"post_tag","embeddable":true,"href":"http:\/\/vertienteglobal.com\/index.php?rest_route=%2Fwp%2Fv2%2Ftags&post=210399"}],"curies":[{"name":"wp","href":"https:\/\/api.w.org\/{rel}","templated":true}]}}