{"id":210391,"date":"2022-12-14T19:55:29","date_gmt":"2022-12-15T01:55:29","guid":{"rendered":"http:\/\/vertienteglobal.com\/?p=210391"},"modified":"2022-12-15T08:35:08","modified_gmt":"2022-12-15T14:35:08","slug":"aprueba-marybel-villegas-vacaciones-dignas-para-los-trabajadores-quintanarroenses-contaran-por-ley-con-al-menos-12-dias-al-ano","status":"publish","type":"post","link":"http:\/\/vertienteglobal.com\/?p=210391","title":{"rendered":"Aprueba Marybel Villegas, vacaciones dignas para los trabajadores quintanarroenses: contar\u00e1n por Ley con al menos 12 d\u00edas al a\u00f1o"},"content":{"rendered":"\n<div class=\"twitterbutton\" style=\"float: right; padding-left: 5px;\"><a href=\"http:\/\/twitter.com\/share\" class=\"twitter-share-button\" data-count=\"horizontal\" data-text=\"Aprueba Marybel Villegas, vacaciones dignas para los trabajadores quintanarroens...\" data-via=\"https:\/\/twitter.com\/VertienteGloba1\" data-url=\"http:\/\/vertienteglobal.com\/?p=210391\" data-lang=\"es\" data-related=\"Informaci\u00f3n general:S\u00edguenos para que est\u00e9ss informado\"><\/a><\/div>\n<figure class=\"wp-block-image size-large\"><img loading=\"lazy\" decoding=\"async\" width=\"720\" height=\"462\" src=\"http:\/\/vertienteglobal.com\/wp-content\/uploads\/2022\/12\/1000018575.jpg\" alt=\"\" class=\"wp-image-210392\" srcset=\"http:\/\/vertienteglobal.com\/wp-content\/uploads\/2022\/12\/1000018575.jpg 720w, http:\/\/vertienteglobal.com\/wp-content\/uploads\/2022\/12\/1000018575-300x193.jpg 300w, http:\/\/vertienteglobal.com\/wp-content\/uploads\/2022\/12\/1000018575-150x96.jpg 150w\" sizes=\"auto, (max-width: 720px) 100vw, 720px\" \/><\/figure>\n\n\n\n<p>(Redacci\u00f3n)<\/p>\n\n\n\n<p>Marybel Villegas asegur\u00f3 que este es un gran paso en la consolidaci\u00f3n del proyecto de naci\u00f3n de la Cuarta Transformaci\u00f3n, pues finalmente y despu\u00e9s de d\u00e9cadas, se saldar\u00e1 una deuda hist\u00f3rica con la clase trabajadora, que al fin disfrutar\u00e1 de vacaciones dignas y justas.<\/p>\n\n\n\n<p>Ciudad de M\u00e9xico, 14 de diciembre de 2022.-Para que los trabajadores de todo M\u00e9xico, en especial los de Quintana Roo, cuenten con un merecido descanso y un justo periodo vacacional, Marybel Villegas aval\u00f3 en el Senado las reformas que garantizan 12 d\u00edas de vacaciones durante el primer a\u00f1o de labores.<\/p>\n\n\n\n<p>Marybel Villegas asegur\u00f3 que este es un gran paso en la consolidaci\u00f3n del proyecto de naci\u00f3n de la Cuarta Transformaci\u00f3n, pues finalmente y despu\u00e9s de d\u00e9cadas, se saldar\u00e1 una deuda hist\u00f3rica con la clase trabajadora, que al fin disfrutar\u00e1 de vacaciones dignas y justas.<\/p>\n\n\n\n<p>Con proyecto de decreto que reforma los art\u00edculos 76 y 78 de la Ley Federal del Trabajo en materia de vacaciones, este mi\u00e9rcoles pas\u00f3 por el pleno la minuta, que fue votada a favor por la senadora de Morena por Quintana Roo y aprobada por unanimidad en el Senado, con 116 votos.<\/p>\n\n\n\n<p>El documento propone que las personas trabajadoras deber\u00e1n disfrutar en forma continua de, por lo menos, 12 d\u00edas de vacaciones, que aumentar\u00e1n en dos hasta llegar a 20 por cada a\u00f1o subsecuente de servicios y que, a partir del sexto a\u00f1o, el periodo de vacaciones aumentar\u00e1 en dos d\u00edas por cada cinco de servicio.<\/p>\n\n\n\n<p>Las disposiciones establecen que el decreto entrar\u00e1 en vigor el 1 de enero de 2023 o al d\u00eda siguiente de su publicaci\u00f3n, si se realiza en 2023, y ser\u00e1n aplicables a los contratos individuales y colectivos vigentes a la fecha de su entrada en vigor.<\/p>\n\n\n\n<p>Esta reforma beneficiar\u00e1 a los trabajadores de todo M\u00e9xico, no obstante, la legisladora morenista hizo \u00e9nfasis en los quintanarroenses, que en su mayor\u00eda se dedican a la prestaci\u00f3n de sus servicios en empresas tur\u00edsticas, por lo que es un importante logro para dignificar las condiciones de trabajo y brindarles bienestar a quienes construyen el pilar econ\u00f3mico de Quintana Roo.<\/p>\n","protected":false},"excerpt":{"rendered":"<p>(Redacci\u00f3n) Marybel Villegas asegur\u00f3 que este es un gran paso en la consolidaci\u00f3n del proyecto de naci\u00f3n de la Cuarta Transformaci\u00f3n, pues finalmente y despu\u00e9s de d\u00e9cadas, se saldar\u00e1 una deuda hist\u00f3rica con la clase trabajadora, que al fin disfrutar\u00e1 de vacaciones dignas y justas. Ciudad de M\u00e9xico, 14 de diciembre de 2022.-Para que los [&hellip;]<\/p>\n","protected":false},"author":1,"featured_media":210392,"comment_status":"open","ping_status":"open","sticky":false,"template":"","format":"standard","meta":{"footnotes":""},"categories":[8,3],"tags":[],"class_list":["post-210391","post","type-post","status-publish","format-standard","has-post-thumbnail","hentry","category-pais","category-quintana-roo","entry","has-media"],"jetpack_featured_media_url":"http:\/\/vertienteglobal.com\/wp-content\/uploads\/2022\/12\/1000018575.jpg","_links":{"self":[{"href":"http:\/\/vertienteglobal.com\/index.php?rest_route=\/wp\/v2\/posts\/210391","targetHints":{"allow":["GET"]}}],"collection":[{"href":"http:\/\/vertienteglobal.com\/index.php?rest_route=\/wp\/v2\/posts"}],"about":[{"href":"http:\/\/vertienteglobal.com\/index.php?rest_route=\/wp\/v2\/types\/post"}],"author":[{"embeddable":true,"href":"http:\/\/vertienteglobal.com\/index.php?rest_route=\/wp\/v2\/users\/1"}],"replies":[{"embeddable":true,"href":"http:\/\/vertienteglobal.com\/index.php?rest_route=%2Fwp%2Fv2%2Fcomments&post=210391"}],"version-history":[{"count":0,"href":"http:\/\/vertienteglobal.com\/index.php?rest_route=\/wp\/v2\/posts\/210391\/revisions"}],"wp:featuredmedia":[{"embeddable":true,"href":"http:\/\/vertienteglobal.com\/index.php?rest_route=\/wp\/v2\/media\/210392"}],"wp:attachment":[{"href":"http:\/\/vertienteglobal.com\/index.php?rest_route=%2Fwp%2Fv2%2Fmedia&parent=210391"}],"wp:term":[{"taxonomy":"category","embeddable":true,"href":"http:\/\/vertienteglobal.com\/index.php?rest_route=%2Fwp%2Fv2%2Fcategories&post=210391"},{"taxonomy":"post_tag","embeddable":true,"href":"http:\/\/vertienteglobal.com\/index.php?rest_route=%2Fwp%2Fv2%2Ftags&post=210391"}],"curies":[{"name":"wp","href":"https:\/\/api.w.org\/{rel}","templated":true}]}}