{"id":210033,"date":"2022-12-09T22:48:00","date_gmt":"2022-12-10T04:48:00","guid":{"rendered":"http:\/\/vertienteglobal.com\/?p=210033"},"modified":"2022-12-11T11:52:09","modified_gmt":"2022-12-11T17:52:09","slug":"mara-lezama-impulsa-acciones-que-le-cambian-la-vida-a-la-gente","status":"publish","type":"post","link":"http:\/\/vertienteglobal.com\/?p=210033","title":{"rendered":"Mara Lezama impulsa acciones que le cambian la vida a la gente"},"content":{"rendered":"\n<div class=\"twitterbutton\" style=\"float: right; padding-left: 5px;\"><a href=\"http:\/\/twitter.com\/share\" class=\"twitter-share-button\" data-count=\"horizontal\" data-text=\"Mara Lezama impulsa acciones que le cambian la vida a la gente\" data-via=\"https:\/\/twitter.com\/VertienteGloba1\" data-url=\"http:\/\/vertienteglobal.com\/?p=210033\" data-lang=\"es\" data-related=\"Informaci\u00f3n general:S\u00edguenos para que est\u00e9ss informado\"><\/a><\/div>\n<figure class=\"wp-block-image size-large\"><img loading=\"lazy\" decoding=\"async\" width=\"585\" height=\"433\" src=\"http:\/\/vertienteglobal.com\/wp-content\/uploads\/2022\/12\/ML-Acciones-03-585x433-1.jpeg\" alt=\"\" class=\"wp-image-210034\" srcset=\"http:\/\/vertienteglobal.com\/wp-content\/uploads\/2022\/12\/ML-Acciones-03-585x433-1.jpeg 585w, http:\/\/vertienteglobal.com\/wp-content\/uploads\/2022\/12\/ML-Acciones-03-585x433-1-300x222.jpeg 300w, http:\/\/vertienteglobal.com\/wp-content\/uploads\/2022\/12\/ML-Acciones-03-585x433-1-150x111.jpeg 150w\" sizes=\"auto, (max-width: 585px) 100vw, 585px\" \/><\/figure>\n\n\n\n<p>(Redacci\u00f3n)<\/p>\n\n\n\n<p>Particip\u00f3 en la entrega de sillas de ruedas y apoyos funcionales a personas con discapacidad motora<\/p>\n\n\n\n<p>Canc\u00fan, Quintana Roo, 09 de diciembre 2022.- \u201cNo bajaremos el ritmo, seguiremos transformando vidas, d\u00e1ndole a m\u00e1s seres humanos la oportunidad de integrarse de lleno a la comunidad sin esos obst\u00e1culos que, para muchos, pasan desapercibidos\u201d expres\u00f3 la gobernadora Mara Lezama Espinosa durante la entrega de sillas y ruedas y apoyos funcionales a personas que padecen discapacidad motora, en grado vulnerable.<\/p>\n\n\n\n<p>La Beneficencia P\u00fablica Nacional, en coordinaci\u00f3n con el Sistema DIF Quintana Roo, organiz\u00f3 esta entrega de 70 apoyos funcionales a igual n\u00famero de beneficiarios, de un total de 170 que ser\u00e1n atendidos en este \u00faltimo mes del a\u00f1o, de los municipios de Felipe Carrillo Puerto, Jos\u00e9 Mar\u00eda Morelos, Bacalar, L\u00e1zaro C\u00e1rdenas, Benito Ju\u00e1rez y Oth\u00f3n P. Blanco.<\/p>\n\n\n\n<p>Mara Lezama afirm\u00f3 que una silla de ruedas, unas muletas, andaderas le cambia la vida a quien enfrenta alguna limitante f\u00edsica, y por eso este gobierno del cambio verdadero, el primero humanista y progresista, est\u00e1 transformando vidas para lograr la inclusi\u00f3n plena.<\/p>\n\n\n\n<p>\u201cEstamos trabajando para tener desarrollo, pero con prosperidad compartida, con paz y seguridad, donde nadie se quede atr\u00e1s y todas y todos caben\u201d puntualiz\u00f3 Mara Lezama al precisar que esa es la meta que se persigue a trav\u00e9s del Nuevo Acuerdo por el Bienestar y Desarrollo de Quintana Roo.<\/p>\n\n\n\n<p>Para lograrlo, a\u00f1adi\u00f3, se tendr\u00e1 un presupuesto austero, con fondos y programas sociales, acabando con la arrogancia del poder, \u201cy poncharle las llantas\u201d a los excesos de la alta burocracia y asignar recursos a la gente que m\u00e1s lo necesita.<\/p>\n\n\n\n<p>Ese es nuestro objetivo, dijo, y entre todas y todos, estoy segura que vamos a escribir las p\u00e1ginas m\u00e1s luminosas de nuestra historia, juntas y juntos vamos a construir la historia de los pr\u00f3ximos 50 a\u00f1os de Quintana Roo.<\/p>\n\n\n\n<figure class=\"wp-block-image size-large\"><img loading=\"lazy\" decoding=\"async\" width=\"585\" height=\"390\" src=\"http:\/\/vertienteglobal.com\/wp-content\/uploads\/2022\/12\/ML-Acciones-05-585x390-1.jpeg\" alt=\"\" class=\"wp-image-210035\" srcset=\"http:\/\/vertienteglobal.com\/wp-content\/uploads\/2022\/12\/ML-Acciones-05-585x390-1.jpeg 585w, http:\/\/vertienteglobal.com\/wp-content\/uploads\/2022\/12\/ML-Acciones-05-585x390-1-300x200.jpeg 300w, http:\/\/vertienteglobal.com\/wp-content\/uploads\/2022\/12\/ML-Acciones-05-585x390-1-150x100.jpeg 150w\" sizes=\"auto, (max-width: 585px) 100vw, 585px\" \/><\/figure>\n\n\n\n<figure class=\"wp-block-image size-large\"><img loading=\"lazy\" decoding=\"async\" width=\"585\" height=\"437\" src=\"http:\/\/vertienteglobal.com\/wp-content\/uploads\/2022\/12\/ML-Acciones-02-585x437-1.jpeg\" alt=\"\" class=\"wp-image-210036\" srcset=\"http:\/\/vertienteglobal.com\/wp-content\/uploads\/2022\/12\/ML-Acciones-02-585x437-1.jpeg 585w, http:\/\/vertienteglobal.com\/wp-content\/uploads\/2022\/12\/ML-Acciones-02-585x437-1-300x224.jpeg 300w, http:\/\/vertienteglobal.com\/wp-content\/uploads\/2022\/12\/ML-Acciones-02-585x437-1-150x112.jpeg 150w\" sizes=\"auto, (max-width: 585px) 100vw, 585px\" \/><\/figure>\n\n\n\n<figure class=\"wp-block-image size-large\"><img loading=\"lazy\" decoding=\"async\" width=\"1024\" height=\"683\" src=\"http:\/\/vertienteglobal.com\/wp-content\/uploads\/2022\/12\/ML-Acciones-01-1-1024x683.jpeg\" alt=\"\" class=\"wp-image-210037\" srcset=\"http:\/\/vertienteglobal.com\/wp-content\/uploads\/2022\/12\/ML-Acciones-01-1-1024x683.jpeg 1024w, http:\/\/vertienteglobal.com\/wp-content\/uploads\/2022\/12\/ML-Acciones-01-1-300x200.jpeg 300w, http:\/\/vertienteglobal.com\/wp-content\/uploads\/2022\/12\/ML-Acciones-01-1-150x100.jpeg 150w, http:\/\/vertienteglobal.com\/wp-content\/uploads\/2022\/12\/ML-Acciones-01-1-768x512.jpeg 768w, http:\/\/vertienteglobal.com\/wp-content\/uploads\/2022\/12\/ML-Acciones-01-1.jpeg 1368w\" sizes=\"auto, (max-width: 1024px) 100vw, 1024px\" \/><\/figure>\n\n\n\n<figure class=\"wp-block-image size-large\"><img loading=\"lazy\" decoding=\"async\" width=\"585\" height=\"461\" src=\"http:\/\/vertienteglobal.com\/wp-content\/uploads\/2022\/12\/ML-Acciones-04-585x461-1.jpeg\" alt=\"\" class=\"wp-image-210038\" srcset=\"http:\/\/vertienteglobal.com\/wp-content\/uploads\/2022\/12\/ML-Acciones-04-585x461-1.jpeg 585w, http:\/\/vertienteglobal.com\/wp-content\/uploads\/2022\/12\/ML-Acciones-04-585x461-1-300x236.jpeg 300w, http:\/\/vertienteglobal.com\/wp-content\/uploads\/2022\/12\/ML-Acciones-04-585x461-1-150x118.jpeg 150w\" sizes=\"auto, (max-width: 585px) 100vw, 585px\" \/><\/figure>\n","protected":false},"excerpt":{"rendered":"<p>(Redacci\u00f3n) Particip\u00f3 en la entrega de sillas de ruedas y apoyos funcionales a personas con discapacidad motora Canc\u00fan, Quintana Roo, 09 de diciembre 2022.- \u201cNo bajaremos el ritmo, seguiremos transformando vidas, d\u00e1ndole a m\u00e1s seres humanos la oportunidad de integrarse de lleno a la comunidad sin esos obst\u00e1culos que, para muchos, pasan desapercibidos\u201d expres\u00f3 la [&hellip;]<\/p>\n","protected":false},"author":1,"featured_media":210037,"comment_status":"open","ping_status":"open","sticky":false,"template":"","format":"standard","meta":{"footnotes":""},"categories":[3],"tags":[],"class_list":["post-210033","post","type-post","status-publish","format-standard","has-post-thumbnail","hentry","category-quintana-roo","entry","has-media"],"jetpack_featured_media_url":"http:\/\/vertienteglobal.com\/wp-content\/uploads\/2022\/12\/ML-Acciones-01-1.jpeg","_links":{"self":[{"href":"http:\/\/vertienteglobal.com\/index.php?rest_route=\/wp\/v2\/posts\/210033","targetHints":{"allow":["GET"]}}],"collection":[{"href":"http:\/\/vertienteglobal.com\/index.php?rest_route=\/wp\/v2\/posts"}],"about":[{"href":"http:\/\/vertienteglobal.com\/index.php?rest_route=\/wp\/v2\/types\/post"}],"author":[{"embeddable":true,"href":"http:\/\/vertienteglobal.com\/index.php?rest_route=\/wp\/v2\/users\/1"}],"replies":[{"embeddable":true,"href":"http:\/\/vertienteglobal.com\/index.php?rest_route=%2Fwp%2Fv2%2Fcomments&post=210033"}],"version-history":[{"count":0,"href":"http:\/\/vertienteglobal.com\/index.php?rest_route=\/wp\/v2\/posts\/210033\/revisions"}],"wp:featuredmedia":[{"embeddable":true,"href":"http:\/\/vertienteglobal.com\/index.php?rest_route=\/wp\/v2\/media\/210037"}],"wp:attachment":[{"href":"http:\/\/vertienteglobal.com\/index.php?rest_route=%2Fwp%2Fv2%2Fmedia&parent=210033"}],"wp:term":[{"taxonomy":"category","embeddable":true,"href":"http:\/\/vertienteglobal.com\/index.php?rest_route=%2Fwp%2Fv2%2Fcategories&post=210033"},{"taxonomy":"post_tag","embeddable":true,"href":"http:\/\/vertienteglobal.com\/index.php?rest_route=%2Fwp%2Fv2%2Ftags&post=210033"}],"curies":[{"name":"wp","href":"https:\/\/api.w.org\/{rel}","templated":true}]}}