{"id":209973,"date":"2022-12-08T23:06:45","date_gmt":"2022-12-09T05:06:45","guid":{"rendered":"http:\/\/vertienteglobal.com\/?p=209973"},"modified":"2022-12-09T14:09:15","modified_gmt":"2022-12-09T20:09:15","slug":"meta-planea-crear-red-social-para-competirle-a-twitter","status":"publish","type":"post","link":"http:\/\/vertienteglobal.com\/?p=209973","title":{"rendered":"Meta planea crear red social para competirle a Twitter"},"content":{"rendered":"\n<div class=\"twitterbutton\" style=\"float: right; padding-left: 5px;\"><a href=\"http:\/\/twitter.com\/share\" class=\"twitter-share-button\" data-count=\"horizontal\" data-text=\"Meta planea crear red social para competirle a Twitter\" data-via=\"https:\/\/twitter.com\/VertienteGloba1\" data-url=\"http:\/\/vertienteglobal.com\/?p=209973\" data-lang=\"es\" data-related=\"Informaci\u00f3n general:S\u00edguenos para que est\u00e9ss informado\"><\/a><\/div>\n<figure class=\"wp-block-image size-large\"><img loading=\"lazy\" decoding=\"async\" width=\"1024\" height=\"683\" src=\"http:\/\/vertienteglobal.com\/wp-content\/uploads\/2022\/12\/194091.jpg\" alt=\"\" class=\"wp-image-209974\" srcset=\"http:\/\/vertienteglobal.com\/wp-content\/uploads\/2022\/12\/194091.jpg 1024w, http:\/\/vertienteglobal.com\/wp-content\/uploads\/2022\/12\/194091-300x200.jpg 300w, http:\/\/vertienteglobal.com\/wp-content\/uploads\/2022\/12\/194091-150x100.jpg 150w, http:\/\/vertienteglobal.com\/wp-content\/uploads\/2022\/12\/194091-768x512.jpg 768w\" sizes=\"auto, (max-width: 1024px) 100vw, 1024px\" \/><\/figure>\n\n\n\n<p>(Redacci\u00f3n)<\/p>\n\n\n\n<p>La empresa propietaria de Facebook e Instagram se est\u00e1 fijando para lanzar una alternativa a Twitter, inform\u00f3 el analista y consultor de redes sociales Matt Navarra<\/p>\n\n\n\n<p>Ciudad de M\u00e9xico 08 de diciembre 2022.- La plataforma de Meta esta viendo la situaci\u00f3n que registra Twitter como una oportunidad para crear una plataforma de &#8216;microblogging&#8217; propia que rivalice con la de Elon Musk.<\/p>\n\n\n\n<p>La empresa propietaria de Facebook e Instagram se est\u00e1 fijando para lanzar una alternativa a Twitter, inform\u00f3 el analista y consultor de redes sociales Matt Navarra.<\/p>\n\n\n\n<p>Explic\u00f3 que empleados de Meta planean crear el rival de Twitter basado en varios enfoques: el lanzamiento de la nueva funci\u00f3n &#8216;Notas&#8217; de Instagram, la creaci\u00f3n de una aplicaci\u00f3n de texto usando la tecnolog\u00eda de Instagram o la incorporaci\u00f3n de un muro similar al de Twitter en Instagram.<\/p>\n\n\n\n<p>Tambi\u00e9n se dio a conocer que el nombre de algunas funciones que se barajan, como RealTime, Real Reels e Instant.(Fuente: Exc\u00e9lsior)<\/p>\n","protected":false},"excerpt":{"rendered":"<p>(Redacci\u00f3n) La empresa propietaria de Facebook e Instagram se est\u00e1 fijando para lanzar una alternativa a Twitter, inform\u00f3 el analista y consultor de redes sociales Matt Navarra Ciudad de M\u00e9xico 08 de diciembre 2022.- La plataforma de Meta esta viendo la situaci\u00f3n que registra Twitter como una oportunidad para crear una plataforma de &#8216;microblogging&#8217; propia [&hellip;]<\/p>\n","protected":false},"author":1,"featured_media":209974,"comment_status":"open","ping_status":"open","sticky":false,"template":"","format":"standard","meta":{"footnotes":""},"categories":[8],"tags":[],"class_list":["post-209973","post","type-post","status-publish","format-standard","has-post-thumbnail","hentry","category-pais","entry","has-media"],"jetpack_featured_media_url":"http:\/\/vertienteglobal.com\/wp-content\/uploads\/2022\/12\/194091.jpg","_links":{"self":[{"href":"http:\/\/vertienteglobal.com\/index.php?rest_route=\/wp\/v2\/posts\/209973","targetHints":{"allow":["GET"]}}],"collection":[{"href":"http:\/\/vertienteglobal.com\/index.php?rest_route=\/wp\/v2\/posts"}],"about":[{"href":"http:\/\/vertienteglobal.com\/index.php?rest_route=\/wp\/v2\/types\/post"}],"author":[{"embeddable":true,"href":"http:\/\/vertienteglobal.com\/index.php?rest_route=\/wp\/v2\/users\/1"}],"replies":[{"embeddable":true,"href":"http:\/\/vertienteglobal.com\/index.php?rest_route=%2Fwp%2Fv2%2Fcomments&post=209973"}],"version-history":[{"count":0,"href":"http:\/\/vertienteglobal.com\/index.php?rest_route=\/wp\/v2\/posts\/209973\/revisions"}],"wp:featuredmedia":[{"embeddable":true,"href":"http:\/\/vertienteglobal.com\/index.php?rest_route=\/wp\/v2\/media\/209974"}],"wp:attachment":[{"href":"http:\/\/vertienteglobal.com\/index.php?rest_route=%2Fwp%2Fv2%2Fmedia&parent=209973"}],"wp:term":[{"taxonomy":"category","embeddable":true,"href":"http:\/\/vertienteglobal.com\/index.php?rest_route=%2Fwp%2Fv2%2Fcategories&post=209973"},{"taxonomy":"post_tag","embeddable":true,"href":"http:\/\/vertienteglobal.com\/index.php?rest_route=%2Fwp%2Fv2%2Ftags&post=209973"}],"curies":[{"name":"wp","href":"https:\/\/api.w.org\/{rel}","templated":true}]}}