{"id":209830,"date":"2022-12-07T09:19:00","date_gmt":"2022-12-07T15:19:00","guid":{"rendered":"http:\/\/vertienteglobal.com\/?p=209830"},"modified":"2022-12-07T12:40:41","modified_gmt":"2022-12-07T18:40:41","slug":"becarios-de-jovenes-construyendo-el-futuro-recibiran-6309-pesos-en-2023","status":"publish","type":"post","link":"http:\/\/vertienteglobal.com\/?p=209830","title":{"rendered":"Becarios de &#8216;J\u00f3venes Construyendo el Futuro&#8217; recibir\u00e1n 6,309 pesos en 2023"},"content":{"rendered":"\n<div class=\"twitterbutton\" style=\"float: right; padding-left: 5px;\"><a href=\"http:\/\/twitter.com\/share\" class=\"twitter-share-button\" data-count=\"horizontal\" data-text=\"Becarios de &#8216;J\u00f3venes Construyendo el Futuro&#8217; recibir\u00e1n 6,309 pesos...\" data-via=\"https:\/\/twitter.com\/VertienteGloba1\" data-url=\"http:\/\/vertienteglobal.com\/?p=209830\" data-lang=\"es\" data-related=\"Informaci\u00f3n general:S\u00edguenos para que est\u00e9ss informado\"><\/a><\/div>\n<figure class=\"wp-block-image size-large\"><img loading=\"lazy\" decoding=\"async\" width=\"1024\" height=\"640\" src=\"http:\/\/vertienteglobal.com\/wp-content\/uploads\/2022\/12\/193964.jpg\" alt=\"\" class=\"wp-image-209831\" srcset=\"http:\/\/vertienteglobal.com\/wp-content\/uploads\/2022\/12\/193964.jpg 1024w, http:\/\/vertienteglobal.com\/wp-content\/uploads\/2022\/12\/193964-300x188.jpg 300w, http:\/\/vertienteglobal.com\/wp-content\/uploads\/2022\/12\/193964-150x94.jpg 150w, http:\/\/vertienteglobal.com\/wp-content\/uploads\/2022\/12\/193964-768x480.jpg 768w\" sizes=\"auto, (max-width: 1024px) 100vw, 1024px\" \/><\/figure>\n\n\n\n<p>(Redacci\u00f3n)<\/p>\n\n\n\n<p>El pago de la beca de los j\u00f3venes aprendices, pasar\u00e1 de 5 mil 258 pesos a 6 mil 309,75 pesos<\/p>\n\n\n\n<p>El primer dep\u00f3sito de la beca J\u00f3venes Construyendo el Futuro para 2023 ser\u00e1 el pr\u00f3ximo viernes 13 de enero<\/p>\n\n\n\n<p>Ciudad de M\u00e9xico 07 de diciembre 2022.-De acuerdo con Luisa Mar\u00eda Alcalde, titular de la Secretar\u00eda del Trabajo y Prevenci\u00f3n Social (STPS), la beca de J\u00f3venes Construyendo el Futuro recibir\u00e1 un aumento del 20% a partir del pr\u00f3ximo a\u00f1o.<\/p>\n\n\n\n<p>Lo anterior, debido al aumento del salario m\u00ednimo del 20% anunciado por el gobierno federal en d\u00edas pasados.<\/p>\n\n\n\n<p>\u201c23 mil millones de pesos invertidos en la juventud mexicana. Nunca antes en la historia hab\u00edamos tenido un nivel de inversi\u00f3n similar por los j\u00f3venes. Vamos a seguir apoyando a las comunidades de j\u00f3venes que m\u00e1s lo requieran\u201d, declar\u00f3 Marath Baruch Bola\u00f1os, subsecretario de Empleo y Productividad Laboral, en un v\u00eddeo difundido en las redes sociales del programa.<\/p>\n\n\n\n<p>En ese sentido, el pago de la beca de los j\u00f3venes aprendices, pasar\u00e1 de 5 mil 258 pesos a 6 mil 309,75 pesos. El primer dep\u00f3sito de la beca J\u00f3venes Construyendo el Futuro para 2023 ser\u00e1 el pr\u00f3ximo viernes 13 de enero.<\/p>\n\n\n\n<p>De acuerdo con lo aprobado en el Presupuesto de Egresos de la Federaci\u00f3n 2023 (PPEF), el gobierno federal destinar\u00e1 600 mil 321.9 millones de pesos a 16 programas sociales, de los cuales, J\u00f3venes Construyendo el Futuro, recibir\u00e1 23 mil 090.5 millones de pesos.(Fuente:MVS)<\/p>\n\n\n\n<figure class=\"wp-block-embed-twitter wp-block-embed is-type-rich is-provider-twitter\"><div class=\"wp-block-embed__wrapper\">\n<div class=\"oceanwp-oembed-wrap clr\"><blockquote class=\"twitter-tweet\" data-width=\"550\" data-dnt=\"true\"><p lang=\"es\" dir=\"ltr\">\u2728\u00a1La beca es de quien la trabaja!\u2728<br><br>\u00a1Gracias al aumento al <a href=\"https:\/\/twitter.com\/hashtag\/SalarioM%C3%ADnimo2023?src=hash&amp;ref_src=twsrc%5Etfw\">#SalarioM\u00ednimo2023<\/a> a partir de enero recibir\u00e1s $6,309 pesos! <a href=\"https:\/\/t.co\/CD1SC9YpnU\">pic.twitter.com\/CD1SC9YpnU<\/a><\/p>&mdash; J\u00f3venes Construyendo el Futuro (@JovConFuturo) <a href=\"https:\/\/twitter.com\/JovConFuturo\/status\/1600177411630698502?ref_src=twsrc%5Etfw\">December 6, 2022<\/a><\/blockquote><script async src=\"https:\/\/platform.twitter.com\/widgets.js\" charset=\"utf-8\"><\/script><\/div>\n<\/div><\/figure>\n","protected":false},"excerpt":{"rendered":"<p>(Redacci\u00f3n) El pago de la beca de los j\u00f3venes aprendices, pasar\u00e1 de 5 mil 258 pesos a 6 mil 309,75 pesos El primer dep\u00f3sito de la beca J\u00f3venes Construyendo el Futuro para 2023 ser\u00e1 el pr\u00f3ximo viernes 13 de enero Ciudad de M\u00e9xico 07 de diciembre 2022.-De acuerdo con Luisa Mar\u00eda Alcalde, titular de la [&hellip;]<\/p>\n","protected":false},"author":1,"featured_media":209831,"comment_status":"open","ping_status":"open","sticky":false,"template":"","format":"standard","meta":{"footnotes":""},"categories":[8],"tags":[],"class_list":["post-209830","post","type-post","status-publish","format-standard","has-post-thumbnail","hentry","category-pais","entry","has-media"],"jetpack_featured_media_url":"http:\/\/vertienteglobal.com\/wp-content\/uploads\/2022\/12\/193964.jpg","_links":{"self":[{"href":"http:\/\/vertienteglobal.com\/index.php?rest_route=\/wp\/v2\/posts\/209830","targetHints":{"allow":["GET"]}}],"collection":[{"href":"http:\/\/vertienteglobal.com\/index.php?rest_route=\/wp\/v2\/posts"}],"about":[{"href":"http:\/\/vertienteglobal.com\/index.php?rest_route=\/wp\/v2\/types\/post"}],"author":[{"embeddable":true,"href":"http:\/\/vertienteglobal.com\/index.php?rest_route=\/wp\/v2\/users\/1"}],"replies":[{"embeddable":true,"href":"http:\/\/vertienteglobal.com\/index.php?rest_route=%2Fwp%2Fv2%2Fcomments&post=209830"}],"version-history":[{"count":0,"href":"http:\/\/vertienteglobal.com\/index.php?rest_route=\/wp\/v2\/posts\/209830\/revisions"}],"wp:featuredmedia":[{"embeddable":true,"href":"http:\/\/vertienteglobal.com\/index.php?rest_route=\/wp\/v2\/media\/209831"}],"wp:attachment":[{"href":"http:\/\/vertienteglobal.com\/index.php?rest_route=%2Fwp%2Fv2%2Fmedia&parent=209830"}],"wp:term":[{"taxonomy":"category","embeddable":true,"href":"http:\/\/vertienteglobal.com\/index.php?rest_route=%2Fwp%2Fv2%2Fcategories&post=209830"},{"taxonomy":"post_tag","embeddable":true,"href":"http:\/\/vertienteglobal.com\/index.php?rest_route=%2Fwp%2Fv2%2Ftags&post=209830"}],"curies":[{"name":"wp","href":"https:\/\/api.w.org\/{rel}","templated":true}]}}