{"id":209663,"date":"2022-12-05T19:24:00","date_gmt":"2022-12-06T01:24:00","guid":{"rendered":"http:\/\/vertienteglobal.com\/?p=209663"},"modified":"2022-12-05T22:12:55","modified_gmt":"2022-12-06T04:12:55","slug":"mara-lezama-pone-en-operaciones-la-oficina-de-transito-en-cancun","status":"publish","type":"post","link":"http:\/\/vertienteglobal.com\/?p=209663","title":{"rendered":"Mara Lezama pone en operaciones la oficina de Tr\u00e1nsito en Canc\u00fan"},"content":{"rendered":"\n<div class=\"twitterbutton\" style=\"float: right; padding-left: 5px;\"><a href=\"http:\/\/twitter.com\/share\" class=\"twitter-share-button\" data-count=\"horizontal\" data-text=\"Mara Lezama pone en operaciones la oficina de Tr\u00e1nsito en Canc\u00fan\" data-via=\"https:\/\/twitter.com\/VertienteGloba1\" data-url=\"http:\/\/vertienteglobal.com\/?p=209663\" data-lang=\"es\" data-related=\"Informaci\u00f3n general:S\u00edguenos para que est\u00e9ss informado\"><\/a><\/div>\n<figure class=\"wp-block-image size-large\"><img loading=\"lazy\" decoding=\"async\" width=\"585\" height=\"390\" src=\"http:\/\/vertienteglobal.com\/wp-content\/uploads\/2022\/12\/ML-OficinaTransito-03-585x390-1.jpeg\" alt=\"\" class=\"wp-image-209664\" srcset=\"http:\/\/vertienteglobal.com\/wp-content\/uploads\/2022\/12\/ML-OficinaTransito-03-585x390-1.jpeg 585w, http:\/\/vertienteglobal.com\/wp-content\/uploads\/2022\/12\/ML-OficinaTransito-03-585x390-1-300x200.jpeg 300w, http:\/\/vertienteglobal.com\/wp-content\/uploads\/2022\/12\/ML-OficinaTransito-03-585x390-1-150x100.jpeg 150w\" sizes=\"auto, (max-width: 585px) 100vw, 585px\" \/><\/figure>\n\n\n\n<p>(Trinidad Rivera)<\/p>\n\n\n\n<p>Totalmente modernizada, equipada y con infraestructura adecuada, acelerar\u00e1 tiempos de atenci\u00f3n y privilegiar\u00e1 la transparencia<\/p>\n\n\n\n<p>Canc\u00fan, Quintana Roo 05 de diciembre 2022.- La gobernadora Mara Lezama Espinosa dio el banderazo de inicio de operaciones del \u00e1rea de atenci\u00f3n al p\u00fablico de la Direcci\u00f3n de Tr\u00e1nsito en oficinas centrales de la Secretar\u00eda Municipal de Seguridad P\u00fablica, acompa\u00f1ada de la presidenta Anapaty Peralta de la Pe\u00f1a.<\/p>\n\n\n\n<p>La Gobernadora del Estado expres\u00f3 que el reinicio de operaciones de esta \u00e1rea representa el modelo que se quiere implementar en todo el Estado, donde la ciudadan\u00eda que acude a una oficina p\u00fablica a realizar tr\u00e1mites se sienta protegida y atendida con la agilidad y la calidez que se merece.<\/p>\n\n\n\n<p>Pero tambi\u00e9n es parte del Nuevo Acuerdo por el Bienestar y Desarrollo que se impulsa con la participaci\u00f3n de todas y todos los quintanarroenses, con la construcci\u00f3n de un modelo de movilidad innovador, con mejores calles y avenidas como el caso de la Colosio, pero tambi\u00e9n con mejores formas de atenci\u00f3n a la poblaci\u00f3n.<\/p>\n\n\n\n<p>Reiter\u00f3 que las obras de modernizaci\u00f3n del bulevar van a ritmo adelantado y concluir\u00e1n antes de tiempo. Y como buena nueva inform\u00f3 que tras la reuni\u00f3n ayer con el Presidente Andr\u00e9s Manuel L\u00f3pez Obrador, el puente de la laguna Nichupt\u00e9 ya no ser\u00e1 de tres, sino de cuatro carriles.<\/p>\n\n\n\n<p>En las nuevas instalaciones se aplicaron casi 15 millones de pesos provenientes del Derecho de Saneamiento Ambiental. Se rehabilitaron las oficinas centrales, se reequiparon las instalaciones, se adaptaron par atender a la poblaci\u00f3n con discapacidad y se acelerar\u00e1n los tiempos de espera.<\/p>\n\n\n\n<p>Ahora, se tiene capacidad para atender simult\u00e1neamente a 12 personas para obtener la licencia de conducir, lo que permite que los ciudadanos realicen sus tr\u00e1mites en el menor tiempo posible.<\/p>\n\n\n\n<p>La nueva infraestructura y dise\u00f1o de las oficinas, permitir\u00e1 evitar los actos de corrupci\u00f3n y brindar\u00e1 transparencia durante el ejercicio de las funciones de los servidores p\u00fablicos a la ciudadan\u00eda.<\/p>\n\n\n\n<p>Mara Lezama puntualiz\u00f3 que solo con orden es que se pueden erradicar las malas pr\u00e1cticas. \u201cY eso es lo que nos permiten estas nuevas instalaciones, que junto con el trabajo de nuestras servidoras y servidores p\u00fablicos; y la participaci\u00f3n de la ciudadan\u00eda, lograremos establecer orden en los tr\u00e1mites de Tr\u00e1nsito\u201d dijo Mara Lezama.<\/p>\n\n\n\n<p>Durante las explicaciones, el secretario municipal de Seguridad P\u00fablica y Tr\u00e1nsito, capit\u00e1n de corbeta Jos\u00e9 Pablo Mathey Cruz dijo a conocer que estas instalaciones ya estar\u00e1n funcionando para el p\u00fablico a partir de este martes, en el que se esperan atender hasta 400 tr\u00e1mites y gestiones por d\u00eda.<\/p>\n\n\n\n<p>La presidenta municipal Anapaty Peralta agradeci\u00f3 el apoyo y respaldo para terminar esta obra, tan esperada, tan simb\u00f3lica y pr\u00e1cticamente se levanta de entre sus cenizas.<\/p>\n\n\n\n<figure class=\"wp-block-image size-large\"><img loading=\"lazy\" decoding=\"async\" width=\"1024\" height=\"682\" src=\"http:\/\/vertienteglobal.com\/wp-content\/uploads\/2022\/12\/ML-OficinaTransito-01-1024x682.jpeg\" alt=\"\" class=\"wp-image-209665\" srcset=\"http:\/\/vertienteglobal.com\/wp-content\/uploads\/2022\/12\/ML-OficinaTransito-01-1024x682.jpeg 1024w, http:\/\/vertienteglobal.com\/wp-content\/uploads\/2022\/12\/ML-OficinaTransito-01-300x200.jpeg 300w, http:\/\/vertienteglobal.com\/wp-content\/uploads\/2022\/12\/ML-OficinaTransito-01-150x100.jpeg 150w, http:\/\/vertienteglobal.com\/wp-content\/uploads\/2022\/12\/ML-OficinaTransito-01-768x512.jpeg 768w, http:\/\/vertienteglobal.com\/wp-content\/uploads\/2022\/12\/ML-OficinaTransito-01-1536x1023.jpeg 1536w, http:\/\/vertienteglobal.com\/wp-content\/uploads\/2022\/12\/ML-OficinaTransito-01.jpeg 1600w\" sizes=\"auto, (max-width: 1024px) 100vw, 1024px\" \/><\/figure>\n\n\n\n<figure class=\"wp-block-image size-large\"><img loading=\"lazy\" decoding=\"async\" width=\"585\" height=\"390\" src=\"http:\/\/vertienteglobal.com\/wp-content\/uploads\/2022\/12\/ML-OficinaTransito-02-585x390-1.jpeg\" alt=\"\" class=\"wp-image-209666\" srcset=\"http:\/\/vertienteglobal.com\/wp-content\/uploads\/2022\/12\/ML-OficinaTransito-02-585x390-1.jpeg 585w, http:\/\/vertienteglobal.com\/wp-content\/uploads\/2022\/12\/ML-OficinaTransito-02-585x390-1-300x200.jpeg 300w, http:\/\/vertienteglobal.com\/wp-content\/uploads\/2022\/12\/ML-OficinaTransito-02-585x390-1-150x100.jpeg 150w\" sizes=\"auto, (max-width: 585px) 100vw, 585px\" \/><\/figure>\n\n\n\n<figure class=\"wp-block-image size-large\"><img loading=\"lazy\" decoding=\"async\" width=\"585\" height=\"389\" src=\"http:\/\/vertienteglobal.com\/wp-content\/uploads\/2022\/12\/ML-OficinaTransito-07-585x389-1.jpeg\" alt=\"\" class=\"wp-image-209667\" srcset=\"http:\/\/vertienteglobal.com\/wp-content\/uploads\/2022\/12\/ML-OficinaTransito-07-585x389-1.jpeg 585w, http:\/\/vertienteglobal.com\/wp-content\/uploads\/2022\/12\/ML-OficinaTransito-07-585x389-1-300x199.jpeg 300w, http:\/\/vertienteglobal.com\/wp-content\/uploads\/2022\/12\/ML-OficinaTransito-07-585x389-1-150x100.jpeg 150w\" sizes=\"auto, (max-width: 585px) 100vw, 585px\" \/><\/figure>\n\n\n\n<figure class=\"wp-block-image size-large\"><img loading=\"lazy\" decoding=\"async\" width=\"585\" height=\"389\" src=\"http:\/\/vertienteglobal.com\/wp-content\/uploads\/2022\/12\/ML-OficinaTransito-04-585x389-1.jpeg\" alt=\"\" class=\"wp-image-209668\" srcset=\"http:\/\/vertienteglobal.com\/wp-content\/uploads\/2022\/12\/ML-OficinaTransito-04-585x389-1.jpeg 585w, http:\/\/vertienteglobal.com\/wp-content\/uploads\/2022\/12\/ML-OficinaTransito-04-585x389-1-300x199.jpeg 300w, http:\/\/vertienteglobal.com\/wp-content\/uploads\/2022\/12\/ML-OficinaTransito-04-585x389-1-150x100.jpeg 150w\" sizes=\"auto, (max-width: 585px) 100vw, 585px\" \/><\/figure>\n","protected":false},"excerpt":{"rendered":"<p>(Trinidad Rivera) Totalmente modernizada, equipada y con infraestructura adecuada, acelerar\u00e1 tiempos de atenci\u00f3n y privilegiar\u00e1 la transparencia Canc\u00fan, Quintana Roo 05 de diciembre 2022.- La gobernadora Mara Lezama Espinosa dio el banderazo de inicio de operaciones del \u00e1rea de atenci\u00f3n al p\u00fablico de la Direcci\u00f3n de Tr\u00e1nsito en oficinas centrales de la Secretar\u00eda Municipal de [&hellip;]<\/p>\n","protected":false},"author":1,"featured_media":209664,"comment_status":"open","ping_status":"open","sticky":false,"template":"","format":"standard","meta":{"footnotes":""},"categories":[3],"tags":[],"class_list":["post-209663","post","type-post","status-publish","format-standard","has-post-thumbnail","hentry","category-quintana-roo","entry","has-media"],"jetpack_featured_media_url":"http:\/\/vertienteglobal.com\/wp-content\/uploads\/2022\/12\/ML-OficinaTransito-03-585x390-1.jpeg","_links":{"self":[{"href":"http:\/\/vertienteglobal.com\/index.php?rest_route=\/wp\/v2\/posts\/209663","targetHints":{"allow":["GET"]}}],"collection":[{"href":"http:\/\/vertienteglobal.com\/index.php?rest_route=\/wp\/v2\/posts"}],"about":[{"href":"http:\/\/vertienteglobal.com\/index.php?rest_route=\/wp\/v2\/types\/post"}],"author":[{"embeddable":true,"href":"http:\/\/vertienteglobal.com\/index.php?rest_route=\/wp\/v2\/users\/1"}],"replies":[{"embeddable":true,"href":"http:\/\/vertienteglobal.com\/index.php?rest_route=%2Fwp%2Fv2%2Fcomments&post=209663"}],"version-history":[{"count":0,"href":"http:\/\/vertienteglobal.com\/index.php?rest_route=\/wp\/v2\/posts\/209663\/revisions"}],"wp:featuredmedia":[{"embeddable":true,"href":"http:\/\/vertienteglobal.com\/index.php?rest_route=\/wp\/v2\/media\/209664"}],"wp:attachment":[{"href":"http:\/\/vertienteglobal.com\/index.php?rest_route=%2Fwp%2Fv2%2Fmedia&parent=209663"}],"wp:term":[{"taxonomy":"category","embeddable":true,"href":"http:\/\/vertienteglobal.com\/index.php?rest_route=%2Fwp%2Fv2%2Fcategories&post=209663"},{"taxonomy":"post_tag","embeddable":true,"href":"http:\/\/vertienteglobal.com\/index.php?rest_route=%2Fwp%2Fv2%2Ftags&post=209663"}],"curies":[{"name":"wp","href":"https:\/\/api.w.org\/{rel}","templated":true}]}}