{"id":209642,"date":"2022-12-05T12:52:00","date_gmt":"2022-12-05T18:52:00","guid":{"rendered":"http:\/\/vertienteglobal.com\/?p=209642"},"modified":"2022-12-05T22:03:19","modified_gmt":"2022-12-06T04:03:19","slug":"se-reune-fiscal-general-oscar-montes-de-oca-con-mujeres-extranjeras-para-conformar-agrupacion-contra-la-violencia-de-genero","status":"publish","type":"post","link":"http:\/\/vertienteglobal.com\/?p=209642","title":{"rendered":"Se re\u00fane Fiscal General \u00d3scar Montes de Oca con mujeres extranjeras para conformar agrupaci\u00f3n contra la violencia de g\u00e9nero"},"content":{"rendered":"\n<div class=\"twitterbutton\" style=\"float: right; padding-left: 5px;\"><a href=\"http:\/\/twitter.com\/share\" class=\"twitter-share-button\" data-count=\"horizontal\" data-text=\"Se re\u00fane Fiscal General \u00d3scar Montes de Oca con mujeres extranjeras para confo...\" data-via=\"https:\/\/twitter.com\/VertienteGloba1\" data-url=\"http:\/\/vertienteglobal.com\/?p=209642\" data-lang=\"es\" data-related=\"Informaci\u00f3n general:S\u00edguenos para que est\u00e9ss informado\"><\/a><\/div>\n<figure class=\"wp-block-image size-large\"><img loading=\"lazy\" decoding=\"async\" width=\"720\" height=\"494\" src=\"http:\/\/vertienteglobal.com\/wp-content\/uploads\/2022\/12\/FB_IMG_1670299249671.jpg\" alt=\"\" class=\"wp-image-209643\" srcset=\"http:\/\/vertienteglobal.com\/wp-content\/uploads\/2022\/12\/FB_IMG_1670299249671.jpg 720w, http:\/\/vertienteglobal.com\/wp-content\/uploads\/2022\/12\/FB_IMG_1670299249671-300x206.jpg 300w, http:\/\/vertienteglobal.com\/wp-content\/uploads\/2022\/12\/FB_IMG_1670299249671-150x103.jpg 150w\" sizes=\"auto, (max-width: 720px) 100vw, 720px\" \/><\/figure>\n\n\n\n\n\n<p>(Redacci\u00f3n)<\/p>\n\n\n\n<p>Refrenda el Fiscal General su compromiso de procurar justicia a este sector de la poblaci\u00f3n vulnerable, sin importar su nacionalidad ni calidad migratoria.<\/p>\n\n\n\n<p>Agradece el notario \u00c9dgar Ord\u00f3\u00f1ez Dur\u00e1n, a la Gobernadora Mara Lezama, al Fiscal General, \u00d3scar Montes de Oca y a la Mesa de Seguridad y Justicia para Mujeres, Ni\u00f1as, Ni\u00f1os y Adolescentes, la conformaci\u00f3n de esta agrupaci\u00f3n<\/p>\n\n\n\n<p>Canc\u00fan, Quintana Roo, a 5 de diciembre de 2022. El titular de la Fiscal\u00eda General del Estado, \u00d3scar Montes de Oca, sostuvo una reuni\u00f3n informativa con mujeres extranjeras que radican en la entidad y que han sido v\u00edctima de alg\u00fan tipo de violencia de g\u00e9nero, con el fin de conformar una agrupaci\u00f3n que las apoye y oriente en la formulaci\u00f3n de sus denuncias ante la FGE Quintana Roo.<\/p>\n\n\n\n<p>El Fiscal General refrend\u00f3 su compromiso de procurar justicia a este sector de la poblaci\u00f3n vulnerable, sin importar su nacionalidad ni calidad migratoria, por la que inst\u00f3 a los presentes a hacer extensa esta invitaci\u00f3n, para que m\u00e1s mujeres se acerquen a las autoridades y denuncien a sus agresores.<\/p>\n\n\n\n<p>\u201cMuchas mujeres, por desconocimiento de la ley, o por la barrera del idioma, no acuden a denunciar a sus agresores. El objetivo de este organismo es brindar acompa\u00f1amiento a las v\u00edctimas, a quienes se les apoyar\u00e1 con un traductor, adem\u00e1s de que recibir\u00e1n apoyo moral y psicol\u00f3gico, a fin de buscar el v\u00ednculo directo con la Fiscal\u00eda General del Estado de Quintana Roo\u201d, afirm\u00f3 \u00d3scar Montes de Oca.<\/p>\n\n\n\n<p>Refiri\u00f3 que por encomienda de la Gobernadora Mara Lezama, se debe garantizar la seguridad y procuraci\u00f3n de justicia de las mujeres, ni\u00f1as, ni\u00f1os y adolescentes para vivir en un entorno libre de violencia en el Estado, sea de la nacionalidad que sea.<\/p>\n\n\n\n<p>Por su parte, el notario \u00c9dgar Ord\u00f3\u00f1ez Dur\u00e1n agradeci\u00f3 a la Gobernadora Mara Lezama, al Fiscal General, \u00d3scar Montes de Oca y a la Mesa de Seguridad y Justicia para Mujeres, Ni\u00f1as, Ni\u00f1os y Adolescentes, la conformaci\u00f3n de esta agrupaci\u00f3n, cuyas acciones coadyuvar\u00e1n a fortalecer la atenci\u00f3n de mujeres extranjeras en la FGE Quintana Roo.<\/p>\n\n\n\n<p>A\u00f1adi\u00f3 que los objetivos b\u00e1sicos de la asociaci\u00f3n son auxiliar a las mujeres migrantes cuando sean v\u00edctimas de alg\u00fan tipo de violencia, ya sea f\u00edsica, psicol\u00f3gica, econ\u00f3mica, sexual, patrimonial o vicaria.<\/p>\n\n\n\n<p>En el evento estuvieron presentes Elibenia Pineda, Presidenta de la Mesa de Justicia para Mujeres, Ni\u00f1as, Ni\u00f1os y Adolescentes; autoridades de la Fiscal\u00eda General del Estado, as\u00ed coco mujeres extranjeras de Rusia, Rep\u00fablica Checa, Suecia, Polonia, Colombia, Argentina, entre otros.<\/p>\n\n\n\n<figure class=\"wp-block-image size-large\"><img loading=\"lazy\" decoding=\"async\" width=\"720\" height=\"344\" src=\"http:\/\/vertienteglobal.com\/wp-content\/uploads\/2022\/12\/FB_IMG_1670299256139.jpg\" alt=\"\" class=\"wp-image-209644\" srcset=\"http:\/\/vertienteglobal.com\/wp-content\/uploads\/2022\/12\/FB_IMG_1670299256139.jpg 720w, http:\/\/vertienteglobal.com\/wp-content\/uploads\/2022\/12\/FB_IMG_1670299256139-300x143.jpg 300w, http:\/\/vertienteglobal.com\/wp-content\/uploads\/2022\/12\/FB_IMG_1670299256139-150x72.jpg 150w\" sizes=\"auto, (max-width: 720px) 100vw, 720px\" \/><\/figure>\n\n\n\n<figure class=\"wp-block-image size-large\"><img loading=\"lazy\" decoding=\"async\" width=\"720\" height=\"430\" src=\"http:\/\/vertienteglobal.com\/wp-content\/uploads\/2022\/12\/FB_IMG_1670299260720.jpg\" alt=\"\" class=\"wp-image-209645\" srcset=\"http:\/\/vertienteglobal.com\/wp-content\/uploads\/2022\/12\/FB_IMG_1670299260720.jpg 720w, http:\/\/vertienteglobal.com\/wp-content\/uploads\/2022\/12\/FB_IMG_1670299260720-300x179.jpg 300w, http:\/\/vertienteglobal.com\/wp-content\/uploads\/2022\/12\/FB_IMG_1670299260720-150x90.jpg 150w\" sizes=\"auto, (max-width: 720px) 100vw, 720px\" \/><\/figure>\n","protected":false},"excerpt":{"rendered":"<p>(Redacci\u00f3n) Refrenda el Fiscal General su compromiso de procurar justicia a este sector de la poblaci\u00f3n vulnerable, sin importar su nacionalidad ni calidad migratoria. Agradece el notario \u00c9dgar Ord\u00f3\u00f1ez Dur\u00e1n, a la Gobernadora Mara Lezama, al Fiscal General, \u00d3scar Montes de Oca y a la Mesa de Seguridad y Justicia para Mujeres, Ni\u00f1as, Ni\u00f1os y [&hellip;]<\/p>\n","protected":false},"author":1,"featured_media":209645,"comment_status":"open","ping_status":"open","sticky":false,"template":"","format":"standard","meta":{"footnotes":""},"categories":[3],"tags":[],"class_list":["post-209642","post","type-post","status-publish","format-standard","has-post-thumbnail","hentry","category-quintana-roo","entry","has-media"],"jetpack_featured_media_url":"http:\/\/vertienteglobal.com\/wp-content\/uploads\/2022\/12\/FB_IMG_1670299260720.jpg","_links":{"self":[{"href":"http:\/\/vertienteglobal.com\/index.php?rest_route=\/wp\/v2\/posts\/209642","targetHints":{"allow":["GET"]}}],"collection":[{"href":"http:\/\/vertienteglobal.com\/index.php?rest_route=\/wp\/v2\/posts"}],"about":[{"href":"http:\/\/vertienteglobal.com\/index.php?rest_route=\/wp\/v2\/types\/post"}],"author":[{"embeddable":true,"href":"http:\/\/vertienteglobal.com\/index.php?rest_route=\/wp\/v2\/users\/1"}],"replies":[{"embeddable":true,"href":"http:\/\/vertienteglobal.com\/index.php?rest_route=%2Fwp%2Fv2%2Fcomments&post=209642"}],"version-history":[{"count":0,"href":"http:\/\/vertienteglobal.com\/index.php?rest_route=\/wp\/v2\/posts\/209642\/revisions"}],"wp:featuredmedia":[{"embeddable":true,"href":"http:\/\/vertienteglobal.com\/index.php?rest_route=\/wp\/v2\/media\/209645"}],"wp:attachment":[{"href":"http:\/\/vertienteglobal.com\/index.php?rest_route=%2Fwp%2Fv2%2Fmedia&parent=209642"}],"wp:term":[{"taxonomy":"category","embeddable":true,"href":"http:\/\/vertienteglobal.com\/index.php?rest_route=%2Fwp%2Fv2%2Fcategories&post=209642"},{"taxonomy":"post_tag","embeddable":true,"href":"http:\/\/vertienteglobal.com\/index.php?rest_route=%2Fwp%2Fv2%2Ftags&post=209642"}],"curies":[{"name":"wp","href":"https:\/\/api.w.org\/{rel}","templated":true}]}}