{"id":209580,"date":"2022-12-03T08:24:37","date_gmt":"2022-12-03T14:24:37","guid":{"rendered":"http:\/\/vertienteglobal.com\/?p=209580"},"modified":"2022-12-04T06:04:26","modified_gmt":"2022-12-04T12:04:26","slug":"carlos-sansores-primer-lugar-del-ranking-mundial-y-olimpico-de-taekwondo","status":"publish","type":"post","link":"http:\/\/vertienteglobal.com\/?p=209580","title":{"rendered":"Carlos Sansores, primer lugar del ranking mundial y ol\u00edmpico de taekwondo"},"content":{"rendered":"\n<div class=\"twitterbutton\" style=\"float: right; padding-left: 5px;\"><a href=\"http:\/\/twitter.com\/share\" class=\"twitter-share-button\" data-count=\"horizontal\" data-text=\"Carlos Sansores, primer lugar del ranking mundial y ol\u00edmpico de taekwondo\" data-via=\"https:\/\/twitter.com\/VertienteGloba1\" data-url=\"http:\/\/vertienteglobal.com\/?p=209580\" data-lang=\"es\" data-related=\"Informaci\u00f3n general:S\u00edguenos para que est\u00e9ss informado\"><\/a><\/div>\n<figure class=\"wp-block-image size-large\"><img loading=\"lazy\" decoding=\"async\" width=\"905\" height=\"554\" src=\"http:\/\/vertienteglobal.com\/wp-content\/uploads\/2022\/12\/FB_IMG_1670155341047.jpg\" alt=\"\" class=\"wp-image-209581\" srcset=\"http:\/\/vertienteglobal.com\/wp-content\/uploads\/2022\/12\/FB_IMG_1670155341047.jpg 905w, http:\/\/vertienteglobal.com\/wp-content\/uploads\/2022\/12\/FB_IMG_1670155341047-300x184.jpg 300w, http:\/\/vertienteglobal.com\/wp-content\/uploads\/2022\/12\/FB_IMG_1670155341047-150x92.jpg 150w, http:\/\/vertienteglobal.com\/wp-content\/uploads\/2022\/12\/FB_IMG_1670155341047-768x470.jpg 768w\" sizes=\"auto, (max-width: 905px) 100vw, 905px\" \/><\/figure>\n\n\n\n<p>(Redacci\u00f3n)<\/p>\n\n\n\n<p>Eric Arcila Arjona, presidente de la Comisi\u00f3n para la Juventud y el Deporte de Quintana Roo (COJUDEQ) resalt\u00f3 que Carlos representa un orgullo para la entidad, su disciplina y excelente desempe\u00f1o lo posiciona como el mejor del mundo, lo que reitera que el talento existe, s\u00f3lo es necesario apoyarlo<\/p>\n\n\n\n<p>Canc\u00fan, Quintana Roo, a 03 de diciembre de 2022.- Luego de proclamarse campe\u00f3n mundial en \u2018Guadalajara 2022\u2019, el taekwondo\u00edn quintanarroense Carlos Adri\u00e1n Sansores Acevedo ocupa el primer lugar del ranking mundial y ol\u00edmpico de este mes.<\/p>\n\n\n\n<p>En este sentido, Eric Arcila Arjona, presidente de la Comisi\u00f3n para la Juventud y el Deporte de Quintana Roo (COJUDEQ) resalt\u00f3 que Carlos representa un orgullo para la entidad, su disciplina y excelente desempe\u00f1o lo posiciona como el mejor del mundo, lo que reitera que el talento existe, s\u00f3lo es necesario apoyarlo.<\/p>\n\n\n\n<p>\u201cEstamos sumamente orgullosos de Carlos, ya que ha puesto a Quintana Roo en ojo del mundo con su gran trabajo; sabemos que el talento en nuestro estado existe, es por eso que en el nuevo Gobierno el compromiso es apoyar e impulsar a la ni\u00f1ez y juventud para que cada vez sea m\u00e1s los quintanarroenses que como \u00e9l conquisten sean los mejores del planeta\u201d, manifest\u00f3 el presidente de la COJUDEQ.<\/p>\n\n\n\n<p>Sansores Acevedo totaliza 321.03 puntos en la categor\u00eda mundial de +87 kilogramos y 318.03 unidades en la categor\u00eda ol\u00edmpica de +80 kilogramos ocupando en ambas categor\u00edas el sitio de honor, inform\u00f3 la Federaci\u00f3n Mexicana de Taekwondo.<\/p>\n\n\n\n<p>El nacido en Chetumal, pero formado deportivamente en Canc\u00fan, donde tambi\u00e9n radica, por lo pronto se prepara para participar en el Grand Prix Final, a disputarse del 8 al 10 de diciembre en Riyadh, Arabia Saudita.<\/p>\n\n\n\n<p>\u201cHay que seguir entrenando fuerte, ya que en este mes de diciembre tengo el Grand Prix Final de Arabia Saudita\u201d, resalt\u00f3 el ol\u00edmpico en Tokio 2020, quien inici\u00f3 su camino rumbo a \u2018Par\u00eds 2024.<\/p>\n\n\n\n<figure class=\"wp-block-image size-large\"><img loading=\"lazy\" decoding=\"async\" width=\"585\" height=\"381\" src=\"http:\/\/vertienteglobal.com\/wp-content\/uploads\/2022\/12\/FB_IMG_1670155345487.jpg\" alt=\"\" class=\"wp-image-209582\" srcset=\"http:\/\/vertienteglobal.com\/wp-content\/uploads\/2022\/12\/FB_IMG_1670155345487.jpg 585w, http:\/\/vertienteglobal.com\/wp-content\/uploads\/2022\/12\/FB_IMG_1670155345487-300x195.jpg 300w, http:\/\/vertienteglobal.com\/wp-content\/uploads\/2022\/12\/FB_IMG_1670155345487-150x98.jpg 150w\" sizes=\"auto, (max-width: 585px) 100vw, 585px\" \/><\/figure>\n\n\n\n<figure class=\"wp-block-image size-large\"><img loading=\"lazy\" decoding=\"async\" width=\"585\" height=\"386\" src=\"http:\/\/vertienteglobal.com\/wp-content\/uploads\/2022\/12\/FB_IMG_1670155349462.jpg\" alt=\"\" class=\"wp-image-209583\" srcset=\"http:\/\/vertienteglobal.com\/wp-content\/uploads\/2022\/12\/FB_IMG_1670155349462.jpg 585w, http:\/\/vertienteglobal.com\/wp-content\/uploads\/2022\/12\/FB_IMG_1670155349462-300x198.jpg 300w, http:\/\/vertienteglobal.com\/wp-content\/uploads\/2022\/12\/FB_IMG_1670155349462-150x99.jpg 150w\" sizes=\"auto, (max-width: 585px) 100vw, 585px\" \/><\/figure>\n","protected":false},"excerpt":{"rendered":"<p>(Redacci\u00f3n) Eric Arcila Arjona, presidente de la Comisi\u00f3n para la Juventud y el Deporte de Quintana Roo (COJUDEQ) resalt\u00f3 que Carlos representa un orgullo para la entidad, su disciplina y excelente desempe\u00f1o lo posiciona como el mejor del mundo, lo que reitera que el talento existe, s\u00f3lo es necesario apoyarlo Canc\u00fan, Quintana Roo, a 03 [&hellip;]<\/p>\n","protected":false},"author":1,"featured_media":209581,"comment_status":"open","ping_status":"open","sticky":false,"template":"","format":"standard","meta":{"footnotes":""},"categories":[11,3],"tags":[],"class_list":["post-209580","post","type-post","status-publish","format-standard","has-post-thumbnail","hentry","category-deportes","category-quintana-roo","entry","has-media"],"jetpack_featured_media_url":"http:\/\/vertienteglobal.com\/wp-content\/uploads\/2022\/12\/FB_IMG_1670155341047.jpg","_links":{"self":[{"href":"http:\/\/vertienteglobal.com\/index.php?rest_route=\/wp\/v2\/posts\/209580","targetHints":{"allow":["GET"]}}],"collection":[{"href":"http:\/\/vertienteglobal.com\/index.php?rest_route=\/wp\/v2\/posts"}],"about":[{"href":"http:\/\/vertienteglobal.com\/index.php?rest_route=\/wp\/v2\/types\/post"}],"author":[{"embeddable":true,"href":"http:\/\/vertienteglobal.com\/index.php?rest_route=\/wp\/v2\/users\/1"}],"replies":[{"embeddable":true,"href":"http:\/\/vertienteglobal.com\/index.php?rest_route=%2Fwp%2Fv2%2Fcomments&post=209580"}],"version-history":[{"count":0,"href":"http:\/\/vertienteglobal.com\/index.php?rest_route=\/wp\/v2\/posts\/209580\/revisions"}],"wp:featuredmedia":[{"embeddable":true,"href":"http:\/\/vertienteglobal.com\/index.php?rest_route=\/wp\/v2\/media\/209581"}],"wp:attachment":[{"href":"http:\/\/vertienteglobal.com\/index.php?rest_route=%2Fwp%2Fv2%2Fmedia&parent=209580"}],"wp:term":[{"taxonomy":"category","embeddable":true,"href":"http:\/\/vertienteglobal.com\/index.php?rest_route=%2Fwp%2Fv2%2Fcategories&post=209580"},{"taxonomy":"post_tag","embeddable":true,"href":"http:\/\/vertienteglobal.com\/index.php?rest_route=%2Fwp%2Fv2%2Ftags&post=209580"}],"curies":[{"name":"wp","href":"https:\/\/api.w.org\/{rel}","templated":true}]}}