{"id":209550,"date":"2022-12-02T12:41:00","date_gmt":"2022-12-02T18:41:00","guid":{"rendered":"http:\/\/vertienteglobal.com\/?p=209550"},"modified":"2022-12-02T19:44:14","modified_gmt":"2022-12-03T01:44:14","slug":"invita-ana-patricia-peralta-a-aprovechar-campana-de-descuentos-de-predial-2023","status":"publish","type":"post","link":"http:\/\/vertienteglobal.com\/?p=209550","title":{"rendered":"Invita Ana Patricia Peralta a aprovechar campa\u00f1a de descuentos de predial 2023"},"content":{"rendered":"\n<div class=\"twitterbutton\" style=\"float: right; padding-left: 5px;\"><a href=\"http:\/\/twitter.com\/share\" class=\"twitter-share-button\" data-count=\"horizontal\" data-text=\"Invita Ana Patricia Peralta a aprovechar campa\u00f1a de descuentos de predial 2023\" data-via=\"https:\/\/twitter.com\/VertienteGloba1\" data-url=\"http:\/\/vertienteglobal.com\/?p=209550\" data-lang=\"es\" data-related=\"Informaci\u00f3n general:S\u00edguenos para que est\u00e9ss informado\"><\/a><\/div>\n<figure class=\"wp-block-image size-large\"><img loading=\"lazy\" decoding=\"async\" width=\"720\" height=\"495\" src=\"http:\/\/vertienteglobal.com\/wp-content\/uploads\/2022\/12\/FB_IMG_1670031672079.jpg\" alt=\"\" class=\"wp-image-209552\" srcset=\"http:\/\/vertienteglobal.com\/wp-content\/uploads\/2022\/12\/FB_IMG_1670031672079.jpg 720w, http:\/\/vertienteglobal.com\/wp-content\/uploads\/2022\/12\/FB_IMG_1670031672079-300x206.jpg 300w, http:\/\/vertienteglobal.com\/wp-content\/uploads\/2022\/12\/FB_IMG_1670031672079-150x103.jpg 150w\" sizes=\"auto, (max-width: 720px) 100vw, 720px\" \/><\/figure>\n\n\n\n<p>(Redacci\u00f3n)<\/p>\n\n\n\n<p>Supervisa m\u00f3dulo en Palacio Municipal que tendr\u00e1 la estrategia \u201cCero papel\u201d, para que los contribuyentes generen su c\u00f3digo QR con el balance de manera digital de ese concepto<\/p>\n\n\n\n<p>Canc\u00fan, Quintana Roo, a 02 de diciembre de 2022.- La Presidenta Municipal, Ana Patricia Peralta, supervis\u00f3 \u00faltimos detalles del arranque de la campa\u00f1a para el pago de predial 2023 \u201cAh\u00f3rrate una lanita\u201d, mismo que ser\u00e1 del 5 de diciembre al 28 de febrero del siguiente a\u00f1o y ofrecer\u00e1 diferentes descuentos en beneficio de las familias cancunenses.<\/p>\n\n\n\n<p>Al realizar un recorrido en el exterior de la direcci\u00f3n de Ingresos, en el Palacio Municipal, anunci\u00f3 que para facilitar este tr\u00e1mite a los contribuyentes, se abrir\u00e1n 17 m\u00f3dulos para estado de cuenta y pago en diferentes zonas de la ciudad, tanto plazas comerciales, oficinas de varias dependencias municipales y otros sitios.<\/p>\n\n\n\n<p>Destac\u00f3 que de manera particular en las mesas de atenci\u00f3n del Palacio Municipal, se har\u00e1 la estrategia de \u201cCero papel\u201d, para que los servidores p\u00fablicos apoyen a los ciudadanos en la generaci\u00f3n del c\u00f3digo QR con el balance de manera digital de dicha contribuci\u00f3n, lo que significa un ahorro en papel y un beneficio para el medio ambiente.<\/p>\n\n\n\n<p>Al respecto, el director de Ingresos, Yuri Salazar Ceballos, resalt\u00f3 que para dar continuidad a la digitalizaci\u00f3n de los servicios municipales, se instalar\u00e1n pantallas para que el contribuyente capture su c\u00e9dula catastral (disponible en recibos anteriores) y pueda emitir el c\u00f3digo QR, que le permitir\u00e1 escanear con su tel\u00e9fono inteligente u otro dispositivo m\u00f3vil, para verificar su estado de cuenta y pase de caja, para que acuda posteriormente a cualquiera de los m\u00f3dulos de pago.<\/p>\n\n\n\n<p>La Presidenta Municipal record\u00f3 que la campa\u00f1a incluye descuentos en tres fases que son: 15 por ciento, del 5 al 20 de diciembre de 2022; 10 por ciento, del 21 de diciembre de 2022 al 15 de enero de 2023; as\u00ed como de 5 por ciento, del 16 de enero al 28 de febrero de 2023.<\/p>\n\n\n\n<p>Adicionalmente, se facilitar\u00e1 el 50 por ciento menos a jubilados, pensionados y adultos mayores as\u00ed como personas con discapacidad, del 5 de diciembre al 31 de marzo; mientras que del 5 de diciembre al 28 de febrero de 2023, habr\u00e1 incentivos complementarios como: 50 por ciento menos en el pago de recargos y 100 por ciento en multas impuestos por motivo del predial, mediante la direcci\u00f3n de Ingresos; as\u00ed como 50 por ciento en cambio de propietario y cambio de condici\u00f3n de la direcci\u00f3n de Catastro.<\/p>\n\n\n\n<p>CAJA DE DATOS<\/p>\n\n\n\n<p>M\u00f3dulos de pago y estado de cuenta campa\u00f1a \u201cAh\u00f3rrate una lanita\u201d:<\/p>\n\n\n\n<p>Palacio Municipal<br>Tr\u00e1nsito<br>Catastro<br>Desarrollo Urbano<br>Centro de Retenci\u00f3n y Sanciones Administrativas (\u201cTorito\u201d)<br>Ventanilla \u00danica de Tr\u00e1mites y Servicios<br>Registro Civil Palapas<br>Registro Civil Supermanzana 94<br>Registro Civil Supermanzana 95<br>Registro Civil Supermanzana 237<br>Polic\u00eda Tur\u00edstica<br>Delegaci\u00f3n Alfredo V. Bonfil<br>Plaza Mis H\u00e9roes<br>Plaza Las Am\u00e9ricas<br>Plaza Outlet<br>Canaco<br>Sindicato de Taxistas<\/p>\n\n\n\n<figure class=\"wp-block-image size-large\"><img loading=\"lazy\" decoding=\"async\" width=\"720\" height=\"536\" src=\"http:\/\/vertienteglobal.com\/wp-content\/uploads\/2022\/12\/FB_IMG_1670031682037.jpg\" alt=\"\" class=\"wp-image-209553\" srcset=\"http:\/\/vertienteglobal.com\/wp-content\/uploads\/2022\/12\/FB_IMG_1670031682037.jpg 720w, http:\/\/vertienteglobal.com\/wp-content\/uploads\/2022\/12\/FB_IMG_1670031682037-300x223.jpg 300w, http:\/\/vertienteglobal.com\/wp-content\/uploads\/2022\/12\/FB_IMG_1670031682037-150x112.jpg 150w\" sizes=\"auto, (max-width: 720px) 100vw, 720px\" \/><\/figure>\n\n\n\n<figure class=\"wp-block-image size-large\"><img loading=\"lazy\" decoding=\"async\" width=\"720\" height=\"572\" src=\"http:\/\/vertienteglobal.com\/wp-content\/uploads\/2022\/12\/FB_IMG_1670031676775.jpg\" alt=\"\" class=\"wp-image-209551\" srcset=\"http:\/\/vertienteglobal.com\/wp-content\/uploads\/2022\/12\/FB_IMG_1670031676775.jpg 720w, http:\/\/vertienteglobal.com\/wp-content\/uploads\/2022\/12\/FB_IMG_1670031676775-300x238.jpg 300w, http:\/\/vertienteglobal.com\/wp-content\/uploads\/2022\/12\/FB_IMG_1670031676775-150x119.jpg 150w\" sizes=\"auto, (max-width: 720px) 100vw, 720px\" \/><\/figure>\n","protected":false},"excerpt":{"rendered":"<p>(Redacci\u00f3n) Supervisa m\u00f3dulo en Palacio Municipal que tendr\u00e1 la estrategia \u201cCero papel\u201d, para que los contribuyentes generen su c\u00f3digo QR con el balance de manera digital de ese concepto Canc\u00fan, Quintana Roo, a 02 de diciembre de 2022.- La Presidenta Municipal, Ana Patricia Peralta, supervis\u00f3 \u00faltimos detalles del arranque de la campa\u00f1a para el pago [&hellip;]<\/p>\n","protected":false},"author":1,"featured_media":209552,"comment_status":"open","ping_status":"open","sticky":false,"template":"","format":"standard","meta":{"footnotes":""},"categories":[3],"tags":[],"class_list":["post-209550","post","type-post","status-publish","format-standard","has-post-thumbnail","hentry","category-quintana-roo","entry","has-media"],"jetpack_featured_media_url":"http:\/\/vertienteglobal.com\/wp-content\/uploads\/2022\/12\/FB_IMG_1670031672079.jpg","_links":{"self":[{"href":"http:\/\/vertienteglobal.com\/index.php?rest_route=\/wp\/v2\/posts\/209550","targetHints":{"allow":["GET"]}}],"collection":[{"href":"http:\/\/vertienteglobal.com\/index.php?rest_route=\/wp\/v2\/posts"}],"about":[{"href":"http:\/\/vertienteglobal.com\/index.php?rest_route=\/wp\/v2\/types\/post"}],"author":[{"embeddable":true,"href":"http:\/\/vertienteglobal.com\/index.php?rest_route=\/wp\/v2\/users\/1"}],"replies":[{"embeddable":true,"href":"http:\/\/vertienteglobal.com\/index.php?rest_route=%2Fwp%2Fv2%2Fcomments&post=209550"}],"version-history":[{"count":0,"href":"http:\/\/vertienteglobal.com\/index.php?rest_route=\/wp\/v2\/posts\/209550\/revisions"}],"wp:featuredmedia":[{"embeddable":true,"href":"http:\/\/vertienteglobal.com\/index.php?rest_route=\/wp\/v2\/media\/209552"}],"wp:attachment":[{"href":"http:\/\/vertienteglobal.com\/index.php?rest_route=%2Fwp%2Fv2%2Fmedia&parent=209550"}],"wp:term":[{"taxonomy":"category","embeddable":true,"href":"http:\/\/vertienteglobal.com\/index.php?rest_route=%2Fwp%2Fv2%2Fcategories&post=209550"},{"taxonomy":"post_tag","embeddable":true,"href":"http:\/\/vertienteglobal.com\/index.php?rest_route=%2Fwp%2Fv2%2Ftags&post=209550"}],"curies":[{"name":"wp","href":"https:\/\/api.w.org\/{rel}","templated":true}]}}