{"id":209480,"date":"2022-12-02T18:52:00","date_gmt":"2022-12-03T00:52:00","guid":{"rendered":"http:\/\/vertienteglobal.com\/?p=209480"},"modified":"2022-12-02T19:02:53","modified_gmt":"2022-12-03T01:02:53","slug":"mara-lezama-participa-en-la-estrategia-nacional-para-garantizar-la-paz-y-seguridad-de-quintana-roo","status":"publish","type":"post","link":"http:\/\/vertienteglobal.com\/?p=209480","title":{"rendered":"Mara Lezama participa en la estrategia nacional para garantizar la paz y seguridad de Quintana Roo"},"content":{"rendered":"\n<div class=\"twitterbutton\" style=\"float: right; padding-left: 5px;\"><a href=\"http:\/\/twitter.com\/share\" class=\"twitter-share-button\" data-count=\"horizontal\" data-text=\"Mara Lezama participa en la estrategia nacional para garantizar la paz y segurid...\" data-via=\"https:\/\/twitter.com\/VertienteGloba1\" data-url=\"http:\/\/vertienteglobal.com\/?p=209480\" data-lang=\"es\" data-related=\"Informaci\u00f3n general:S\u00edguenos para que est\u00e9ss informado\"><\/a><\/div>\n<figure class=\"wp-block-image size-large\"><img loading=\"lazy\" decoding=\"async\" width=\"1024\" height=\"416\" src=\"http:\/\/vertienteglobal.com\/wp-content\/uploads\/2022\/12\/ML-Estrategia-01-1024x416.jpeg\" alt=\"\" class=\"wp-image-209481\" srcset=\"http:\/\/vertienteglobal.com\/wp-content\/uploads\/2022\/12\/ML-Estrategia-01-1024x416.jpeg 1024w, http:\/\/vertienteglobal.com\/wp-content\/uploads\/2022\/12\/ML-Estrategia-01-300x122.jpeg 300w, http:\/\/vertienteglobal.com\/wp-content\/uploads\/2022\/12\/ML-Estrategia-01-150x61.jpeg 150w, http:\/\/vertienteglobal.com\/wp-content\/uploads\/2022\/12\/ML-Estrategia-01-768x312.jpeg 768w, http:\/\/vertienteglobal.com\/wp-content\/uploads\/2022\/12\/ML-Estrategia-01-1536x624.jpeg 1536w, http:\/\/vertienteglobal.com\/wp-content\/uploads\/2022\/12\/ML-Estrategia-01.jpeg 1575w\" sizes=\"auto, (max-width: 1024px) 100vw, 1024px\" \/><\/figure>\n\n\n\n<p>(Redacci\u00f3n)<\/p>\n\n\n\n<p>Reconoce avances y trabajo coordinado en todos los niveles de gobierno<\/p>\n\n\n\n<p>Alvarado Veracruz, a 02 de diciembre de 2022.-Trabajando en coordinaci\u00f3n con el Gobierno de M\u00e9xico se consolida una estrategia integral para garantizar la paz y la tranquilidad en Quintana Roo, destac\u00f3 la gobernadora Mara Lezama Espinosa al participar en la XLVIII Sesi\u00f3n Ordinaria del Consejo Nacional de Seguridad P\u00fablica, encabezada por el presidente, Andr\u00e9s Manuel L\u00f3pez Obrador.<\/p>\n\n\n\n<p>\u201cReconocemos el trabajo y los avances en la estrategia de seguridad nacional y el esfuerzo del Gobierno de M\u00e9xico por aumentar el presupuesto federal, para atender la principal demanda social en el pa\u00eds, misma acci\u00f3n que realizamos en Quintana Roo como parte del Nuevo Acuerdo\u201d afirm\u00f3 Mara Lezama.<\/p>\n\n\n\n<p>Celebr\u00f3 el trabajo en conjunto de los 3 \u00f3rdenes de gobierno en la pacificaci\u00f3n del pa\u00eds, con una agenda com\u00fan para que haya menos violencia y m\u00e1s seguridad para la gente.<\/p>\n\n\n\n<p>La Gobernadora del Estado se\u00f1al\u00f3 que tiene como prioridad garantizar la correcta aplicaci\u00f3n de las acciones en materia de seguridad para materializar el cambio verdadero, con la implementaci\u00f3n del Modelo Nacional de Polic\u00eda y Justicia C\u00edvica para una estrategia integral que impactar\u00e1 en toda la poblaci\u00f3n.<\/p>\n\n\n\n<p>Por ello, en el presupuesto de egresos de Quintana Roo para el a\u00f1o pr\u00f3ximo se consider\u00f3 la integraci\u00f3n del Fondo para el Fortalecimiento de la Seguridad, a fin de garantizar la seguridad, no solo con una mejor polic\u00eda y coordinaci\u00f3n con las fuerzas armadas, sino atendiendo las causas y origen de la violencia y delincuencia.<\/p>\n\n\n\n<p>Durante el evento, el presidente L\u00f3pez Obrador destac\u00f3 que su gobierno seguir\u00e1 trabajando para garantizar la paz y la tranquilidad en el pa\u00eds, apoyando a la poblaci\u00f3n de manera conjunta, municipios, estado, federaci\u00f3n.<\/p>\n\n\n\n<p>En Quintana Roo, en fecha recientes, se recibi\u00f3 a 200 cadetes de la Secretar\u00eda de Marina para sumarse a las tareas de operativos de seguridad y restablecer la paz social.<\/p>\n\n\n\n<figure class=\"wp-block-image size-large\"><img loading=\"lazy\" decoding=\"async\" width=\"585\" height=\"390\" src=\"http:\/\/vertienteglobal.com\/wp-content\/uploads\/2022\/12\/ML-Estrategia-02-585x390-1.jpeg\" alt=\"\" class=\"wp-image-209482\" srcset=\"http:\/\/vertienteglobal.com\/wp-content\/uploads\/2022\/12\/ML-Estrategia-02-585x390-1.jpeg 585w, http:\/\/vertienteglobal.com\/wp-content\/uploads\/2022\/12\/ML-Estrategia-02-585x390-1-300x200.jpeg 300w, http:\/\/vertienteglobal.com\/wp-content\/uploads\/2022\/12\/ML-Estrategia-02-585x390-1-150x100.jpeg 150w\" sizes=\"auto, (max-width: 585px) 100vw, 585px\" \/><\/figure>\n\n\n\n<figure class=\"wp-block-image size-large\"><img loading=\"lazy\" decoding=\"async\" width=\"585\" height=\"390\" src=\"http:\/\/vertienteglobal.com\/wp-content\/uploads\/2022\/12\/ML-Estrategia-03-585x390-1.jpeg\" alt=\"\" class=\"wp-image-209483\" srcset=\"http:\/\/vertienteglobal.com\/wp-content\/uploads\/2022\/12\/ML-Estrategia-03-585x390-1.jpeg 585w, http:\/\/vertienteglobal.com\/wp-content\/uploads\/2022\/12\/ML-Estrategia-03-585x390-1-300x200.jpeg 300w, http:\/\/vertienteglobal.com\/wp-content\/uploads\/2022\/12\/ML-Estrategia-03-585x390-1-150x100.jpeg 150w\" sizes=\"auto, (max-width: 585px) 100vw, 585px\" \/><\/figure>\n\n\n\n<figure class=\"wp-block-image size-large\"><img loading=\"lazy\" decoding=\"async\" width=\"585\" height=\"390\" src=\"http:\/\/vertienteglobal.com\/wp-content\/uploads\/2022\/12\/ML-Estrategia-04-585x390-1.jpeg\" alt=\"\" class=\"wp-image-209484\" srcset=\"http:\/\/vertienteglobal.com\/wp-content\/uploads\/2022\/12\/ML-Estrategia-04-585x390-1.jpeg 585w, http:\/\/vertienteglobal.com\/wp-content\/uploads\/2022\/12\/ML-Estrategia-04-585x390-1-300x200.jpeg 300w, http:\/\/vertienteglobal.com\/wp-content\/uploads\/2022\/12\/ML-Estrategia-04-585x390-1-150x100.jpeg 150w\" sizes=\"auto, (max-width: 585px) 100vw, 585px\" \/><\/figure>\n","protected":false},"excerpt":{"rendered":"<p>(Redacci\u00f3n) Reconoce avances y trabajo coordinado en todos los niveles de gobierno Alvarado Veracruz, a 02 de diciembre de 2022.-Trabajando en coordinaci\u00f3n con el Gobierno de M\u00e9xico se consolida una estrategia integral para garantizar la paz y la tranquilidad en Quintana Roo, destac\u00f3 la gobernadora Mara Lezama Espinosa al participar en la XLVIII Sesi\u00f3n Ordinaria [&hellip;]<\/p>\n","protected":false},"author":1,"featured_media":209481,"comment_status":"open","ping_status":"open","sticky":false,"template":"","format":"standard","meta":{"footnotes":""},"categories":[3,7],"tags":[],"class_list":["post-209480","post","type-post","status-publish","format-standard","has-post-thumbnail","hentry","category-quintana-roo","category-veracruz","entry","has-media"],"jetpack_featured_media_url":"http:\/\/vertienteglobal.com\/wp-content\/uploads\/2022\/12\/ML-Estrategia-01.jpeg","_links":{"self":[{"href":"http:\/\/vertienteglobal.com\/index.php?rest_route=\/wp\/v2\/posts\/209480","targetHints":{"allow":["GET"]}}],"collection":[{"href":"http:\/\/vertienteglobal.com\/index.php?rest_route=\/wp\/v2\/posts"}],"about":[{"href":"http:\/\/vertienteglobal.com\/index.php?rest_route=\/wp\/v2\/types\/post"}],"author":[{"embeddable":true,"href":"http:\/\/vertienteglobal.com\/index.php?rest_route=\/wp\/v2\/users\/1"}],"replies":[{"embeddable":true,"href":"http:\/\/vertienteglobal.com\/index.php?rest_route=%2Fwp%2Fv2%2Fcomments&post=209480"}],"version-history":[{"count":0,"href":"http:\/\/vertienteglobal.com\/index.php?rest_route=\/wp\/v2\/posts\/209480\/revisions"}],"wp:featuredmedia":[{"embeddable":true,"href":"http:\/\/vertienteglobal.com\/index.php?rest_route=\/wp\/v2\/media\/209481"}],"wp:attachment":[{"href":"http:\/\/vertienteglobal.com\/index.php?rest_route=%2Fwp%2Fv2%2Fmedia&parent=209480"}],"wp:term":[{"taxonomy":"category","embeddable":true,"href":"http:\/\/vertienteglobal.com\/index.php?rest_route=%2Fwp%2Fv2%2Fcategories&post=209480"},{"taxonomy":"post_tag","embeddable":true,"href":"http:\/\/vertienteglobal.com\/index.php?rest_route=%2Fwp%2Fv2%2Ftags&post=209480"}],"curies":[{"name":"wp","href":"https:\/\/api.w.org\/{rel}","templated":true}]}}