{"id":209370,"date":"2022-11-30T21:47:08","date_gmt":"2022-12-01T03:47:08","guid":{"rendered":"http:\/\/vertienteglobal.com\/?p=209370"},"modified":"2022-12-01T08:49:43","modified_gmt":"2022-12-01T14:49:43","slug":"con-la-ciudadania-se-construyen-el-nuevo-acuerdo-por-el-bienestar-y-desarrollo-de-quintana-roo","status":"publish","type":"post","link":"http:\/\/vertienteglobal.com\/?p=209370","title":{"rendered":"Con la ciudadan\u00eda se construyen el Nuevo Acuerdo por el Bienestar y Desarrollo de Quintana Roo"},"content":{"rendered":"\n<div class=\"twitterbutton\" style=\"float: right; padding-left: 5px;\"><a href=\"http:\/\/twitter.com\/share\" class=\"twitter-share-button\" data-count=\"horizontal\" data-text=\"Con la ciudadan\u00eda se construyen el Nuevo Acuerdo por el Bienestar y Desarrollo ...\" data-via=\"https:\/\/twitter.com\/VertienteGloba1\" data-url=\"http:\/\/vertienteglobal.com\/?p=209370\" data-lang=\"es\" data-related=\"Informaci\u00f3n general:S\u00edguenos para que est\u00e9ss informado\"><\/a><\/div>\n<figure class=\"wp-block-image size-large\"><img loading=\"lazy\" decoding=\"async\" width=\"585\" height=\"390\" src=\"http:\/\/vertienteglobal.com\/wp-content\/uploads\/2022\/12\/SEDETUS-Acuerdo-05-585x390-1.jpeg\" alt=\"\" class=\"wp-image-209371\" srcset=\"http:\/\/vertienteglobal.com\/wp-content\/uploads\/2022\/12\/SEDETUS-Acuerdo-05-585x390-1.jpeg 585w, http:\/\/vertienteglobal.com\/wp-content\/uploads\/2022\/12\/SEDETUS-Acuerdo-05-585x390-1-300x200.jpeg 300w, http:\/\/vertienteglobal.com\/wp-content\/uploads\/2022\/12\/SEDETUS-Acuerdo-05-585x390-1-150x100.jpeg 150w\" sizes=\"auto, (max-width: 585px) 100vw, 585px\" \/><\/figure>\n\n\n\n<p>(Redacci\u00f3n)<\/p>\n\n\n\n<p>SEDETUS participa con cinco mesas de trabajo correspondientes al Eje 9 Medio Ambiente y Crecimiento Sustentable<\/p>\n\n\n\n<p>Canc\u00fan, Quintana Roo 30 de noviembre 2022- Con un aforo de m\u00e1s de 300 personas, SEMA, SEDETUS y SEOP organizaron la segunda reuni\u00f3n del Eje 9 -Medio Ambiente y Crecimiento Sustentable- para la Construcci\u00f3n del Nuevo Acuerdo por el Bienestar y el Desarrollo de Quintana Roo que impulsa la gobernadora Mara Lezama para que todas y todos los quintanarroenses participen en la soluci\u00f3n de las problem\u00e1ticas del estado.<\/p>\n\n\n\n<p>En su intervenci\u00f3n el titular de la SEDETUS, Armando Lara De Nigris expres\u00f3 \u201cComo lo ha dicho nuestra gobernadora Mara Lezama -Mediremos el \u00e9xito de nuestro estado a partir del mejoramiento de las condiciones de vida de las y los quintanarroenses- y esa calidad de vida exige el respeto al medio ambiente\u2026 es tan fundamental como que el no tomarlo en cuenta, impacta directamente en la salud de nuestra gente\u201d.<\/p>\n\n\n\n<p>La SEDETUS participa en la reuni\u00f3n con cinco mesas de trabajo: Ordenamiento Territorial y Desarrollo Urbano; Asuntos Inmobiliarios y Espacios P\u00fablicos; Instituto de Movilidad y Transporte; y la mesa Direcci\u00f3n de Regularizaci\u00f3n; el eje est\u00e1 integrado adem\u00e1s por la Secretar\u00eda de Ecolog\u00eda y Medio Ambiente (SEMA); Secretar\u00eda de Obras P\u00fablicas (SEOP); la Procuradur\u00eda de Protecci\u00f3n al Ambiente (PPA) y el Instituto de Biodiversidad y \u00c1reas Naturales Protegidas (IBANQROO).<\/p>\n\n\n\n<p>\u201cLa tarea que nos ha encomendado nuestra gobernadora como servidores p\u00fablicos, es vigilar que las obras de infraestructura y los proyectos de inversi\u00f3n garanticen la sostenibilidad y sustentabilidad del medio ambiente, y as\u00ed lo haremos porque lo creemos firmemente\u201d, asegur\u00f3 el titular de la SEDETUS en este evento que tuvo lugar en la Universidad Polit\u00e9cnica de Canc\u00fan.<\/p>\n\n\n\n<p>Por su parte la secretaria de Medio Ambiente, Huguette Hern\u00e1ndez G\u00f3mez se\u00f1al\u00f3 \u201ctodos queremos un nuevo Quintana Roo, para eso necesitamos un Nuevo Acuerdo; y para que a todos nos vaya bien tenemos que poner de nuestra parte tanto sociedad y gobierno, para disminuir las brechas de desigualdad, esa es la visi\u00f3n de nuestra gobernadora Mara Lezama.<\/p>\n\n\n\n<p>El Nuevo Acuerdo para el Bienestar y el Desarrollo de Quintana Roo consiste en el encuentro de todos los sectores de la sociedad para dialogar, escuchar, presentar propuestas y construir juntos soluciones a las problem\u00e1ticas de nuestro estado y que afectan a todos.<\/p>\n\n\n\n<figure class=\"wp-block-image size-large\"><img loading=\"lazy\" decoding=\"async\" width=\"585\" height=\"263\" src=\"http:\/\/vertienteglobal.com\/wp-content\/uploads\/2022\/12\/SEDETUS-Acuerdo-02-585x263-1.jpeg\" alt=\"\" class=\"wp-image-209372\" srcset=\"http:\/\/vertienteglobal.com\/wp-content\/uploads\/2022\/12\/SEDETUS-Acuerdo-02-585x263-1.jpeg 585w, http:\/\/vertienteglobal.com\/wp-content\/uploads\/2022\/12\/SEDETUS-Acuerdo-02-585x263-1-300x135.jpeg 300w, http:\/\/vertienteglobal.com\/wp-content\/uploads\/2022\/12\/SEDETUS-Acuerdo-02-585x263-1-150x67.jpeg 150w\" sizes=\"auto, (max-width: 585px) 100vw, 585px\" \/><\/figure>\n\n\n\n<figure class=\"wp-block-image size-large\"><img loading=\"lazy\" decoding=\"async\" width=\"585\" height=\"390\" src=\"http:\/\/vertienteglobal.com\/wp-content\/uploads\/2022\/12\/SEDETUS-Acuerdo-03-585x390-1.jpeg\" alt=\"\" class=\"wp-image-209373\" srcset=\"http:\/\/vertienteglobal.com\/wp-content\/uploads\/2022\/12\/SEDETUS-Acuerdo-03-585x390-1.jpeg 585w, http:\/\/vertienteglobal.com\/wp-content\/uploads\/2022\/12\/SEDETUS-Acuerdo-03-585x390-1-300x200.jpeg 300w, http:\/\/vertienteglobal.com\/wp-content\/uploads\/2022\/12\/SEDETUS-Acuerdo-03-585x390-1-150x100.jpeg 150w\" sizes=\"auto, (max-width: 585px) 100vw, 585px\" \/><\/figure>\n","protected":false},"excerpt":{"rendered":"<p>(Redacci\u00f3n) SEDETUS participa con cinco mesas de trabajo correspondientes al Eje 9 Medio Ambiente y Crecimiento Sustentable Canc\u00fan, Quintana Roo 30 de noviembre 2022- Con un aforo de m\u00e1s de 300 personas, SEMA, SEDETUS y SEOP organizaron la segunda reuni\u00f3n del Eje 9 -Medio Ambiente y Crecimiento Sustentable- para la Construcci\u00f3n del Nuevo Acuerdo por [&hellip;]<\/p>\n","protected":false},"author":1,"featured_media":209372,"comment_status":"open","ping_status":"open","sticky":false,"template":"","format":"standard","meta":{"footnotes":""},"categories":[3],"tags":[],"class_list":["post-209370","post","type-post","status-publish","format-standard","has-post-thumbnail","hentry","category-quintana-roo","entry","has-media"],"jetpack_featured_media_url":"http:\/\/vertienteglobal.com\/wp-content\/uploads\/2022\/12\/SEDETUS-Acuerdo-02-585x263-1.jpeg","_links":{"self":[{"href":"http:\/\/vertienteglobal.com\/index.php?rest_route=\/wp\/v2\/posts\/209370","targetHints":{"allow":["GET"]}}],"collection":[{"href":"http:\/\/vertienteglobal.com\/index.php?rest_route=\/wp\/v2\/posts"}],"about":[{"href":"http:\/\/vertienteglobal.com\/index.php?rest_route=\/wp\/v2\/types\/post"}],"author":[{"embeddable":true,"href":"http:\/\/vertienteglobal.com\/index.php?rest_route=\/wp\/v2\/users\/1"}],"replies":[{"embeddable":true,"href":"http:\/\/vertienteglobal.com\/index.php?rest_route=%2Fwp%2Fv2%2Fcomments&post=209370"}],"version-history":[{"count":0,"href":"http:\/\/vertienteglobal.com\/index.php?rest_route=\/wp\/v2\/posts\/209370\/revisions"}],"wp:featuredmedia":[{"embeddable":true,"href":"http:\/\/vertienteglobal.com\/index.php?rest_route=\/wp\/v2\/media\/209372"}],"wp:attachment":[{"href":"http:\/\/vertienteglobal.com\/index.php?rest_route=%2Fwp%2Fv2%2Fmedia&parent=209370"}],"wp:term":[{"taxonomy":"category","embeddable":true,"href":"http:\/\/vertienteglobal.com\/index.php?rest_route=%2Fwp%2Fv2%2Fcategories&post=209370"},{"taxonomy":"post_tag","embeddable":true,"href":"http:\/\/vertienteglobal.com\/index.php?rest_route=%2Fwp%2Fv2%2Ftags&post=209370"}],"curies":[{"name":"wp","href":"https:\/\/api.w.org\/{rel}","templated":true}]}}