{"id":209203,"date":"2022-11-29T14:24:00","date_gmt":"2022-11-29T20:24:00","guid":{"rendered":"http:\/\/vertienteglobal.com\/?p=209203"},"modified":"2022-11-29T19:04:54","modified_gmt":"2022-11-30T01:04:54","slug":"cumplimenta-la-fge-quintana-roo-orden-de-aprehension-en-contra-de-un-sujeto-por-su-probable-participacion-en-la-desaparicion-de-una-mujer","status":"publish","type":"post","link":"http:\/\/vertienteglobal.com\/?p=209203","title":{"rendered":"Cumplimenta la FGE Quintana Roo orden de aprehensi\u00f3n en contra de un sujeto por su probable participaci\u00f3n en la desaparici\u00f3n de una mujer"},"content":{"rendered":"\n<div class=\"twitterbutton\" style=\"float: right; padding-left: 5px;\"><a href=\"http:\/\/twitter.com\/share\" class=\"twitter-share-button\" data-count=\"horizontal\" data-text=\"Cumplimenta la FGE Quintana Roo orden de aprehensi\u00f3n en contra de un sujeto por...\" data-via=\"https:\/\/twitter.com\/VertienteGloba1\" data-url=\"http:\/\/vertienteglobal.com\/?p=209203\" data-lang=\"es\" data-related=\"Informaci\u00f3n general:S\u00edguenos para que est\u00e9ss informado\"><\/a><\/div>\n<figure class=\"wp-block-image size-large\"><img loading=\"lazy\" decoding=\"async\" width=\"1024\" height=\"683\" src=\"http:\/\/vertienteglobal.com\/wp-content\/uploads\/2022\/11\/IMG-20221129-WA0107-1024x683.jpg\" alt=\"\" class=\"wp-image-209204\" srcset=\"http:\/\/vertienteglobal.com\/wp-content\/uploads\/2022\/11\/IMG-20221129-WA0107-1024x683.jpg 1024w, http:\/\/vertienteglobal.com\/wp-content\/uploads\/2022\/11\/IMG-20221129-WA0107-300x200.jpg 300w, http:\/\/vertienteglobal.com\/wp-content\/uploads\/2022\/11\/IMG-20221129-WA0107-150x100.jpg 150w, http:\/\/vertienteglobal.com\/wp-content\/uploads\/2022\/11\/IMG-20221129-WA0107-768x512.jpg 768w, http:\/\/vertienteglobal.com\/wp-content\/uploads\/2022\/11\/IMG-20221129-WA0107.jpg 1280w\" sizes=\"auto, (max-width: 1024px) 100vw, 1024px\" \/><\/figure>\n\n\n\n<p>(Redacci\u00f3n)<\/p>\n\n\n\n<p>El detenido, \u00c1ngel \u201cS\u201d, manten\u00eda una relaci\u00f3n de pareja con la v\u00edctima, quien desapareci\u00f3 el pasado 22 de junio de 2020<\/p>\n\n\n\n<p>Canc\u00fan, Quintana Roo, a 29 de noviembre de 2022. La Fiscal\u00eda General del Estado, que encabeza \u00d3scar Montes de Oca, informa que se cumpliment\u00f3 la orden de aprehensi\u00f3n en contra de un sujeto, por su probable participaci\u00f3n en la desaparici\u00f3n de una persona de sexo femenino, ocurrida el pasado 22 de junio de 2020.<\/p>\n\n\n\n<p>Lo anterior lo dio a conocer el Fiscal General en un mensaje difundido a trav\u00e9s de las redes sociales de la FGE Quintana Roo.<\/p>\n\n\n\n<p>El detenido, \u00c1ngel \u201cS\u201d, manten\u00eda una relaci\u00f3n de pareja con la v\u00edctima, de iniciales F.M.F.P.<\/p>\n\n\n\n<p>La captura se llev\u00f3 a cabo por elementos de la Fiscal\u00eda Especializada en Investigaci\u00f3n en Delitos de Desaparici\u00f3n Forzada de Personas y Desaparici\u00f3n Cometidas por Particulares y con el apoyo e informaci\u00f3n proporcionada por el colectivo \u201cVerdad, Memoria y Justicia\u201d.<\/p>\n\n\n\n<p>El aprehendido fue puesto a disposici\u00f3n del Juez de Control, a fin de iniciar el procedimiento penal y lograr la vinculaci\u00f3n a proceso.<\/p>\n\n\n\n<p>La Fiscal\u00eda General del Estado entreg\u00f3 a una ni\u00f1a de tres a\u00f1os, hija del imputado y F.M.F.P. a la familia de la v\u00edctima.<\/p>\n\n\n\n<p>Dentro de la investigaci\u00f3n complementaria se continuar\u00e1 con la b\u00fasqueda de la v\u00edctima desaparecida.<\/p>\n\n\n\n<p>\u00abCon estas acciones, refrendamos nuestro compromiso con la sociedad por un Quintana Roo libre de violencia contra las mujeres y que proteja a las ni\u00f1as, ni\u00f1os y adolescentes, tal como lo ha instruido la Gobernadora Mara Lezama\u00bb, puntualiz\u00f3 \u00d3scar Montes de Oca.<\/p>\n\n\n\n<figure class=\"wp-block-image size-large\"><img loading=\"lazy\" decoding=\"async\" width=\"1024\" height=\"846\" src=\"http:\/\/vertienteglobal.com\/wp-content\/uploads\/2022\/11\/IMG-20221129-WA0118-1024x846.jpg\" alt=\"\" class=\"wp-image-209205\" srcset=\"http:\/\/vertienteglobal.com\/wp-content\/uploads\/2022\/11\/IMG-20221129-WA0118-1024x846.jpg 1024w, http:\/\/vertienteglobal.com\/wp-content\/uploads\/2022\/11\/IMG-20221129-WA0118-300x248.jpg 300w, http:\/\/vertienteglobal.com\/wp-content\/uploads\/2022\/11\/IMG-20221129-WA0118-150x124.jpg 150w, http:\/\/vertienteglobal.com\/wp-content\/uploads\/2022\/11\/IMG-20221129-WA0118-768x635.jpg 768w, http:\/\/vertienteglobal.com\/wp-content\/uploads\/2022\/11\/IMG-20221129-WA0118.jpg 1280w\" sizes=\"auto, (max-width: 1024px) 100vw, 1024px\" \/><\/figure>\n\n\n\n<figure class=\"wp-block-image size-large\"><img loading=\"lazy\" decoding=\"async\" width=\"791\" height=\"1024\" src=\"http:\/\/vertienteglobal.com\/wp-content\/uploads\/2022\/11\/IMG-20221129-WA0119.jpg\" alt=\"\" class=\"wp-image-209206\" srcset=\"http:\/\/vertienteglobal.com\/wp-content\/uploads\/2022\/11\/IMG-20221129-WA0119.jpg 791w, http:\/\/vertienteglobal.com\/wp-content\/uploads\/2022\/11\/IMG-20221129-WA0119-232x300.jpg 232w, http:\/\/vertienteglobal.com\/wp-content\/uploads\/2022\/11\/IMG-20221129-WA0119-116x150.jpg 116w, http:\/\/vertienteglobal.com\/wp-content\/uploads\/2022\/11\/IMG-20221129-WA0119-768x994.jpg 768w\" sizes=\"auto, (max-width: 791px) 100vw, 791px\" \/><\/figure>\n","protected":false},"excerpt":{"rendered":"<p>(Redacci\u00f3n) El detenido, \u00c1ngel \u201cS\u201d, manten\u00eda una relaci\u00f3n de pareja con la v\u00edctima, quien desapareci\u00f3 el pasado 22 de junio de 2020 Canc\u00fan, Quintana Roo, a 29 de noviembre de 2022. La Fiscal\u00eda General del Estado, que encabeza \u00d3scar Montes de Oca, informa que se cumpliment\u00f3 la orden de aprehensi\u00f3n en contra de un sujeto, [&hellip;]<\/p>\n","protected":false},"author":1,"featured_media":209204,"comment_status":"open","ping_status":"open","sticky":false,"template":"","format":"standard","meta":{"footnotes":""},"categories":[3],"tags":[],"class_list":["post-209203","post","type-post","status-publish","format-standard","has-post-thumbnail","hentry","category-quintana-roo","entry","has-media"],"jetpack_featured_media_url":"http:\/\/vertienteglobal.com\/wp-content\/uploads\/2022\/11\/IMG-20221129-WA0107.jpg","_links":{"self":[{"href":"http:\/\/vertienteglobal.com\/index.php?rest_route=\/wp\/v2\/posts\/209203","targetHints":{"allow":["GET"]}}],"collection":[{"href":"http:\/\/vertienteglobal.com\/index.php?rest_route=\/wp\/v2\/posts"}],"about":[{"href":"http:\/\/vertienteglobal.com\/index.php?rest_route=\/wp\/v2\/types\/post"}],"author":[{"embeddable":true,"href":"http:\/\/vertienteglobal.com\/index.php?rest_route=\/wp\/v2\/users\/1"}],"replies":[{"embeddable":true,"href":"http:\/\/vertienteglobal.com\/index.php?rest_route=%2Fwp%2Fv2%2Fcomments&post=209203"}],"version-history":[{"count":0,"href":"http:\/\/vertienteglobal.com\/index.php?rest_route=\/wp\/v2\/posts\/209203\/revisions"}],"wp:featuredmedia":[{"embeddable":true,"href":"http:\/\/vertienteglobal.com\/index.php?rest_route=\/wp\/v2\/media\/209204"}],"wp:attachment":[{"href":"http:\/\/vertienteglobal.com\/index.php?rest_route=%2Fwp%2Fv2%2Fmedia&parent=209203"}],"wp:term":[{"taxonomy":"category","embeddable":true,"href":"http:\/\/vertienteglobal.com\/index.php?rest_route=%2Fwp%2Fv2%2Fcategories&post=209203"},{"taxonomy":"post_tag","embeddable":true,"href":"http:\/\/vertienteglobal.com\/index.php?rest_route=%2Fwp%2Fv2%2Ftags&post=209203"}],"curies":[{"name":"wp","href":"https:\/\/api.w.org\/{rel}","templated":true}]}}