{"id":209176,"date":"2022-11-28T21:24:29","date_gmt":"2022-11-29T03:24:29","guid":{"rendered":"http:\/\/vertienteglobal.com\/?p=209176"},"modified":"2022-11-29T07:45:37","modified_gmt":"2022-11-29T13:45:37","slug":"garantiza-gobierno-de-mara-lezama-cobertura-de-los-programas-del-bienestar","status":"publish","type":"post","link":"http:\/\/vertienteglobal.com\/?p=209176","title":{"rendered":"Garantiza Gobierno de Mara Lezama cobertura de los Programas del Bienestar"},"content":{"rendered":"\n<div class=\"twitterbutton\" style=\"float: right; padding-left: 5px;\"><a href=\"http:\/\/twitter.com\/share\" class=\"twitter-share-button\" data-count=\"horizontal\" data-text=\"Garantiza Gobierno de Mara Lezama cobertura de los Programas del Bienestar\" data-via=\"https:\/\/twitter.com\/VertienteGloba1\" data-url=\"http:\/\/vertienteglobal.com\/?p=209176\" data-lang=\"es\" data-related=\"Informaci\u00f3n general:S\u00edguenos para que est\u00e9ss informado\"><\/a><\/div>\n<figure class=\"wp-block-image size-large\"><img loading=\"lazy\" decoding=\"async\" width=\"692\" height=\"360\" src=\"http:\/\/vertienteglobal.com\/wp-content\/uploads\/2022\/11\/SEDESO-Cobertura-02-692x360-1.jpeg\" alt=\"\" class=\"wp-image-209177\" srcset=\"http:\/\/vertienteglobal.com\/wp-content\/uploads\/2022\/11\/SEDESO-Cobertura-02-692x360-1.jpeg 692w, http:\/\/vertienteglobal.com\/wp-content\/uploads\/2022\/11\/SEDESO-Cobertura-02-692x360-1-300x156.jpeg 300w, http:\/\/vertienteglobal.com\/wp-content\/uploads\/2022\/11\/SEDESO-Cobertura-02-692x360-1-150x78.jpeg 150w\" sizes=\"auto, (max-width: 692px) 100vw, 692px\" \/><\/figure>\n\n\n\n<p>(Redacci\u00f3n)<\/p>\n\n\n\n<p>Trabaja el Secretario de SEDESO con las y los presidentes municipales, para que las acciones sociales lleguen cada rinc\u00f3n de Quintana Roo<\/p>\n\n\n\n<p>Canc\u00fan, Quintana Roo 28 de noviembre 2022.- En unidad, el Gobierno de Mara Lezama Espinosa y los once municipios de Quintana Roo, llevar\u00e1n los Programas del Bienestar y la prosperidad compartida a las mujeres, ni\u00f1as, ni\u00f1os y j\u00f3venes, as\u00ed como a las y los quintanarroenses que m\u00e1s lo necesitan.<\/p>\n\n\n\n<p>En ese sentido, el Secretario de Desarrollo Social, Pablo Bustamante Beltr\u00e1n, sostuvo reuniones de trabajo con las y los presidentes municipales del Estado, para garantizar que las acciones sociales lleguen a cada rinc\u00f3n de Quintana Roo.<\/p>\n\n\n\n<p>\u201cSeguiremos cumpliendo con la visi\u00f3n y el compromiso de nuestra Gobernadora Mara Lezama, de trabajar en conjunto y poner en el centro de las decisiones al pueblo, enfocar los programas sociales con perspectiva de g\u00e9nero y orientar todos los esfuerzos para que el bienestar y el desarrollo llegue de sur a norte en Quintana Roo\u201d, destac\u00f3 Pablo Bustamante.<\/p>\n\n\n\n<p>El Secretario de Desarrollo Social, uni\u00f3 esfuerzos con las presidentas municipales de Oth\u00f3n P. Blanco, Yensunni Mart\u00ednez Hern\u00e1ndez; Ana Patricia Peralta en Benito Ju\u00e1rez; Blanca Merari Tziu Mu\u00f1oz en Puerto Morelos; Maricarmen Hern\u00e1ndez Sol\u00eds en Felipe Carrillo Puerto, y con Juanita Alonso Marrufo en Cozumel.<\/p>\n\n\n\n<p>As\u00ed tambi\u00e9n, visit\u00f3 a los alcaldes de Jos\u00e9 Mar\u00eda Morelos, Erik Borges Yam; L\u00e1zaro C\u00e1rdenas, Emir Bellos Tun, y en Bacalar con Alfredo Contreras M\u00e9ndez.<\/p>\n\n\n\n<figure class=\"wp-block-image size-large\"><img loading=\"lazy\" decoding=\"async\" width=\"585\" height=\"780\" src=\"http:\/\/vertienteglobal.com\/wp-content\/uploads\/2022\/11\/SEDESO-Cobertura-06-585x780-1.jpeg\" alt=\"\" class=\"wp-image-209178\" srcset=\"http:\/\/vertienteglobal.com\/wp-content\/uploads\/2022\/11\/SEDESO-Cobertura-06-585x780-1.jpeg 585w, http:\/\/vertienteglobal.com\/wp-content\/uploads\/2022\/11\/SEDESO-Cobertura-06-585x780-1-225x300.jpeg 225w, http:\/\/vertienteglobal.com\/wp-content\/uploads\/2022\/11\/SEDESO-Cobertura-06-585x780-1-113x150.jpeg 113w\" sizes=\"auto, (max-width: 585px) 100vw, 585px\" \/><\/figure>\n\n\n\n<figure class=\"wp-block-image size-large\"><img loading=\"lazy\" decoding=\"async\" width=\"585\" height=\"839\" src=\"http:\/\/vertienteglobal.com\/wp-content\/uploads\/2022\/11\/SEDESO-Cobertura-05-585x839-1.jpeg\" alt=\"\" class=\"wp-image-209179\" srcset=\"http:\/\/vertienteglobal.com\/wp-content\/uploads\/2022\/11\/SEDESO-Cobertura-05-585x839-1.jpeg 585w, http:\/\/vertienteglobal.com\/wp-content\/uploads\/2022\/11\/SEDESO-Cobertura-05-585x839-1-209x300.jpeg 209w, http:\/\/vertienteglobal.com\/wp-content\/uploads\/2022\/11\/SEDESO-Cobertura-05-585x839-1-105x150.jpeg 105w\" sizes=\"auto, (max-width: 585px) 100vw, 585px\" \/><\/figure>\n\n\n\n<figure class=\"wp-block-image size-large\"><img loading=\"lazy\" decoding=\"async\" width=\"585\" height=\"769\" src=\"http:\/\/vertienteglobal.com\/wp-content\/uploads\/2022\/11\/SEDESO-Cobertura-04-585x769-1.jpeg\" alt=\"\" class=\"wp-image-209180\" srcset=\"http:\/\/vertienteglobal.com\/wp-content\/uploads\/2022\/11\/SEDESO-Cobertura-04-585x769-1.jpeg 585w, http:\/\/vertienteglobal.com\/wp-content\/uploads\/2022\/11\/SEDESO-Cobertura-04-585x769-1-228x300.jpeg 228w, http:\/\/vertienteglobal.com\/wp-content\/uploads\/2022\/11\/SEDESO-Cobertura-04-585x769-1-114x150.jpeg 114w\" sizes=\"auto, (max-width: 585px) 100vw, 585px\" \/><\/figure>\n\n\n\n<figure class=\"wp-block-image size-large\"><img loading=\"lazy\" decoding=\"async\" width=\"585\" height=\"780\" src=\"http:\/\/vertienteglobal.com\/wp-content\/uploads\/2022\/11\/SEDESO-Cobertura-07-585x780-1.jpeg\" alt=\"\" class=\"wp-image-209181\" srcset=\"http:\/\/vertienteglobal.com\/wp-content\/uploads\/2022\/11\/SEDESO-Cobertura-07-585x780-1.jpeg 585w, http:\/\/vertienteglobal.com\/wp-content\/uploads\/2022\/11\/SEDESO-Cobertura-07-585x780-1-225x300.jpeg 225w, http:\/\/vertienteglobal.com\/wp-content\/uploads\/2022\/11\/SEDESO-Cobertura-07-585x780-1-113x150.jpeg 113w\" sizes=\"auto, (max-width: 585px) 100vw, 585px\" \/><\/figure>\n\n\n\n<figure class=\"wp-block-image size-large\"><img loading=\"lazy\" decoding=\"async\" width=\"585\" height=\"453\" src=\"http:\/\/vertienteglobal.com\/wp-content\/uploads\/2022\/11\/SEDESO-Cobertura-03-585x453-1.jpeg\" alt=\"\" class=\"wp-image-209182\" srcset=\"http:\/\/vertienteglobal.com\/wp-content\/uploads\/2022\/11\/SEDESO-Cobertura-03-585x453-1.jpeg 585w, http:\/\/vertienteglobal.com\/wp-content\/uploads\/2022\/11\/SEDESO-Cobertura-03-585x453-1-300x232.jpeg 300w, http:\/\/vertienteglobal.com\/wp-content\/uploads\/2022\/11\/SEDESO-Cobertura-03-585x453-1-150x116.jpeg 150w\" sizes=\"auto, (max-width: 585px) 100vw, 585px\" \/><\/figure>\n","protected":false},"excerpt":{"rendered":"<p>(Redacci\u00f3n) Trabaja el Secretario de SEDESO con las y los presidentes municipales, para que las acciones sociales lleguen cada rinc\u00f3n de Quintana Roo Canc\u00fan, Quintana Roo 28 de noviembre 2022.- En unidad, el Gobierno de Mara Lezama Espinosa y los once municipios de Quintana Roo, llevar\u00e1n los Programas del Bienestar y la prosperidad compartida a [&hellip;]<\/p>\n","protected":false},"author":1,"featured_media":209177,"comment_status":"open","ping_status":"open","sticky":false,"template":"","format":"standard","meta":{"footnotes":""},"categories":[3],"tags":[],"class_list":["post-209176","post","type-post","status-publish","format-standard","has-post-thumbnail","hentry","category-quintana-roo","entry","has-media"],"jetpack_featured_media_url":"http:\/\/vertienteglobal.com\/wp-content\/uploads\/2022\/11\/SEDESO-Cobertura-02-692x360-1.jpeg","_links":{"self":[{"href":"http:\/\/vertienteglobal.com\/index.php?rest_route=\/wp\/v2\/posts\/209176","targetHints":{"allow":["GET"]}}],"collection":[{"href":"http:\/\/vertienteglobal.com\/index.php?rest_route=\/wp\/v2\/posts"}],"about":[{"href":"http:\/\/vertienteglobal.com\/index.php?rest_route=\/wp\/v2\/types\/post"}],"author":[{"embeddable":true,"href":"http:\/\/vertienteglobal.com\/index.php?rest_route=\/wp\/v2\/users\/1"}],"replies":[{"embeddable":true,"href":"http:\/\/vertienteglobal.com\/index.php?rest_route=%2Fwp%2Fv2%2Fcomments&post=209176"}],"version-history":[{"count":0,"href":"http:\/\/vertienteglobal.com\/index.php?rest_route=\/wp\/v2\/posts\/209176\/revisions"}],"wp:featuredmedia":[{"embeddable":true,"href":"http:\/\/vertienteglobal.com\/index.php?rest_route=\/wp\/v2\/media\/209177"}],"wp:attachment":[{"href":"http:\/\/vertienteglobal.com\/index.php?rest_route=%2Fwp%2Fv2%2Fmedia&parent=209176"}],"wp:term":[{"taxonomy":"category","embeddable":true,"href":"http:\/\/vertienteglobal.com\/index.php?rest_route=%2Fwp%2Fv2%2Fcategories&post=209176"},{"taxonomy":"post_tag","embeddable":true,"href":"http:\/\/vertienteglobal.com\/index.php?rest_route=%2Fwp%2Fv2%2Ftags&post=209176"}],"curies":[{"name":"wp","href":"https:\/\/api.w.org\/{rel}","templated":true}]}}