{"id":209128,"date":"2022-11-28T18:24:41","date_gmt":"2022-11-29T00:24:41","guid":{"rendered":"http:\/\/vertienteglobal.com\/?p=209128"},"modified":"2022-11-29T06:59:36","modified_gmt":"2022-11-29T12:59:36","slug":"aprueba-cabildo-de-tulum-reglamentos-internos-convenios-y-modificacion-del-bando-de-policia-y-gobierno","status":"publish","type":"post","link":"http:\/\/vertienteglobal.com\/?p=209128","title":{"rendered":"Aprueba Cabildo de Tulum reglamentos internos, convenios y modificaci\u00f3n del Bando de Polic\u00eda y Gobierno"},"content":{"rendered":"\n<div class=\"twitterbutton\" style=\"float: right; padding-left: 5px;\"><a href=\"http:\/\/twitter.com\/share\" class=\"twitter-share-button\" data-count=\"horizontal\" data-text=\"Aprueba Cabildo de Tulum reglamentos internos, convenios y modificaci\u00f3n del Ban...\" data-via=\"https:\/\/twitter.com\/VertienteGloba1\" data-url=\"http:\/\/vertienteglobal.com\/?p=209128\" data-lang=\"es\" data-related=\"Informaci\u00f3n general:S\u00edguenos para que est\u00e9ss informado\"><\/a><\/div>\n<figure class=\"wp-block-image size-large\"><img loading=\"lazy\" decoding=\"async\" width=\"720\" height=\"405\" src=\"http:\/\/vertienteglobal.com\/wp-content\/uploads\/2022\/11\/FB_IMG_1669726632964.jpg\" alt=\"\" class=\"wp-image-209129\" srcset=\"http:\/\/vertienteglobal.com\/wp-content\/uploads\/2022\/11\/FB_IMG_1669726632964.jpg 720w, http:\/\/vertienteglobal.com\/wp-content\/uploads\/2022\/11\/FB_IMG_1669726632964-300x169.jpg 300w, http:\/\/vertienteglobal.com\/wp-content\/uploads\/2022\/11\/FB_IMG_1669726632964-150x84.jpg 150w\" sizes=\"auto, (max-width: 720px) 100vw, 720px\" \/><\/figure>\n\n\n\n<p>(Redacci\u00f3n)<\/p>\n\n\n\n<p>En la misma sesi\u00f3n, se aprob\u00f3 y autoriz\u00f3 al presidente municipal MDC y miembros de su gabinete llevar a cabo la firma de un convenio de colaboraci\u00f3n, de manera conjunta con el \u00f3rgano interno de control y el Tribunal de Justicia Administrativa del Estado de Quintana Roo<\/p>\n\n\n\n<p>Tulum, Quintana Roo a 28 noviembre del 2022.-La s\u00edndico, regidoras y regidores encabezados por el presidente municipal de Tulum, Marciano Dzul Caamal aprobaron \u00e9ste d\u00eda dos reglamentos internos de la administraci\u00f3n p\u00fablica municipal, la reforma al reglamento de bando de Polic\u00eda y Gobierno y autorizaron la suscripci\u00f3n de convenios con el Gobierno del Estado y el Tribunal de Justicia Administrativa.<\/p>\n\n\n\n<p>Fue en la Vig\u00e9sima Octava Sesi\u00f3n Ordinaria de cabildo, en la que primero el cabildo aprob\u00f3 por mayor\u00eda, el reglamento interior de la direcci\u00f3n general de infraestructura p\u00fablica y de la direcci\u00f3n general de servicios p\u00fablicos municipales, a fin de actualizar y eficientar el servicio de la administraci\u00f3n p\u00fablica municipal.<\/p>\n\n\n\n<p>As\u00edmismo se aprob\u00f3 reformar el Bando de Polic\u00eda y Gobierno y del reglamento de la Administraci\u00f3n P\u00fablica, con lo cual se reconoce territorialmente en la geograf\u00eda de Tulum a la cabecera municipal, y como delegaciones a: Akumal, Chemuyil, Coba, Chanchen 1, Chanchen Palmar y Javier Rojo G\u00f3mez, mientras que como subdelegaci\u00f3n a: Macario G\u00f3mez, Francisco Uh May, Manuel Antonio Ay, San Juan, San Pedro Cob\u00e1, Sahcabmucuy, Hondzonot y Yaxch\u00e9.<\/p>\n\n\n\n<p>En la misma sesi\u00f3n, se aprob\u00f3 y autoriz\u00f3 al presidente municipal MDC y miembros de su gabinete llevar a cabo la firma de un convenio de colaboraci\u00f3n, de manera conjunta con el \u00f3rgano interno de control y el Tribunal de Justicia Administrativa del Estado de Quintana Roo, a efecto de brindar servicios de defensor\u00eda gratuita, el cual estar\u00e1 a cargo de la unidad de asistencia jur\u00eddica del tribunal en favor de los presuntos responsables de los procedimientos de responsabilidad administrativa que instruya el \u00f3rgano interno.<\/p>\n\n\n\n<p>As\u00ed mismo, el cuerpo edilicio aval\u00f3 llevar a cabo la suscripci\u00f3n de un convenio de colaboraci\u00f3n administrativa para la Consolidaci\u00f3n y Uso de la Plataforma Estatal de Informaci\u00f3n Catastral y Registral entre el Gobierno del Estado y Municipal, el cual permitir\u00e1 proteger el mercado inmobiliario, dotando de seguridad jur\u00eddica a las inversiones y coadyuvar\u00e1 en la prevenci\u00f3n de delitos, y a su vez, permitir\u00e1 sentar las bases del catastro multifinalitario y estandarizado a nivel nacional.<\/p>\n\n\n\n<p>En la misma sesi\u00f3n, se aprob\u00f3 el acta de la Vig\u00e9simo S\u00e9ptima Sesi\u00f3n Ordinaria de fecha 24 octubre del 2022.<\/p>\n\n\n\n<p>Al t\u00e9rmino de la sesi\u00f3n, el edil MDC, hizo una invitaci\u00f3n cordial a los Tulumnenses para que asistan el pr\u00f3ximo 30 de noviembre frente al palacio para el tradicional encendido de luces navide\u00f1as.<\/p>\n\n\n\n<figure class=\"wp-block-image size-large\"><img loading=\"lazy\" decoding=\"async\" width=\"720\" height=\"480\" src=\"http:\/\/vertienteglobal.com\/wp-content\/uploads\/2022\/11\/FB_IMG_1669726636997.jpg\" alt=\"\" class=\"wp-image-209130\" srcset=\"http:\/\/vertienteglobal.com\/wp-content\/uploads\/2022\/11\/FB_IMG_1669726636997.jpg 720w, http:\/\/vertienteglobal.com\/wp-content\/uploads\/2022\/11\/FB_IMG_1669726636997-300x200.jpg 300w, http:\/\/vertienteglobal.com\/wp-content\/uploads\/2022\/11\/FB_IMG_1669726636997-150x100.jpg 150w\" sizes=\"auto, (max-width: 720px) 100vw, 720px\" \/><\/figure>\n\n\n\n<figure class=\"wp-block-image size-large\"><img loading=\"lazy\" decoding=\"async\" width=\"720\" height=\"405\" src=\"http:\/\/vertienteglobal.com\/wp-content\/uploads\/2022\/11\/FB_IMG_1669726641353.jpg\" alt=\"\" class=\"wp-image-209131\" srcset=\"http:\/\/vertienteglobal.com\/wp-content\/uploads\/2022\/11\/FB_IMG_1669726641353.jpg 720w, http:\/\/vertienteglobal.com\/wp-content\/uploads\/2022\/11\/FB_IMG_1669726641353-300x169.jpg 300w, http:\/\/vertienteglobal.com\/wp-content\/uploads\/2022\/11\/FB_IMG_1669726641353-150x84.jpg 150w\" sizes=\"auto, (max-width: 720px) 100vw, 720px\" \/><\/figure>\n\n\n\n<figure class=\"wp-block-image size-large\"><img loading=\"lazy\" decoding=\"async\" width=\"720\" height=\"405\" src=\"http:\/\/vertienteglobal.com\/wp-content\/uploads\/2022\/11\/FB_IMG_1669726645030.jpg\" alt=\"\" class=\"wp-image-209132\" srcset=\"http:\/\/vertienteglobal.com\/wp-content\/uploads\/2022\/11\/FB_IMG_1669726645030.jpg 720w, http:\/\/vertienteglobal.com\/wp-content\/uploads\/2022\/11\/FB_IMG_1669726645030-300x169.jpg 300w, http:\/\/vertienteglobal.com\/wp-content\/uploads\/2022\/11\/FB_IMG_1669726645030-150x84.jpg 150w\" sizes=\"auto, (max-width: 720px) 100vw, 720px\" \/><\/figure>\n","protected":false},"excerpt":{"rendered":"<p>(Redacci\u00f3n) En la misma sesi\u00f3n, se aprob\u00f3 y autoriz\u00f3 al presidente municipal MDC y miembros de su gabinete llevar a cabo la firma de un convenio de colaboraci\u00f3n, de manera conjunta con el \u00f3rgano interno de control y el Tribunal de Justicia Administrativa del Estado de Quintana Roo Tulum, Quintana Roo a 28 noviembre del [&hellip;]<\/p>\n","protected":false},"author":1,"featured_media":209129,"comment_status":"open","ping_status":"open","sticky":false,"template":"","format":"standard","meta":{"footnotes":""},"categories":[3],"tags":[],"class_list":["post-209128","post","type-post","status-publish","format-standard","has-post-thumbnail","hentry","category-quintana-roo","entry","has-media"],"jetpack_featured_media_url":"http:\/\/vertienteglobal.com\/wp-content\/uploads\/2022\/11\/FB_IMG_1669726632964.jpg","_links":{"self":[{"href":"http:\/\/vertienteglobal.com\/index.php?rest_route=\/wp\/v2\/posts\/209128","targetHints":{"allow":["GET"]}}],"collection":[{"href":"http:\/\/vertienteglobal.com\/index.php?rest_route=\/wp\/v2\/posts"}],"about":[{"href":"http:\/\/vertienteglobal.com\/index.php?rest_route=\/wp\/v2\/types\/post"}],"author":[{"embeddable":true,"href":"http:\/\/vertienteglobal.com\/index.php?rest_route=\/wp\/v2\/users\/1"}],"replies":[{"embeddable":true,"href":"http:\/\/vertienteglobal.com\/index.php?rest_route=%2Fwp%2Fv2%2Fcomments&post=209128"}],"version-history":[{"count":0,"href":"http:\/\/vertienteglobal.com\/index.php?rest_route=\/wp\/v2\/posts\/209128\/revisions"}],"wp:featuredmedia":[{"embeddable":true,"href":"http:\/\/vertienteglobal.com\/index.php?rest_route=\/wp\/v2\/media\/209129"}],"wp:attachment":[{"href":"http:\/\/vertienteglobal.com\/index.php?rest_route=%2Fwp%2Fv2%2Fmedia&parent=209128"}],"wp:term":[{"taxonomy":"category","embeddable":true,"href":"http:\/\/vertienteglobal.com\/index.php?rest_route=%2Fwp%2Fv2%2Fcategories&post=209128"},{"taxonomy":"post_tag","embeddable":true,"href":"http:\/\/vertienteglobal.com\/index.php?rest_route=%2Fwp%2Fv2%2Ftags&post=209128"}],"curies":[{"name":"wp","href":"https:\/\/api.w.org\/{rel}","templated":true}]}}