{"id":208997,"date":"2022-11-25T21:24:34","date_gmt":"2022-11-26T03:24:34","guid":{"rendered":"http:\/\/vertienteglobal.com\/?p=208997"},"modified":"2022-11-26T09:38:01","modified_gmt":"2022-11-26T15:38:01","slug":"la-voz-de-las-y-los-quintanarroense-sustentara-el-plan-estatal-de-desarrollo-mara-lezama","status":"publish","type":"post","link":"http:\/\/vertienteglobal.com\/?p=208997","title":{"rendered":"La voz de las y los Quintanarroense sustentar\u00e1 el Plan Estatal de Desarrollo: Mara Lezama"},"content":{"rendered":"\n<div class=\"twitterbutton\" style=\"float: right; padding-left: 5px;\"><a href=\"http:\/\/twitter.com\/share\" class=\"twitter-share-button\" data-count=\"horizontal\" data-text=\"La voz de las y los Quintanarroense sustentar\u00e1 el Plan Estatal de Desarrollo: M...\" data-via=\"https:\/\/twitter.com\/VertienteGloba1\" data-url=\"http:\/\/vertienteglobal.com\/?p=208997\" data-lang=\"es\" data-related=\"Informaci\u00f3n general:S\u00edguenos para que est\u00e9ss informado\"><\/a><\/div>\n<figure class=\"wp-block-image size-large\"><img loading=\"lazy\" decoding=\"async\" width=\"719\" height=\"480\" src=\"http:\/\/vertienteglobal.com\/wp-content\/uploads\/2022\/11\/FB_IMG_1669476840397.jpg\" alt=\"\" class=\"wp-image-208998\" srcset=\"http:\/\/vertienteglobal.com\/wp-content\/uploads\/2022\/11\/FB_IMG_1669476840397.jpg 719w, http:\/\/vertienteglobal.com\/wp-content\/uploads\/2022\/11\/FB_IMG_1669476840397-300x200.jpg 300w, http:\/\/vertienteglobal.com\/wp-content\/uploads\/2022\/11\/FB_IMG_1669476840397-150x100.jpg 150w\" sizes=\"auto, (max-width: 719px) 100vw, 719px\" \/><\/figure>\n\n\n\n<p>(Antonio Rivera)<\/p>\n\n\n\n<p>La gobernadora, Mara Lezama, resalt\u00f3 que nunca m\u00e1s se actuar\u00e1 de espaldas a la gente y que el Plan Estatal de Desarrollo 2023-2027 atender\u00e1 las necesidades de las ciudadanas y los ciudadanos<\/p>\n\n\n\n<p>Canc\u00fan, Quintana Roo.- La Gobernadora del Estado, Mara Lezama Espinosa, asegur\u00f3 que con la voz de las y los quintanarroenses se sustentar\u00e1n el Plan Estatal de Desarrollo 2023-2027 y el Nuevo Acuerdo para el Bienestar y el Desarrollo de Quintana Roo.<\/p>\n\n\n\n<p>Y es que durante el Foro de Consulta Ciudadana realizado en Canc\u00fan destac\u00f3 que el Gobierno de la Transformaci\u00f3n se ha comprometido a trabajar de la mano de los habitantes del Estado para avanzar juntos en la generaci\u00f3n de mayor bienestar y desarrollo.<\/p>\n\n\n\n<p>Record\u00f3 que, a trav\u00e9s de mesas de trabajo realizadas en los 11 municipios, existi\u00f3 un intercambio de ideas y propuestas que permitir\u00e1n que, por primera ocasi\u00f3n, las propuestas de los ciudadanos se transformen en proyectos de Gobierno.<\/p>\n\n\n\n<p>En la unidad deportiva Toro Valenzuela de Canc\u00fan, la gobernadora, Mara Lezama, resalt\u00f3 que nunca m\u00e1s se actuar\u00e1 de espaldas a la gente y que el Plan Estatal de Desarrollo 2023-2027 atender\u00e1 las necesidades de las ciudadanas y los ciudadanos.<\/p>\n\n\n\n<p>Por su parte, la secretaria de Gobierno, Cristina Torres, afirm\u00f3 que actualmente los quintanarroenses est\u00e1n \u00e1vidos de aportar, mientras qye las autoridades estatales responder a la confianza en ellos depositada.<\/p>\n\n\n\n<p>Detall\u00f3 que, la grandeza de Quintana Roo la construyen ciudadanos y autoridades, de ah\u00ed que el trabajo conjunto permitir\u00e1 que las propuestas se transformen en proyectos que generen bienestar.<\/p>\n\n\n\n<p>Explico que durante los Foros de Consulta Ciudadana se realizaron 246 mesas de trabajo con los ejes Bienestar Social y Calidad de Vida, Seguridad Ciudadana; Desarrollo Econ\u00f3mico Inclusivo; Medio Ambiente y Crecimiento Sustentable, adem\u00e1s de Gobierno Honesto, Austero y Cercano a la Gente.<\/p>\n\n\n\n<p>Cabe destacar que estuvieron presentes el magistrado presidente del Tribunal Superior de Justicia, Heyden Cebada Rivas, as\u00ed como el presidente de la Junta de Gobierno y Coordinaci\u00f3n Pol\u00edtica de la XVII Legislatura Local, Ren\u00e1n Eduardo S\u00e1nchez Tajonar.<\/p>\n\n\n\n<p>De igual forma acudieron la diputada federal por Quintana Roo, Anah\u00ed Gonz\u00e1lez Hern\u00e1ndez; la presidenta honoraria del DIF Estatal, Ver\u00f3nica Lezama Espinosa; la presidenta municipal de Benito Ju\u00e1rez, Ana Patricia Peralta de la Pe\u00f1a; el secretario de Seguridad P\u00fablica, a Rub\u00e9n Oyarvide Pedrero, Armando Lara Denigris titular de Sedatus, entre otros titulares del Gabinete Estatal.<\/p>\n\n\n\n<figure class=\"wp-block-image size-large\"><img loading=\"lazy\" decoding=\"async\" width=\"720\" height=\"440\" src=\"http:\/\/vertienteglobal.com\/wp-content\/uploads\/2022\/11\/FB_IMG_1669476846460.jpg\" alt=\"\" class=\"wp-image-208999\" srcset=\"http:\/\/vertienteglobal.com\/wp-content\/uploads\/2022\/11\/FB_IMG_1669476846460.jpg 720w, http:\/\/vertienteglobal.com\/wp-content\/uploads\/2022\/11\/FB_IMG_1669476846460-300x183.jpg 300w, http:\/\/vertienteglobal.com\/wp-content\/uploads\/2022\/11\/FB_IMG_1669476846460-150x92.jpg 150w\" sizes=\"auto, (max-width: 720px) 100vw, 720px\" \/><\/figure>\n\n\n\n<figure class=\"wp-block-image size-large\"><img loading=\"lazy\" decoding=\"async\" width=\"720\" height=\"479\" src=\"http:\/\/vertienteglobal.com\/wp-content\/uploads\/2022\/11\/FB_IMG_1669476853595.jpg\" alt=\"\" class=\"wp-image-209000\" srcset=\"http:\/\/vertienteglobal.com\/wp-content\/uploads\/2022\/11\/FB_IMG_1669476853595.jpg 720w, http:\/\/vertienteglobal.com\/wp-content\/uploads\/2022\/11\/FB_IMG_1669476853595-300x200.jpg 300w, http:\/\/vertienteglobal.com\/wp-content\/uploads\/2022\/11\/FB_IMG_1669476853595-150x100.jpg 150w\" sizes=\"auto, (max-width: 720px) 100vw, 720px\" \/><\/figure>\n\n\n\n<figure class=\"wp-block-image size-large\"><img loading=\"lazy\" decoding=\"async\" width=\"720\" height=\"479\" src=\"http:\/\/vertienteglobal.com\/wp-content\/uploads\/2022\/11\/FB_IMG_1669476861960.jpg\" alt=\"\" class=\"wp-image-209001\" srcset=\"http:\/\/vertienteglobal.com\/wp-content\/uploads\/2022\/11\/FB_IMG_1669476861960.jpg 720w, http:\/\/vertienteglobal.com\/wp-content\/uploads\/2022\/11\/FB_IMG_1669476861960-300x200.jpg 300w, http:\/\/vertienteglobal.com\/wp-content\/uploads\/2022\/11\/FB_IMG_1669476861960-150x100.jpg 150w\" sizes=\"auto, (max-width: 720px) 100vw, 720px\" \/><\/figure>\n","protected":false},"excerpt":{"rendered":"<p>(Antonio Rivera) La gobernadora, Mara Lezama, resalt\u00f3 que nunca m\u00e1s se actuar\u00e1 de espaldas a la gente y que el Plan Estatal de Desarrollo 2023-2027 atender\u00e1 las necesidades de las ciudadanas y los ciudadanos Canc\u00fan, Quintana Roo.- La Gobernadora del Estado, Mara Lezama Espinosa, asegur\u00f3 que con la voz de las y los quintanarroenses se [&hellip;]<\/p>\n","protected":false},"author":1,"featured_media":208998,"comment_status":"open","ping_status":"open","sticky":false,"template":"","format":"standard","meta":{"footnotes":""},"categories":[3],"tags":[],"class_list":["post-208997","post","type-post","status-publish","format-standard","has-post-thumbnail","hentry","category-quintana-roo","entry","has-media"],"jetpack_featured_media_url":"http:\/\/vertienteglobal.com\/wp-content\/uploads\/2022\/11\/FB_IMG_1669476840397.jpg","_links":{"self":[{"href":"http:\/\/vertienteglobal.com\/index.php?rest_route=\/wp\/v2\/posts\/208997","targetHints":{"allow":["GET"]}}],"collection":[{"href":"http:\/\/vertienteglobal.com\/index.php?rest_route=\/wp\/v2\/posts"}],"about":[{"href":"http:\/\/vertienteglobal.com\/index.php?rest_route=\/wp\/v2\/types\/post"}],"author":[{"embeddable":true,"href":"http:\/\/vertienteglobal.com\/index.php?rest_route=\/wp\/v2\/users\/1"}],"replies":[{"embeddable":true,"href":"http:\/\/vertienteglobal.com\/index.php?rest_route=%2Fwp%2Fv2%2Fcomments&post=208997"}],"version-history":[{"count":0,"href":"http:\/\/vertienteglobal.com\/index.php?rest_route=\/wp\/v2\/posts\/208997\/revisions"}],"wp:featuredmedia":[{"embeddable":true,"href":"http:\/\/vertienteglobal.com\/index.php?rest_route=\/wp\/v2\/media\/208998"}],"wp:attachment":[{"href":"http:\/\/vertienteglobal.com\/index.php?rest_route=%2Fwp%2Fv2%2Fmedia&parent=208997"}],"wp:term":[{"taxonomy":"category","embeddable":true,"href":"http:\/\/vertienteglobal.com\/index.php?rest_route=%2Fwp%2Fv2%2Fcategories&post=208997"},{"taxonomy":"post_tag","embeddable":true,"href":"http:\/\/vertienteglobal.com\/index.php?rest_route=%2Fwp%2Fv2%2Ftags&post=208997"}],"curies":[{"name":"wp","href":"https:\/\/api.w.org\/{rel}","templated":true}]}}