{"id":208939,"date":"2022-11-25T15:24:00","date_gmt":"2022-11-25T21:24:00","guid":{"rendered":"http:\/\/vertienteglobal.com\/?p=208939"},"modified":"2022-11-25T18:26:46","modified_gmt":"2022-11-26T00:26:46","slug":"fortalece-dif-quintana-roo-acciones-para-la-atencion-alimentaria-y-desarrollo-comunitario","status":"publish","type":"post","link":"http:\/\/vertienteglobal.com\/?p=208939","title":{"rendered":"Fortalece DIF Quintana Roo acciones para la atenci\u00f3n alimentaria y desarrollo comunitario"},"content":{"rendered":"\n<div class=\"twitterbutton\" style=\"float: right; padding-left: 5px;\"><a href=\"http:\/\/twitter.com\/share\" class=\"twitter-share-button\" data-count=\"horizontal\" data-text=\"Fortalece DIF Quintana Roo acciones para la atenci\u00f3n alimentaria y desarrollo c...\" data-via=\"https:\/\/twitter.com\/VertienteGloba1\" data-url=\"http:\/\/vertienteglobal.com\/?p=208939\" data-lang=\"es\" data-related=\"Informaci\u00f3n general:S\u00edguenos para que est\u00e9ss informado\"><\/a><\/div>\n<figure class=\"wp-block-image size-large\"><img loading=\"lazy\" decoding=\"async\" width=\"1024\" height=\"665\" src=\"http:\/\/vertienteglobal.com\/wp-content\/uploads\/2022\/11\/DIF-AAlimentaria-01-1024x665.jpeg\" alt=\"\" class=\"wp-image-208940\" srcset=\"http:\/\/vertienteglobal.com\/wp-content\/uploads\/2022\/11\/DIF-AAlimentaria-01-1024x665.jpeg 1024w, http:\/\/vertienteglobal.com\/wp-content\/uploads\/2022\/11\/DIF-AAlimentaria-01-300x195.jpeg 300w, http:\/\/vertienteglobal.com\/wp-content\/uploads\/2022\/11\/DIF-AAlimentaria-01-150x97.jpeg 150w, http:\/\/vertienteglobal.com\/wp-content\/uploads\/2022\/11\/DIF-AAlimentaria-01-768x499.jpeg 768w, http:\/\/vertienteglobal.com\/wp-content\/uploads\/2022\/11\/DIF-AAlimentaria-01.jpeg 1250w\" sizes=\"auto, (max-width: 1024px) 100vw, 1024px\" \/><\/figure>\n\n\n\n<p>(Redacci\u00f3n)<\/p>\n\n\n\n<p>Se busca impulsar el bienestar e inclusi\u00f3n social y construir un gobierno con prosperidad compartida<\/p>\n\n\n\n<p>Campeche, Campeche 25 de noviembre 2022.-.- Concluye el Sistema DIF Quintana Roo, que encabeza la Presidenta Honoraria, Ver\u00f3nica Lezama Espinosa su participaci\u00f3n y asistencia en el XXII Encuentro Nacional de Alimentaci\u00f3n y Desarrollo Comunitario 2022, el cual tiene como objetivo impulsar el bienestar e inclusi\u00f3n social en las y los quintanarroenses.<\/p>\n\n\n\n<p>En el encuentro que se llev\u00f3 a cabo durante los d\u00edas 23, 24 y 25 de noviembre en el Centro Internacional de Convenciones y Exposiciones Campeche XXI, se habl\u00f3 sobre las estrategias para el periodo 2023, mediante intercambio de experiencias, mesas de trabajo y paneles de discusi\u00f3n entre los 32 Sistemas Estatales DIF y el Sistema Nacional DIF (SNDIF) para fortalecer la planeaci\u00f3n, operaci\u00f3n y ejecuci\u00f3n de los programas.<\/p>\n\n\n\n<p>En ese sentido, el DIF Quintana Roo, present\u00f3 el cartel informativo sobre el establecimiento, cr\u00eda y reproducci\u00f3n de la abeja nativa Xunaan Kab (Melipona Beecheii), su conservaci\u00f3n, bondades productivas de la especie, as\u00ed como mejorar la econom\u00eda en el entorno familiar y las alternativas atractivas de su ubicaci\u00f3n de la Ruta de las Iglesias (Ruta de la Guerra de Castas) en el Estado.<\/p>\n\n\n\n<p>Cabe resaltar, que uno de los compromisos de la Gobernadora Mara Lezama Espinosa es impulsar acciones para la construcci\u00f3n de un gobierno con prosperidad compartida, de bienestar e inclusi\u00f3n social.<\/p>\n\n\n\n<p>Por ello, desde el DIF Quintana Roo se trabajar\u00e1 de la mano con el SNDIF para mejorar la calidad de vida y atenci\u00f3n de grupos de atenci\u00f3n prioritaria y fortalecer los programas de Alimentaci\u00f3n y Desarrollo comunitario de la entidad.<\/p>\n\n\n\n<figure class=\"wp-block-image size-large\"><img loading=\"lazy\" decoding=\"async\" width=\"585\" height=\"442\" src=\"http:\/\/vertienteglobal.com\/wp-content\/uploads\/2022\/11\/DIF-AAlimentaria-04-585x442-1.jpeg\" alt=\"\" class=\"wp-image-208941\" srcset=\"http:\/\/vertienteglobal.com\/wp-content\/uploads\/2022\/11\/DIF-AAlimentaria-04-585x442-1.jpeg 585w, http:\/\/vertienteglobal.com\/wp-content\/uploads\/2022\/11\/DIF-AAlimentaria-04-585x442-1-300x227.jpeg 300w, http:\/\/vertienteglobal.com\/wp-content\/uploads\/2022\/11\/DIF-AAlimentaria-04-585x442-1-150x113.jpeg 150w\" sizes=\"auto, (max-width: 585px) 100vw, 585px\" \/><\/figure>\n\n\n\n<figure class=\"wp-block-image size-large\"><img loading=\"lazy\" decoding=\"async\" width=\"585\" height=\"404\" src=\"http:\/\/vertienteglobal.com\/wp-content\/uploads\/2022\/11\/DIF-AAlimentaria-02-585x404-1.jpeg\" alt=\"\" class=\"wp-image-208942\" srcset=\"http:\/\/vertienteglobal.com\/wp-content\/uploads\/2022\/11\/DIF-AAlimentaria-02-585x404-1.jpeg 585w, http:\/\/vertienteglobal.com\/wp-content\/uploads\/2022\/11\/DIF-AAlimentaria-02-585x404-1-300x207.jpeg 300w, http:\/\/vertienteglobal.com\/wp-content\/uploads\/2022\/11\/DIF-AAlimentaria-02-585x404-1-150x104.jpeg 150w\" sizes=\"auto, (max-width: 585px) 100vw, 585px\" \/><\/figure>\n","protected":false},"excerpt":{"rendered":"<p>(Redacci\u00f3n) Se busca impulsar el bienestar e inclusi\u00f3n social y construir un gobierno con prosperidad compartida Campeche, Campeche 25 de noviembre 2022.-.- Concluye el Sistema DIF Quintana Roo, que encabeza la Presidenta Honoraria, Ver\u00f3nica Lezama Espinosa su participaci\u00f3n y asistencia en el XXII Encuentro Nacional de Alimentaci\u00f3n y Desarrollo Comunitario 2022, el cual tiene como [&hellip;]<\/p>\n","protected":false},"author":1,"featured_media":208940,"comment_status":"open","ping_status":"open","sticky":false,"template":"","format":"standard","meta":{"footnotes":""},"categories":[4,3],"tags":[],"class_list":["post-208939","post","type-post","status-publish","format-standard","has-post-thumbnail","hentry","category-campeche","category-quintana-roo","entry","has-media"],"jetpack_featured_media_url":"http:\/\/vertienteglobal.com\/wp-content\/uploads\/2022\/11\/DIF-AAlimentaria-01.jpeg","_links":{"self":[{"href":"http:\/\/vertienteglobal.com\/index.php?rest_route=\/wp\/v2\/posts\/208939","targetHints":{"allow":["GET"]}}],"collection":[{"href":"http:\/\/vertienteglobal.com\/index.php?rest_route=\/wp\/v2\/posts"}],"about":[{"href":"http:\/\/vertienteglobal.com\/index.php?rest_route=\/wp\/v2\/types\/post"}],"author":[{"embeddable":true,"href":"http:\/\/vertienteglobal.com\/index.php?rest_route=\/wp\/v2\/users\/1"}],"replies":[{"embeddable":true,"href":"http:\/\/vertienteglobal.com\/index.php?rest_route=%2Fwp%2Fv2%2Fcomments&post=208939"}],"version-history":[{"count":0,"href":"http:\/\/vertienteglobal.com\/index.php?rest_route=\/wp\/v2\/posts\/208939\/revisions"}],"wp:featuredmedia":[{"embeddable":true,"href":"http:\/\/vertienteglobal.com\/index.php?rest_route=\/wp\/v2\/media\/208940"}],"wp:attachment":[{"href":"http:\/\/vertienteglobal.com\/index.php?rest_route=%2Fwp%2Fv2%2Fmedia&parent=208939"}],"wp:term":[{"taxonomy":"category","embeddable":true,"href":"http:\/\/vertienteglobal.com\/index.php?rest_route=%2Fwp%2Fv2%2Fcategories&post=208939"},{"taxonomy":"post_tag","embeddable":true,"href":"http:\/\/vertienteglobal.com\/index.php?rest_route=%2Fwp%2Fv2%2Ftags&post=208939"}],"curies":[{"name":"wp","href":"https:\/\/api.w.org\/{rel}","templated":true}]}}