{"id":208629,"date":"2022-11-21T15:00:03","date_gmt":"2022-11-21T21:00:03","guid":{"rendered":"http:\/\/vertienteglobal.com\/?p=208629"},"modified":"2022-11-22T10:05:09","modified_gmt":"2022-11-22T16:05:09","slug":"la-presidenta-honoraria-del-dif-lazaro-cardenas-elsy-rubi-cruz-chac-presento-los-resultados-de-su-primer-ano-de-trabajo","status":"publish","type":"post","link":"http:\/\/vertienteglobal.com\/?p=208629","title":{"rendered":"La presidenta honoraria del DIF L\u00e1zaro C\u00e1rdenas, Elsy Rub\u00ed Cruz Chac, presento los resultados de su primer a\u00f1o de trabajo"},"content":{"rendered":"\n<div class=\"twitterbutton\" style=\"float: right; padding-left: 5px;\"><a href=\"http:\/\/twitter.com\/share\" class=\"twitter-share-button\" data-count=\"horizontal\" data-text=\"La presidenta honoraria del DIF L\u00e1zaro C\u00e1rdenas, Elsy Rub\u00ed Cruz Chac, present...\" data-via=\"https:\/\/twitter.com\/VertienteGloba1\" data-url=\"http:\/\/vertienteglobal.com\/?p=208629\" data-lang=\"es\" data-related=\"Informaci\u00f3n general:S\u00edguenos para que est\u00e9ss informado\"><\/a><\/div>\n<figure class=\"wp-block-image size-large\"><img loading=\"lazy\" decoding=\"async\" width=\"1024\" height=\"683\" src=\"http:\/\/vertienteglobal.com\/wp-content\/uploads\/2022\/11\/FB_IMG_1669132615629-1024x683.jpg\" alt=\"\" class=\"wp-image-208630\" srcset=\"http:\/\/vertienteglobal.com\/wp-content\/uploads\/2022\/11\/FB_IMG_1669132615629-1024x683.jpg 1024w, http:\/\/vertienteglobal.com\/wp-content\/uploads\/2022\/11\/FB_IMG_1669132615629-300x200.jpg 300w, http:\/\/vertienteglobal.com\/wp-content\/uploads\/2022\/11\/FB_IMG_1669132615629-150x100.jpg 150w, http:\/\/vertienteglobal.com\/wp-content\/uploads\/2022\/11\/FB_IMG_1669132615629-768x512.jpg 768w, http:\/\/vertienteglobal.com\/wp-content\/uploads\/2022\/11\/FB_IMG_1669132615629.jpg 1080w\" sizes=\"auto, (max-width: 1024px) 100vw, 1024px\" \/><\/figure>\n\n\n\n<p>(Antonio Rivera)<\/p>\n\n\n\n<p>Destac\u00f3 que es una realidad la casa de asistencia social para menores y la recuperaci\u00f3n del parque inclusivo de las ballenas que tambi\u00e9n se reapertur\u00f3 al t\u00e9rmino del acto protocolario<\/p>\n\n\n\n<p>L\u00e1zaro C\u00e1rdenas, Quintana Roo 21 de noviembre de 2022.- Con la presencia del la Sra. Ver\u00f3nica Lezama Espinoza, Presidenta del sistema DIF Quintana Roo, el M.D. Orlando Emir Bellos Tun, Presidente Municipal, presidentas de los sistemas DIF municipales, autoridades del ayuntamiento y la sociedad civil, la Sra. Elsy Rub\u00ed Cruz Chac, rindi\u00f3 su primer informe de trabajo con el que dio a conocer los principales logros obtenidos en beneficio del pueblo de L\u00e1zaro C\u00e1rdenas.<\/p>\n\n\n\n<p>Haciendo un recuento de el proceso inicial con el que su administraci\u00f3n comenz\u00f3 a trabajar, hizo menci\u00f3n de la necesidad de crear estructuras s\u00f3lidas que permitan un equipo bien organizado, capaz de dar respuesta a las necesidades de cada comunidad, partiendo de diagn\u00f3sticos, an\u00e1lisis y bases para brindar la atenci\u00f3n debida a los diferentes sectores de la sociedad.<\/p>\n\n\n\n<p>\u201cCaminemos juntos\u201d es el lema con el que el DIF se hizo visible en sus diferentes coordinaciones, las cuales tuvieron que capacitarse y transmitir esos conocimientos entre el personal con el prop\u00f3sito de mantener, salvaguardar y priorizar la integraci\u00f3n de las ni\u00f1as, ni\u00f1os, adolescentes, adultos mayores y personas vulnerables, adem\u00e1s de emprender labores de gesti\u00f3n que permitieron durante este per\u00edodo ser ejemplo a nivel estado en la entrega de apoyos diversos.<\/p>\n\n\n\n<p>El tema central del mensaje de la Sra. Elsy Rub\u00ed fue el agradecimiento y compromiso, reconociendo la labor que cada \u00e1rea a su cargo ha realizado, muchas veces sin descanso pero con la firme voluntad de servir estando ella presente y supervisando cada actividad, adem\u00e1s de promover la integraci\u00f3n de los hogares con el proyecto fortalecimiento de espacios para las infancias y sus familias que se ha proyectado a las diversas comunidades, a ver realidad la casa de asistencia social para menores y la recuperaci\u00f3n del parque inclusivo de las ballenas que tambi\u00e9n se reapertur\u00f3 al t\u00e9rmino del acto protocolario.<\/p>\n\n\n\n<p>Por su parte la Presidenta Estatal, eligi\u00f3 la labor de la Sra. Elsy Rub\u00ed de quien dijo, ha sido constante, enfatizando tambi\u00e9n la importancia de los avances alcanzados. Para finalizar, las autoridades hicieron un recorrido por el \u00e1rea de los talleres en los que se pudo observar el resultado del aprendizaje que se ha logrado y con el que muchas personas han podido superarse y contribuir a la econom\u00eda de sus hogares.<\/p>\n\n\n\n<figure class=\"wp-block-image size-large\"><img loading=\"lazy\" decoding=\"async\" width=\"1024\" height=\"683\" src=\"http:\/\/vertienteglobal.com\/wp-content\/uploads\/2022\/11\/FB_IMG_1669132610585-1024x683.jpg\" alt=\"\" class=\"wp-image-208631\" srcset=\"http:\/\/vertienteglobal.com\/wp-content\/uploads\/2022\/11\/FB_IMG_1669132610585-1024x683.jpg 1024w, http:\/\/vertienteglobal.com\/wp-content\/uploads\/2022\/11\/FB_IMG_1669132610585-300x200.jpg 300w, http:\/\/vertienteglobal.com\/wp-content\/uploads\/2022\/11\/FB_IMG_1669132610585-150x100.jpg 150w, http:\/\/vertienteglobal.com\/wp-content\/uploads\/2022\/11\/FB_IMG_1669132610585-768x512.jpg 768w, http:\/\/vertienteglobal.com\/wp-content\/uploads\/2022\/11\/FB_IMG_1669132610585.jpg 1080w\" sizes=\"auto, (max-width: 1024px) 100vw, 1024px\" \/><\/figure>\n\n\n\n<figure class=\"wp-block-image size-large\"><img loading=\"lazy\" decoding=\"async\" width=\"1024\" height=\"1024\" src=\"http:\/\/vertienteglobal.com\/wp-content\/uploads\/2022\/11\/FB_IMG_1669132578811-1024x1024.jpg\" alt=\"\" class=\"wp-image-208632\" srcset=\"http:\/\/vertienteglobal.com\/wp-content\/uploads\/2022\/11\/FB_IMG_1669132578811-1024x1024.jpg 1024w, http:\/\/vertienteglobal.com\/wp-content\/uploads\/2022\/11\/FB_IMG_1669132578811-300x300.jpg 300w, http:\/\/vertienteglobal.com\/wp-content\/uploads\/2022\/11\/FB_IMG_1669132578811-150x150.jpg 150w, http:\/\/vertienteglobal.com\/wp-content\/uploads\/2022\/11\/FB_IMG_1669132578811-768x768.jpg 768w, http:\/\/vertienteglobal.com\/wp-content\/uploads\/2022\/11\/FB_IMG_1669132578811.jpg 1080w\" sizes=\"auto, (max-width: 1024px) 100vw, 1024px\" \/><\/figure>\n\n\n\n<figure class=\"wp-block-image size-large\"><img loading=\"lazy\" decoding=\"async\" width=\"1024\" height=\"683\" src=\"http:\/\/vertienteglobal.com\/wp-content\/uploads\/2022\/11\/FB_IMG_1669132591099-1024x683.jpg\" alt=\"\" class=\"wp-image-208633\" srcset=\"http:\/\/vertienteglobal.com\/wp-content\/uploads\/2022\/11\/FB_IMG_1669132591099-1024x683.jpg 1024w, http:\/\/vertienteglobal.com\/wp-content\/uploads\/2022\/11\/FB_IMG_1669132591099-300x200.jpg 300w, http:\/\/vertienteglobal.com\/wp-content\/uploads\/2022\/11\/FB_IMG_1669132591099-150x100.jpg 150w, http:\/\/vertienteglobal.com\/wp-content\/uploads\/2022\/11\/FB_IMG_1669132591099-768x512.jpg 768w, http:\/\/vertienteglobal.com\/wp-content\/uploads\/2022\/11\/FB_IMG_1669132591099.jpg 1080w\" sizes=\"auto, (max-width: 1024px) 100vw, 1024px\" \/><\/figure>\n\n\n\n<figure class=\"wp-block-image size-large\"><img loading=\"lazy\" decoding=\"async\" width=\"1024\" height=\"561\" src=\"http:\/\/vertienteglobal.com\/wp-content\/uploads\/2022\/11\/FB_IMG_1669132597962-1024x561.jpg\" alt=\"\" class=\"wp-image-208634\" srcset=\"http:\/\/vertienteglobal.com\/wp-content\/uploads\/2022\/11\/FB_IMG_1669132597962-1024x561.jpg 1024w, http:\/\/vertienteglobal.com\/wp-content\/uploads\/2022\/11\/FB_IMG_1669132597962-300x164.jpg 300w, http:\/\/vertienteglobal.com\/wp-content\/uploads\/2022\/11\/FB_IMG_1669132597962-150x82.jpg 150w, http:\/\/vertienteglobal.com\/wp-content\/uploads\/2022\/11\/FB_IMG_1669132597962-768x421.jpg 768w, http:\/\/vertienteglobal.com\/wp-content\/uploads\/2022\/11\/FB_IMG_1669132597962.jpg 1080w\" sizes=\"auto, (max-width: 1024px) 100vw, 1024px\" \/><\/figure>\n\n\n\n<figure class=\"wp-block-image size-large\"><img loading=\"lazy\" decoding=\"async\" width=\"1024\" height=\"683\" src=\"http:\/\/vertienteglobal.com\/wp-content\/uploads\/2022\/11\/FB_IMG_1669132605703-1024x683.jpg\" alt=\"\" class=\"wp-image-208635\" srcset=\"http:\/\/vertienteglobal.com\/wp-content\/uploads\/2022\/11\/FB_IMG_1669132605703-1024x683.jpg 1024w, http:\/\/vertienteglobal.com\/wp-content\/uploads\/2022\/11\/FB_IMG_1669132605703-300x200.jpg 300w, http:\/\/vertienteglobal.com\/wp-content\/uploads\/2022\/11\/FB_IMG_1669132605703-150x100.jpg 150w, http:\/\/vertienteglobal.com\/wp-content\/uploads\/2022\/11\/FB_IMG_1669132605703-768x512.jpg 768w, http:\/\/vertienteglobal.com\/wp-content\/uploads\/2022\/11\/FB_IMG_1669132605703.jpg 1080w\" sizes=\"auto, (max-width: 1024px) 100vw, 1024px\" \/><\/figure>\n\n\n\n<figure class=\"wp-block-image size-large\"><img loading=\"lazy\" decoding=\"async\" width=\"1024\" height=\"683\" src=\"http:\/\/vertienteglobal.com\/wp-content\/uploads\/2022\/11\/FB_IMG_1669132586136-1024x683.jpg\" alt=\"\" class=\"wp-image-208637\" srcset=\"http:\/\/vertienteglobal.com\/wp-content\/uploads\/2022\/11\/FB_IMG_1669132586136-1024x683.jpg 1024w, http:\/\/vertienteglobal.com\/wp-content\/uploads\/2022\/11\/FB_IMG_1669132586136-300x200.jpg 300w, http:\/\/vertienteglobal.com\/wp-content\/uploads\/2022\/11\/FB_IMG_1669132586136-150x100.jpg 150w, http:\/\/vertienteglobal.com\/wp-content\/uploads\/2022\/11\/FB_IMG_1669132586136-768x512.jpg 768w, http:\/\/vertienteglobal.com\/wp-content\/uploads\/2022\/11\/FB_IMG_1669132586136.jpg 1080w\" sizes=\"auto, (max-width: 1024px) 100vw, 1024px\" \/><\/figure>\n\n\n\n<figure class=\"wp-block-image size-large\"><img loading=\"lazy\" decoding=\"async\" width=\"1024\" height=\"683\" src=\"http:\/\/vertienteglobal.com\/wp-content\/uploads\/2022\/11\/FB_IMG_1669132622615-1024x683.jpg\" alt=\"\" class=\"wp-image-208636\" srcset=\"http:\/\/vertienteglobal.com\/wp-content\/uploads\/2022\/11\/FB_IMG_1669132622615-1024x683.jpg 1024w, http:\/\/vertienteglobal.com\/wp-content\/uploads\/2022\/11\/FB_IMG_1669132622615-300x200.jpg 300w, http:\/\/vertienteglobal.com\/wp-content\/uploads\/2022\/11\/FB_IMG_1669132622615-150x100.jpg 150w, http:\/\/vertienteglobal.com\/wp-content\/uploads\/2022\/11\/FB_IMG_1669132622615-768x512.jpg 768w, http:\/\/vertienteglobal.com\/wp-content\/uploads\/2022\/11\/FB_IMG_1669132622615.jpg 1080w\" sizes=\"auto, (max-width: 1024px) 100vw, 1024px\" \/><\/figure>\n\n\n\n<figure class=\"wp-block-image size-large\"><img loading=\"lazy\" decoding=\"async\" width=\"1024\" height=\"683\" src=\"http:\/\/vertienteglobal.com\/wp-content\/uploads\/2022\/11\/FB_IMG_1669132601694-1024x683.jpg\" alt=\"\" class=\"wp-image-208638\" srcset=\"http:\/\/vertienteglobal.com\/wp-content\/uploads\/2022\/11\/FB_IMG_1669132601694-1024x683.jpg 1024w, http:\/\/vertienteglobal.com\/wp-content\/uploads\/2022\/11\/FB_IMG_1669132601694-300x200.jpg 300w, http:\/\/vertienteglobal.com\/wp-content\/uploads\/2022\/11\/FB_IMG_1669132601694-150x100.jpg 150w, http:\/\/vertienteglobal.com\/wp-content\/uploads\/2022\/11\/FB_IMG_1669132601694-768x512.jpg 768w, http:\/\/vertienteglobal.com\/wp-content\/uploads\/2022\/11\/FB_IMG_1669132601694.jpg 1080w\" sizes=\"auto, (max-width: 1024px) 100vw, 1024px\" \/><\/figure>\n","protected":false},"excerpt":{"rendered":"<p>(Antonio Rivera) Destac\u00f3 que es una realidad la casa de asistencia social para menores y la recuperaci\u00f3n del parque inclusivo de las ballenas que tambi\u00e9n se reapertur\u00f3 al t\u00e9rmino del acto protocolario L\u00e1zaro C\u00e1rdenas, Quintana Roo 21 de noviembre de 2022.- Con la presencia del la Sra. Ver\u00f3nica Lezama Espinoza, Presidenta del sistema DIF Quintana [&hellip;]<\/p>\n","protected":false},"author":1,"featured_media":208630,"comment_status":"open","ping_status":"open","sticky":false,"template":"","format":"standard","meta":{"footnotes":""},"categories":[3],"tags":[],"class_list":["post-208629","post","type-post","status-publish","format-standard","has-post-thumbnail","hentry","category-quintana-roo","entry","has-media"],"jetpack_featured_media_url":"http:\/\/vertienteglobal.com\/wp-content\/uploads\/2022\/11\/FB_IMG_1669132615629.jpg","_links":{"self":[{"href":"http:\/\/vertienteglobal.com\/index.php?rest_route=\/wp\/v2\/posts\/208629","targetHints":{"allow":["GET"]}}],"collection":[{"href":"http:\/\/vertienteglobal.com\/index.php?rest_route=\/wp\/v2\/posts"}],"about":[{"href":"http:\/\/vertienteglobal.com\/index.php?rest_route=\/wp\/v2\/types\/post"}],"author":[{"embeddable":true,"href":"http:\/\/vertienteglobal.com\/index.php?rest_route=\/wp\/v2\/users\/1"}],"replies":[{"embeddable":true,"href":"http:\/\/vertienteglobal.com\/index.php?rest_route=%2Fwp%2Fv2%2Fcomments&post=208629"}],"version-history":[{"count":0,"href":"http:\/\/vertienteglobal.com\/index.php?rest_route=\/wp\/v2\/posts\/208629\/revisions"}],"wp:featuredmedia":[{"embeddable":true,"href":"http:\/\/vertienteglobal.com\/index.php?rest_route=\/wp\/v2\/media\/208630"}],"wp:attachment":[{"href":"http:\/\/vertienteglobal.com\/index.php?rest_route=%2Fwp%2Fv2%2Fmedia&parent=208629"}],"wp:term":[{"taxonomy":"category","embeddable":true,"href":"http:\/\/vertienteglobal.com\/index.php?rest_route=%2Fwp%2Fv2%2Fcategories&post=208629"},{"taxonomy":"post_tag","embeddable":true,"href":"http:\/\/vertienteglobal.com\/index.php?rest_route=%2Fwp%2Fv2%2Ftags&post=208629"}],"curies":[{"name":"wp","href":"https:\/\/api.w.org\/{rel}","templated":true}]}}