{"id":208440,"date":"2022-11-16T18:51:59","date_gmt":"2022-11-17T00:51:59","guid":{"rendered":"http:\/\/vertienteglobal.com\/?p=208440"},"modified":"2022-11-17T06:16:21","modified_gmt":"2022-11-17T12:16:21","slug":"empresarios-se-unen-al-trabajo-por-cancun","status":"publish","type":"post","link":"http:\/\/vertienteglobal.com\/?p=208440","title":{"rendered":"Empresarios se unen al trabajo por Canc\u00fan"},"content":{"rendered":"\n<div class=\"twitterbutton\" style=\"float: right; padding-left: 5px;\"><a href=\"http:\/\/twitter.com\/share\" class=\"twitter-share-button\" data-count=\"horizontal\" data-text=\"Empresarios se unen al trabajo por Canc\u00fan\" data-via=\"https:\/\/twitter.com\/VertienteGloba1\" data-url=\"http:\/\/vertienteglobal.com\/?p=208440\" data-lang=\"es\" data-related=\"Informaci\u00f3n general:S\u00edguenos para que est\u00e9ss informado\"><\/a><\/div>\n<figure class=\"wp-block-image size-large\"><img loading=\"lazy\" decoding=\"async\" width=\"1024\" height=\"683\" src=\"http:\/\/vertienteglobal.com\/wp-content\/uploads\/2022\/11\/FB_IMG_1668685904650.jpg\" alt=\"\" class=\"wp-image-208442\" srcset=\"http:\/\/vertienteglobal.com\/wp-content\/uploads\/2022\/11\/FB_IMG_1668685904650.jpg 1024w, http:\/\/vertienteglobal.com\/wp-content\/uploads\/2022\/11\/FB_IMG_1668685904650-300x200.jpg 300w, http:\/\/vertienteglobal.com\/wp-content\/uploads\/2022\/11\/FB_IMG_1668685904650-150x100.jpg 150w, http:\/\/vertienteglobal.com\/wp-content\/uploads\/2022\/11\/FB_IMG_1668685904650-768x512.jpg 768w\" sizes=\"auto, (max-width: 1024px) 100vw, 1024px\" \/><\/figure>\n\n\n\n<p>(Redacci\u00f3n)<\/p>\n\n\n\n<p>Sostiene Ana Patricia Peralta mesas de trabajo con CCE<\/p>\n\n\n\n<p>Canc\u00fan, Quintana Roo, a 16 de noviembre de 2022.- La Presidenta Municipal, Ana Patricia Peralta, sostuvo seis mesas de trabajo tem\u00e1ticas con integrantes del Consejo Coordinador Empresarial del Caribe (CCE), con el fin de analizar y llegar a puntos de acuerdo en diferentes propuestas para construir una ciudad m\u00e1s s\u00f3lida y con un mejor futuro para todas y todos los cancunenses.<\/p>\n\n\n\n<p>\u201cQuiero decirles que compartimos los mismos objetivos. Los empresarios de Canc\u00fan cuentan conmigo y con todos los funcionarios del Ayuntamiento para dar lo mejor de nosotros y as\u00ed eliminar trabas, agilizar tr\u00e1mites adem\u00e1s de combatir los actos de corrupci\u00f3n de manera frontal y decidida\u201d, indic\u00f3.<\/p>\n\n\n\n<p>En su mensaje al inicio del di\u00e1logo en el \u201cSal\u00f3n Presidentes\u201d del Palacio Municipal, la Primera Autoridad Municipal subray\u00f3 que los t\u00f3picos fueron de acuerdo a las necesidades planteadas por el sector empresarial para construir una mejor versi\u00f3n de Canc\u00fan, impulsar la econom\u00eda de la ciudad, generar m\u00e1s empleos y que el futuro tenga bienestar para todos los que aqu\u00ed habitan.<\/p>\n\n\n\n<p>\u201cAnalizaremos los compromiso que acord\u00f3 el CCE con nuestra hoy gobernadora Mara Lezama y el estado de cumplimiento en materia de: Seguridad P\u00fablica y Tr\u00e1nsito; Trabajo y Protecci\u00f3n Civil; Obras P\u00fablicas y Servicios; Participaci\u00f3n Ciudadana y Mejora Regulatoria; y Finanzas\u201d, detall\u00f3.<\/p>\n\n\n\n<p>El presidente del CCE, Eduardo Mart\u00ednez Gonz\u00e1lez, expres\u00f3: \u201cantes que nada una felicitaci\u00f3n a la Presidenta Municipal, porque cuando fue su primera intervenci\u00f3n con nosotros, no hab\u00eda tomado posesi\u00f3n y habl\u00f3 de reactivar estas mesas de trabajo, es un hecho, la estamos reactivando y eso nos permite a todos trabajar en conjunto de diferentes \u00e1ngulos de c\u00f3mo estamos viviendo la problem\u00e1tica desde un ciudadano hasta un empresario, finalmente para mejorar la operatividad de la empresa\u201d.<\/p>\n\n\n\n<figure class=\"wp-block-image size-large\"><img loading=\"lazy\" decoding=\"async\" width=\"1024\" height=\"683\" src=\"http:\/\/vertienteglobal.com\/wp-content\/uploads\/2022\/11\/FB_IMG_1668685901241.jpg\" alt=\"\" class=\"wp-image-208443\" srcset=\"http:\/\/vertienteglobal.com\/wp-content\/uploads\/2022\/11\/FB_IMG_1668685901241.jpg 1024w, http:\/\/vertienteglobal.com\/wp-content\/uploads\/2022\/11\/FB_IMG_1668685901241-300x200.jpg 300w, http:\/\/vertienteglobal.com\/wp-content\/uploads\/2022\/11\/FB_IMG_1668685901241-150x100.jpg 150w, http:\/\/vertienteglobal.com\/wp-content\/uploads\/2022\/11\/FB_IMG_1668685901241-768x512.jpg 768w\" sizes=\"auto, (max-width: 1024px) 100vw, 1024px\" \/><\/figure>\n\n\n\n<figure class=\"wp-block-image size-large\"><img loading=\"lazy\" decoding=\"async\" width=\"1024\" height=\"586\" src=\"http:\/\/vertienteglobal.com\/wp-content\/uploads\/2022\/11\/FB_IMG_1668685909310.jpg\" alt=\"\" class=\"wp-image-208444\" srcset=\"http:\/\/vertienteglobal.com\/wp-content\/uploads\/2022\/11\/FB_IMG_1668685909310.jpg 1024w, http:\/\/vertienteglobal.com\/wp-content\/uploads\/2022\/11\/FB_IMG_1668685909310-300x172.jpg 300w, http:\/\/vertienteglobal.com\/wp-content\/uploads\/2022\/11\/FB_IMG_1668685909310-150x86.jpg 150w, http:\/\/vertienteglobal.com\/wp-content\/uploads\/2022\/11\/FB_IMG_1668685909310-768x440.jpg 768w\" sizes=\"auto, (max-width: 1024px) 100vw, 1024px\" \/><\/figure>\n\n\n\n<figure class=\"wp-block-image size-large\"><img loading=\"lazy\" decoding=\"async\" width=\"1024\" height=\"653\" src=\"http:\/\/vertienteglobal.com\/wp-content\/uploads\/2022\/11\/FB_IMG_1668685914401.jpg\" alt=\"\" class=\"wp-image-208445\" srcset=\"http:\/\/vertienteglobal.com\/wp-content\/uploads\/2022\/11\/FB_IMG_1668685914401.jpg 1024w, http:\/\/vertienteglobal.com\/wp-content\/uploads\/2022\/11\/FB_IMG_1668685914401-300x191.jpg 300w, http:\/\/vertienteglobal.com\/wp-content\/uploads\/2022\/11\/FB_IMG_1668685914401-150x96.jpg 150w, http:\/\/vertienteglobal.com\/wp-content\/uploads\/2022\/11\/FB_IMG_1668685914401-768x490.jpg 768w\" sizes=\"auto, (max-width: 1024px) 100vw, 1024px\" \/><\/figure>\n","protected":false},"excerpt":{"rendered":"<p>(Redacci\u00f3n) Sostiene Ana Patricia Peralta mesas de trabajo con CCE Canc\u00fan, Quintana Roo, a 16 de noviembre de 2022.- La Presidenta Municipal, Ana Patricia Peralta, sostuvo seis mesas de trabajo tem\u00e1ticas con integrantes del Consejo Coordinador Empresarial del Caribe (CCE), con el fin de analizar y llegar a puntos de acuerdo en diferentes propuestas para [&hellip;]<\/p>\n","protected":false},"author":1,"featured_media":208442,"comment_status":"open","ping_status":"open","sticky":false,"template":"","format":"standard","meta":{"footnotes":""},"categories":[3],"tags":[],"class_list":["post-208440","post","type-post","status-publish","format-standard","has-post-thumbnail","hentry","category-quintana-roo","entry","has-media"],"jetpack_featured_media_url":"http:\/\/vertienteglobal.com\/wp-content\/uploads\/2022\/11\/FB_IMG_1668685904650.jpg","_links":{"self":[{"href":"http:\/\/vertienteglobal.com\/index.php?rest_route=\/wp\/v2\/posts\/208440","targetHints":{"allow":["GET"]}}],"collection":[{"href":"http:\/\/vertienteglobal.com\/index.php?rest_route=\/wp\/v2\/posts"}],"about":[{"href":"http:\/\/vertienteglobal.com\/index.php?rest_route=\/wp\/v2\/types\/post"}],"author":[{"embeddable":true,"href":"http:\/\/vertienteglobal.com\/index.php?rest_route=\/wp\/v2\/users\/1"}],"replies":[{"embeddable":true,"href":"http:\/\/vertienteglobal.com\/index.php?rest_route=%2Fwp%2Fv2%2Fcomments&post=208440"}],"version-history":[{"count":0,"href":"http:\/\/vertienteglobal.com\/index.php?rest_route=\/wp\/v2\/posts\/208440\/revisions"}],"wp:featuredmedia":[{"embeddable":true,"href":"http:\/\/vertienteglobal.com\/index.php?rest_route=\/wp\/v2\/media\/208442"}],"wp:attachment":[{"href":"http:\/\/vertienteglobal.com\/index.php?rest_route=%2Fwp%2Fv2%2Fmedia&parent=208440"}],"wp:term":[{"taxonomy":"category","embeddable":true,"href":"http:\/\/vertienteglobal.com\/index.php?rest_route=%2Fwp%2Fv2%2Fcategories&post=208440"},{"taxonomy":"post_tag","embeddable":true,"href":"http:\/\/vertienteglobal.com\/index.php?rest_route=%2Fwp%2Fv2%2Ftags&post=208440"}],"curies":[{"name":"wp","href":"https:\/\/api.w.org\/{rel}","templated":true}]}}