{"id":208387,"date":"2022-11-15T19:52:00","date_gmt":"2022-11-16T01:52:00","guid":{"rendered":"http:\/\/vertienteglobal.com\/?p=208387"},"modified":"2022-11-15T22:14:30","modified_gmt":"2022-11-16T04:14:30","slug":"respaldan-empresarios-y-sociedad-civil-el-nuevo-acuerdo-por-el-bienestar-y-desarrollo-economico-de-quintana-roo-sede","status":"publish","type":"post","link":"http:\/\/vertienteglobal.com\/?p=208387","title":{"rendered":"Respaldan empresarios y sociedad civil el Nuevo Acuerdo por el Bienestar y Desarrollo Econ\u00f3mico de Quintana Roo: SEDE"},"content":{"rendered":"\n<div class=\"twitterbutton\" style=\"float: right; padding-left: 5px;\"><a href=\"http:\/\/twitter.com\/share\" class=\"twitter-share-button\" data-count=\"horizontal\" data-text=\"Respaldan empresarios y sociedad civil el Nuevo Acuerdo por el Bienestar y Desar...\" data-via=\"https:\/\/twitter.com\/VertienteGloba1\" data-url=\"http:\/\/vertienteglobal.com\/?p=208387\" data-lang=\"es\" data-related=\"Informaci\u00f3n general:S\u00edguenos para que est\u00e9ss informado\"><\/a><\/div>\n<figure class=\"wp-block-image size-large\"><img loading=\"lazy\" decoding=\"async\" width=\"585\" height=\"390\" src=\"http:\/\/vertienteglobal.com\/wp-content\/uploads\/2022\/11\/SEDE-RespaldoEmpresarios-02-585x390-1.jpeg\" alt=\"\" class=\"wp-image-208388\" srcset=\"http:\/\/vertienteglobal.com\/wp-content\/uploads\/2022\/11\/SEDE-RespaldoEmpresarios-02-585x390-1.jpeg 585w, http:\/\/vertienteglobal.com\/wp-content\/uploads\/2022\/11\/SEDE-RespaldoEmpresarios-02-585x390-1-300x200.jpeg 300w, http:\/\/vertienteglobal.com\/wp-content\/uploads\/2022\/11\/SEDE-RespaldoEmpresarios-02-585x390-1-150x100.jpeg 150w\" sizes=\"auto, (max-width: 585px) 100vw, 585px\" \/><\/figure>\n\n\n\n<p>(Redacci\u00f3n)<\/p>\n\n\n\n<p>M\u00e1s de 100 participantes aportaron ideas y propuestas en las mesas de trabajo del Eje 7, Desarrollo Econ\u00f3mico y Social para la construcci\u00f3n del Nuevo Acuerdo en Quintana Roo<\/p>\n\n\n\n<p>Diversos sectores de la sociedad llevaron a cabo mesas de trabajo para fortalecer el gobierno de prosperidad y bienestar compartido que impulsa la gobernadora Mara Lezama<\/p>\n\n\n\n<p>Canc\u00fan, Quintana Roo, a 15 de noviembre de 2022.-Empresarios, asociaciones civiles y ciudadanos, participaron y manifestaron su respaldo al Nuevo Acuerdo por el Bienestar y el Desarrollo de Quintana Roo, que promueve la gobernadora Mara Lezama Espinosa, para lograr la transformaci\u00f3n y hacer llegar la prosperidad compartida a todos los hogares de las y los quintanarroenses.<\/p>\n\n\n\n<p>Durante las mesas de trabajo del Eje 7, Desarrollo Econ\u00f3mico y Social, que realiz\u00f3 la Secretar\u00eda de Desarrollo Econ\u00f3mico, que encabeza Karla Mar\u00eda Almanza L\u00f3pez, los participantes destacaron la importancia de que el gobierno sume y tome en cuenta la participaci\u00f3n de todos los sectores.<\/p>\n\n\n\n<p>El sector empresarial reconoci\u00f3 la importancia de las mesas de di\u00e1logo del Nuevo Acuerdo, donde se invita a todos los sectores a coadyuvar con el gobierno y que se generen pol\u00edticas p\u00fablicas que contribuyan al bienestar social y la prosperidad compartida.<\/p>\n\n\n\n<p>\u201cSin duda todos queremos un mejor Quintana Roo; por eso ciudadanos y autoridades debemos sumar esfuerzos. Todas y todos podemos, desde nuestras trincheras, construir y trabajar la prosperidad compartida en nuestro Estado\u201d, coment\u00f3 la titular de SEDE<\/p>\n\n\n\n<p>Este Nuevo Acuerdo por el Bienestar y Desarrollo de Quintana Roo busca cerrar las brechas de desigualdad con un trabajo en conjunto con la sociedad comprometida para impulsar la transformaci\u00f3n profunda en todo el estado.<\/p>\n\n\n\n<p>Durante el acto protocolario y en el desarrollo de las mesas de trabajo, se cont\u00f3 con la participaci\u00f3n especial del Mtro. Javier Abraham Ayuso S\u00e1nchez, Director General del Instituto Quintanarroense de Innovaci\u00f3n Tecnol\u00f3gica, y el Arq. Alejandro Virgen Maga\u00f1a, Coordinador General de Proyecto de la Agencia General de Proyectos Estrat\u00e9gicos del Estado de Quintana Roo.<\/p>\n\n\n\n<figure class=\"wp-block-image size-large\"><img loading=\"lazy\" decoding=\"async\" width=\"585\" height=\"390\" src=\"http:\/\/vertienteglobal.com\/wp-content\/uploads\/2022\/11\/SEDE-RespaldoEmpresarios-03-585x390-1.jpeg\" alt=\"\" class=\"wp-image-208389\" srcset=\"http:\/\/vertienteglobal.com\/wp-content\/uploads\/2022\/11\/SEDE-RespaldoEmpresarios-03-585x390-1.jpeg 585w, http:\/\/vertienteglobal.com\/wp-content\/uploads\/2022\/11\/SEDE-RespaldoEmpresarios-03-585x390-1-300x200.jpeg 300w, http:\/\/vertienteglobal.com\/wp-content\/uploads\/2022\/11\/SEDE-RespaldoEmpresarios-03-585x390-1-150x100.jpeg 150w\" sizes=\"auto, (max-width: 585px) 100vw, 585px\" \/><\/figure>\n\n\n\n<figure class=\"wp-block-image size-large\"><img loading=\"lazy\" decoding=\"async\" width=\"1024\" height=\"682\" src=\"http:\/\/vertienteglobal.com\/wp-content\/uploads\/2022\/11\/SEDE-RespaldoEmpresarios-01-1024x682.jpeg\" alt=\"\" class=\"wp-image-208390\" srcset=\"http:\/\/vertienteglobal.com\/wp-content\/uploads\/2022\/11\/SEDE-RespaldoEmpresarios-01-1024x682.jpeg 1024w, http:\/\/vertienteglobal.com\/wp-content\/uploads\/2022\/11\/SEDE-RespaldoEmpresarios-01-300x200.jpeg 300w, http:\/\/vertienteglobal.com\/wp-content\/uploads\/2022\/11\/SEDE-RespaldoEmpresarios-01-150x100.jpeg 150w, http:\/\/vertienteglobal.com\/wp-content\/uploads\/2022\/11\/SEDE-RespaldoEmpresarios-01-768x512.jpeg 768w, http:\/\/vertienteglobal.com\/wp-content\/uploads\/2022\/11\/SEDE-RespaldoEmpresarios-01.jpeg 1280w\" sizes=\"auto, (max-width: 1024px) 100vw, 1024px\" \/><\/figure>\n\n\n\n<figure class=\"wp-block-image size-large\"><img loading=\"lazy\" decoding=\"async\" width=\"585\" height=\"390\" src=\"http:\/\/vertienteglobal.com\/wp-content\/uploads\/2022\/11\/SEDE-RespaldoEmpresarios-04-585x390-1.jpeg\" alt=\"\" class=\"wp-image-208391\" srcset=\"http:\/\/vertienteglobal.com\/wp-content\/uploads\/2022\/11\/SEDE-RespaldoEmpresarios-04-585x390-1.jpeg 585w, http:\/\/vertienteglobal.com\/wp-content\/uploads\/2022\/11\/SEDE-RespaldoEmpresarios-04-585x390-1-300x200.jpeg 300w, http:\/\/vertienteglobal.com\/wp-content\/uploads\/2022\/11\/SEDE-RespaldoEmpresarios-04-585x390-1-150x100.jpeg 150w\" sizes=\"auto, (max-width: 585px) 100vw, 585px\" \/><\/figure>\n","protected":false},"excerpt":{"rendered":"<p>(Redacci\u00f3n) M\u00e1s de 100 participantes aportaron ideas y propuestas en las mesas de trabajo del Eje 7, Desarrollo Econ\u00f3mico y Social para la construcci\u00f3n del Nuevo Acuerdo en Quintana Roo Diversos sectores de la sociedad llevaron a cabo mesas de trabajo para fortalecer el gobierno de prosperidad y bienestar compartido que impulsa la gobernadora Mara [&hellip;]<\/p>\n","protected":false},"author":1,"featured_media":208388,"comment_status":"open","ping_status":"open","sticky":false,"template":"","format":"standard","meta":{"footnotes":""},"categories":[3],"tags":[],"class_list":["post-208387","post","type-post","status-publish","format-standard","has-post-thumbnail","hentry","category-quintana-roo","entry","has-media"],"jetpack_featured_media_url":"http:\/\/vertienteglobal.com\/wp-content\/uploads\/2022\/11\/SEDE-RespaldoEmpresarios-02-585x390-1.jpeg","_links":{"self":[{"href":"http:\/\/vertienteglobal.com\/index.php?rest_route=\/wp\/v2\/posts\/208387","targetHints":{"allow":["GET"]}}],"collection":[{"href":"http:\/\/vertienteglobal.com\/index.php?rest_route=\/wp\/v2\/posts"}],"about":[{"href":"http:\/\/vertienteglobal.com\/index.php?rest_route=\/wp\/v2\/types\/post"}],"author":[{"embeddable":true,"href":"http:\/\/vertienteglobal.com\/index.php?rest_route=\/wp\/v2\/users\/1"}],"replies":[{"embeddable":true,"href":"http:\/\/vertienteglobal.com\/index.php?rest_route=%2Fwp%2Fv2%2Fcomments&post=208387"}],"version-history":[{"count":0,"href":"http:\/\/vertienteglobal.com\/index.php?rest_route=\/wp\/v2\/posts\/208387\/revisions"}],"wp:featuredmedia":[{"embeddable":true,"href":"http:\/\/vertienteglobal.com\/index.php?rest_route=\/wp\/v2\/media\/208388"}],"wp:attachment":[{"href":"http:\/\/vertienteglobal.com\/index.php?rest_route=%2Fwp%2Fv2%2Fmedia&parent=208387"}],"wp:term":[{"taxonomy":"category","embeddable":true,"href":"http:\/\/vertienteglobal.com\/index.php?rest_route=%2Fwp%2Fv2%2Fcategories&post=208387"},{"taxonomy":"post_tag","embeddable":true,"href":"http:\/\/vertienteglobal.com\/index.php?rest_route=%2Fwp%2Fv2%2Ftags&post=208387"}],"curies":[{"name":"wp","href":"https:\/\/api.w.org\/{rel}","templated":true}]}}