{"id":208381,"date":"2022-11-15T18:52:00","date_gmt":"2022-11-16T00:52:00","guid":{"rendered":"http:\/\/vertienteglobal.com\/?p=208381"},"modified":"2022-11-15T22:10:42","modified_gmt":"2022-11-16T04:10:42","slug":"por-primera-vez-los-ciudadanos-seran-arquitectos-del-desarrollo-de-quintana-roo","status":"publish","type":"post","link":"http:\/\/vertienteglobal.com\/?p=208381","title":{"rendered":"Por primera vez los ciudadanos ser\u00e1n arquitectos del desarrollo de Quintana Roo"},"content":{"rendered":"\n<div class=\"twitterbutton\" style=\"float: right; padding-left: 5px;\"><a href=\"http:\/\/twitter.com\/share\" class=\"twitter-share-button\" data-count=\"horizontal\" data-text=\"Por primera vez los ciudadanos ser\u00e1n arquitectos del desarrollo de Quintana Roo\" data-via=\"https:\/\/twitter.com\/VertienteGloba1\" data-url=\"http:\/\/vertienteglobal.com\/?p=208381\" data-lang=\"es\" data-related=\"Informaci\u00f3n general:S\u00edguenos para que est\u00e9ss informado\"><\/a><\/div>\n<p><a href=\"http:\/\/cgc.qroo.gob.mx\/cjg\/wp-content\/uploads\/2022\/11\/ML-COPLADE-01.jpeg\"><\/a><\/p>\n\n\n\n<figure class=\"wp-block-image size-large\"><img loading=\"lazy\" decoding=\"async\" width=\"585\" height=\"390\" src=\"http:\/\/vertienteglobal.com\/wp-content\/uploads\/2022\/11\/ML-COPLADE-03-585x390-1.jpeg\" alt=\"\" class=\"wp-image-208382\" srcset=\"http:\/\/vertienteglobal.com\/wp-content\/uploads\/2022\/11\/ML-COPLADE-03-585x390-1.jpeg 585w, http:\/\/vertienteglobal.com\/wp-content\/uploads\/2022\/11\/ML-COPLADE-03-585x390-1-300x200.jpeg 300w, http:\/\/vertienteglobal.com\/wp-content\/uploads\/2022\/11\/ML-COPLADE-03-585x390-1-150x100.jpeg 150w\" sizes=\"auto, (max-width: 585px) 100vw, 585px\" \/><\/figure>\n\n\n\n<p>(Redacci\u00f3n)<\/p>\n\n\n\n<p>Los quintanarroenses se integran al COPLADE y participar\u00e1n en el dise\u00f1o del plan de gobierno para el futuro del Estado<\/p>\n\n\n\n<p>Chetumal, Quintana Roo 15 de noviembre de 2022.- Al instalar el Comit\u00e9 de Planeaci\u00f3n para el Desarrollo (COPLADE) del Estado de Quintana Roo y tomar protesta a sus integrantes, la gobernadora Mara Lezama Espinosa explic\u00f3 que es una herramienta para generar la transformaci\u00f3n profunda, para el bienestar de las y los quintanarroenses, con m\u00e1s inversi\u00f3n, ingresos y empleos.<\/p>\n\n\n\n<p>Por primera vez, y en un hecho hist\u00f3rico, este Comit\u00e9 cuenta con la participaci\u00f3n de todos los grupos sociales, organizaciones, de los 11 Ayuntamientos y de los Poderes Legislativo y Judicial, los que ser\u00e1n escuchados y tomados en cuenta en el Plan Estatal de Desarrollo.<\/p>\n\n\n\n<p>El COPLADE es un \u00f3rgano colegiado e interinstitucional en donde concurren los poderes del Estado, los ayuntamientos y representantes del sector social y privado de todas las zonas geogr\u00e1ficas de la entidad, encargados de sentar nuevos cimientos para el desarrollo y concretarla tan necesaria diversificaci\u00f3n econ\u00f3mica.<\/p>\n\n\n\n<p>\u201cSomos las y los supervisores, las y los avales, las y los auditores del plan rector para generar mejores condiciones de vida, de orientar el comportamiento p\u00fablico y privado para convivir en paz, tener seguridad, garantizar el respeto de los derechos humanos, el uso eficiente de los recursos p\u00fablicos, del combate de la corrupci\u00f3n y cualquier tipo de marginaci\u00f3n\u201d expres\u00f3 Mara Lezama.<\/p>\n\n\n\n<p>Recalc\u00f3 que el COPLADE tiene entre sus atribuciones, con la participaci\u00f3n de todas y todos, la elaboraci\u00f3n del Plan Estatal de Desarrollo (PED), documento rector que orienta la acci\u00f3n de gobierno para mejorar la calidad de vida de la poblaci\u00f3n quintanarroense y fomentar el desarrollo integral sostenible en el Estado, en el marco del Nuevo Acuerdo por el Bienestar y el Desarrollo.<\/p>\n\n\n\n<p>Al indicar que este es el primer gobierno progresista y humanista de Quintana Roo, Mara Lezama puntualiz\u00f3 que en este Nuevo Acuerdo se construir\u00e1n planes y programas para atender temas de seguridad, medio ambiente, desarrollo econ\u00f3mico, desarrollo social y gobierno abierto.<\/p>\n\n\n\n<figure class=\"wp-block-image\"><a href=\"http:\/\/cgc.qroo.gob.mx\/cjg\/wp-content\/uploads\/2022\/11\/ML-COPLADE-02.jpeg\"><img decoding=\"async\" src=\"http:\/\/cgc.qroo.gob.mx\/cjg\/wp-content\/uploads\/2022\/11\/ML-COPLADE-02-585x390.jpeg\" alt=\"\" title=\"ML \u2013 COPLADE 02\"\/><\/a><\/figure>\n\n\n\n<figure class=\"wp-block-image\"><a href=\"http:\/\/cgc.qroo.gob.mx\/cjg\/wp-content\/uploads\/2022\/11\/ML-COPLADE-03.jpeg\"><img decoding=\"async\" src=\"http:\/\/cgc.qroo.gob.mx\/cjg\/wp-content\/uploads\/2022\/11\/ML-COPLADE-03-585x390.jpeg\" alt=\"\" title=\"ML \u2013 COPLADE 03\"\/><\/a><\/figure>\n\n\n\n<p>Durante la sesi\u00f3n de instalaci\u00f3n se inform\u00f3 que para la formulaci\u00f3n del PED se incluyen 15 foros de participaci\u00f3n ciudadana que se desarrollar\u00e1n a lo largo de la geograf\u00eda estatal entre el 17 y el 25 de noviembre, 11 buzones que se instalar\u00e1n f\u00edsicamente en los palacios municipales, y un buz\u00f3n digital al que se podr\u00e1 acceder en la direcci\u00f3n www.sefiplan.qroo.gob.mx\/buzon<\/p>\n\n\n\n<p>A trav\u00e9s de estos buzones, la ciudadan\u00eda, organismos, instituciones y representantes de los sectores social, privado y acad\u00e9mico podr\u00e1n expresar sus ideas, opiniones y necesidades, para ser consideradas en el Plan Estatal de Desarrollo y en el Nuevo Acuerdo por el Bienestar y el Desarrollo.<\/p>\n\n\n\n<p>El evento se realiz\u00f3 en el sal\u00f3n Cuna del Mestizaje de Palacio de Gobierno con la asistencia de los integrantes del COPLADE, entre los cuales destacaron los representantes de los Consejos Ciudadanos de Planeaci\u00f3n Municipal e integrantes del Consejo Ciudadano de Planeaci\u00f3n del Estado de Quintana Roo, \u00f3rganos de consulta obligatoria y di\u00e1logo p\u00fablico, con car\u00e1cter consultivo y propositivo en materia de planeaci\u00f3n para el desarrollo.<\/p>\n\n\n\n<p>La bienvenida y exposici\u00f3n de motivos corri\u00f3 a cargo del secretario de Finanzas y Planeaci\u00f3n, Eugenio Segura V\u00e1zquez.<\/p>\n\n\n\n<p>Durante el acto, la gobernadora del estado entreg\u00f3 nombramientos a los coordinadores de los Ejes que integrar\u00e1n el Plan Estatal de Desarrollo: el Eje 1 Bienestar Social y Calidad de Vida, la Secretar\u00eda de Desarrollo Social; Eje 2 Seguridad Ciudadana, la Secretar\u00eda de Seguridad P\u00fablica; Eje 3 Desarrollo Econ\u00f3mico Inclusivo, la Secretar\u00eda de Desarrollo Econ\u00f3mico; Eje 4 Medio Ambiente y Crecimiento Sustentable, la Secretar\u00eda de Desarrollo Territorial Urbano Sustentable; y Eje 5 Gobierno Honesto, Austero y Cercano a la Gente, la Secretar\u00eda de Gobierno.<\/p>\n\n\n\n<figure class=\"wp-block-image size-large\"><img loading=\"lazy\" decoding=\"async\" width=\"1024\" height=\"682\" src=\"http:\/\/vertienteglobal.com\/wp-content\/uploads\/2022\/11\/ML-COPLADE-01-1024x682.jpeg\" alt=\"\" class=\"wp-image-208383\" srcset=\"http:\/\/vertienteglobal.com\/wp-content\/uploads\/2022\/11\/ML-COPLADE-01-1024x682.jpeg 1024w, http:\/\/vertienteglobal.com\/wp-content\/uploads\/2022\/11\/ML-COPLADE-01-300x200.jpeg 300w, http:\/\/vertienteglobal.com\/wp-content\/uploads\/2022\/11\/ML-COPLADE-01-150x100.jpeg 150w, http:\/\/vertienteglobal.com\/wp-content\/uploads\/2022\/11\/ML-COPLADE-01-768x512.jpeg 768w, http:\/\/vertienteglobal.com\/wp-content\/uploads\/2022\/11\/ML-COPLADE-01.jpeg 1280w\" sizes=\"auto, (max-width: 1024px) 100vw, 1024px\" \/><\/figure>\n\n\n\n<figure class=\"wp-block-image size-large\"><img loading=\"lazy\" decoding=\"async\" width=\"585\" height=\"390\" src=\"http:\/\/vertienteglobal.com\/wp-content\/uploads\/2022\/11\/ML-COPLADE-02-585x390-1.jpeg\" alt=\"\" class=\"wp-image-208384\" srcset=\"http:\/\/vertienteglobal.com\/wp-content\/uploads\/2022\/11\/ML-COPLADE-02-585x390-1.jpeg 585w, http:\/\/vertienteglobal.com\/wp-content\/uploads\/2022\/11\/ML-COPLADE-02-585x390-1-300x200.jpeg 300w, http:\/\/vertienteglobal.com\/wp-content\/uploads\/2022\/11\/ML-COPLADE-02-585x390-1-150x100.jpeg 150w\" sizes=\"auto, (max-width: 585px) 100vw, 585px\" \/><\/figure>\n","protected":false},"excerpt":{"rendered":"<p>(Redacci\u00f3n) Los quintanarroenses se integran al COPLADE y participar\u00e1n en el dise\u00f1o del plan de gobierno para el futuro del Estado Chetumal, Quintana Roo 15 de noviembre de 2022.- Al instalar el Comit\u00e9 de Planeaci\u00f3n para el Desarrollo (COPLADE) del Estado de Quintana Roo y tomar protesta a sus integrantes, la gobernadora Mara Lezama Espinosa [&hellip;]<\/p>\n","protected":false},"author":1,"featured_media":208383,"comment_status":"open","ping_status":"open","sticky":false,"template":"","format":"standard","meta":{"footnotes":""},"categories":[3],"tags":[],"class_list":["post-208381","post","type-post","status-publish","format-standard","has-post-thumbnail","hentry","category-quintana-roo","entry","has-media"],"jetpack_featured_media_url":"http:\/\/vertienteglobal.com\/wp-content\/uploads\/2022\/11\/ML-COPLADE-01.jpeg","_links":{"self":[{"href":"http:\/\/vertienteglobal.com\/index.php?rest_route=\/wp\/v2\/posts\/208381","targetHints":{"allow":["GET"]}}],"collection":[{"href":"http:\/\/vertienteglobal.com\/index.php?rest_route=\/wp\/v2\/posts"}],"about":[{"href":"http:\/\/vertienteglobal.com\/index.php?rest_route=\/wp\/v2\/types\/post"}],"author":[{"embeddable":true,"href":"http:\/\/vertienteglobal.com\/index.php?rest_route=\/wp\/v2\/users\/1"}],"replies":[{"embeddable":true,"href":"http:\/\/vertienteglobal.com\/index.php?rest_route=%2Fwp%2Fv2%2Fcomments&post=208381"}],"version-history":[{"count":0,"href":"http:\/\/vertienteglobal.com\/index.php?rest_route=\/wp\/v2\/posts\/208381\/revisions"}],"wp:featuredmedia":[{"embeddable":true,"href":"http:\/\/vertienteglobal.com\/index.php?rest_route=\/wp\/v2\/media\/208383"}],"wp:attachment":[{"href":"http:\/\/vertienteglobal.com\/index.php?rest_route=%2Fwp%2Fv2%2Fmedia&parent=208381"}],"wp:term":[{"taxonomy":"category","embeddable":true,"href":"http:\/\/vertienteglobal.com\/index.php?rest_route=%2Fwp%2Fv2%2Fcategories&post=208381"},{"taxonomy":"post_tag","embeddable":true,"href":"http:\/\/vertienteglobal.com\/index.php?rest_route=%2Fwp%2Fv2%2Ftags&post=208381"}],"curies":[{"name":"wp","href":"https:\/\/api.w.org\/{rel}","templated":true}]}}