{"id":208241,"date":"2022-11-12T17:09:04","date_gmt":"2022-11-12T23:09:04","guid":{"rendered":"http:\/\/vertienteglobal.com\/?p=208241"},"modified":"2022-11-13T17:12:03","modified_gmt":"2022-11-13T23:12:03","slug":"sedena-operara-seis-hoteles-en-ruta-del-tren-maya","status":"publish","type":"post","link":"http:\/\/vertienteglobal.com\/?p=208241","title":{"rendered":"Sedena operar\u00e1 seis hoteles en ruta del Tren Maya"},"content":{"rendered":"\n<div class=\"twitterbutton\" style=\"float: right; padding-left: 5px;\"><a href=\"http:\/\/twitter.com\/share\" class=\"twitter-share-button\" data-count=\"horizontal\" data-text=\"Sedena operar\u00e1 seis hoteles en ruta del Tren Maya\" data-via=\"https:\/\/twitter.com\/VertienteGloba1\" data-url=\"http:\/\/vertienteglobal.com\/?p=208241\" data-lang=\"es\" data-related=\"Informaci\u00f3n general:S\u00edguenos para que est\u00e9ss informado\"><\/a><\/div>\n<figure class=\"wp-block-image size-large\"><img loading=\"lazy\" decoding=\"async\" width=\"1024\" height=\"683\" src=\"http:\/\/vertienteglobal.com\/wp-content\/uploads\/2022\/11\/192063.jpg\" alt=\"\" class=\"wp-image-208242\" srcset=\"http:\/\/vertienteglobal.com\/wp-content\/uploads\/2022\/11\/192063.jpg 1024w, http:\/\/vertienteglobal.com\/wp-content\/uploads\/2022\/11\/192063-300x200.jpg 300w, http:\/\/vertienteglobal.com\/wp-content\/uploads\/2022\/11\/192063-150x100.jpg 150w, http:\/\/vertienteglobal.com\/wp-content\/uploads\/2022\/11\/192063-768x512.jpg 768w\" sizes=\"auto, (max-width: 1024px) 100vw, 1024px\" \/><\/figure>\n\n\n\n<p>(Redacci\u00f3n)<\/p>\n\n\n\n<p>El mandatario federal detall\u00f3 que estos hoteles estar\u00e1n repartidos en la primera etapa en Nuevo Uxmal, Edzn\u00e1 y Calakmul, en el estado de Campeche; en Tulum, Quintana Roo; en Chich\u00e9n Itz\u00e1, Yucat\u00e1n; y en Palenque, Chiapas<\/p>\n\n\n\n<p>M\u00e9rida, Yucat\u00e1n 12 de noviembreb2022.-El presidente Andr\u00e9s Manuel L\u00f3pez Obrador inform\u00f3 este viernes que el Ej\u00e9rcito operar\u00e1 seis hoteles que se instalar\u00e1n en el trayecto del Tren Maya.<\/p>\n\n\n\n<p>Durante la ma\u00f1anera, el mandatario federal detall\u00f3 que estos hoteles estar\u00e1n repartidos en la primera etapa en Nuevo Uxmal, Edzn\u00e1 y Calakmul, en el estado de Campeche; en Tulum, Quintana Roo; en Chich\u00e9n Itz\u00e1, Yucat\u00e1n; y en Palenque, Chiapas.<\/p>\n\n\n\n<p>&#8216;Se van a construir seis hoteles en todo lo que es el tramo del Tren maya y tenemos cuatro terrenos ya vistos y nos faltan dos: nos falta uno en Uxmal y ah\u00ed se recuper\u00f3 un terreno, 2 mil 400 hect\u00e1reas, miren que ya lo hab\u00edan vendido, 2mil 400 hect\u00e1reas. No estoy tan seguro, pero creo que en 7 millones, si no son 7 son 70, pero para el caso es lo mismo, 2mil 400 hect\u00e1reas a 6 kil\u00f3metros en Uxmal, de la ciudad arqueol\u00f3gica, pero ya lo recuperamos &#8216;.<\/p>\n\n\n\n<p>Adem\u00e1s, prometi\u00f3 sembrar \u00e1rboles por Tren Maya.<\/p>\n\n\n\n<p>Por \u00faltimo, L\u00f3pez Obrador, mencion\u00f3 que regres\u00f3 este fin de semana a Yucat\u00e1n para informar sobre la seguridad en el estado, as\u00ed como el trabajo conjunto que se realiza con la entidad federativa.(Fuente:Milenio)<\/p>\n","protected":false},"excerpt":{"rendered":"<p>(Redacci\u00f3n) El mandatario federal detall\u00f3 que estos hoteles estar\u00e1n repartidos en la primera etapa en Nuevo Uxmal, Edzn\u00e1 y Calakmul, en el estado de Campeche; en Tulum, Quintana Roo; en Chich\u00e9n Itz\u00e1, Yucat\u00e1n; y en Palenque, Chiapas M\u00e9rida, Yucat\u00e1n 12 de noviembreb2022.-El presidente Andr\u00e9s Manuel L\u00f3pez Obrador inform\u00f3 este viernes que el Ej\u00e9rcito operar\u00e1 seis [&hellip;]<\/p>\n","protected":false},"author":1,"featured_media":208242,"comment_status":"open","ping_status":"open","sticky":false,"template":"","format":"standard","meta":{"footnotes":""},"categories":[6,8,3,2],"tags":[],"class_list":["post-208241","post","type-post","status-publish","format-standard","has-post-thumbnail","hentry","category-chiapas","category-pais","category-quintana-roo","category-yucatan","entry","has-media"],"jetpack_featured_media_url":"http:\/\/vertienteglobal.com\/wp-content\/uploads\/2022\/11\/192063.jpg","_links":{"self":[{"href":"http:\/\/vertienteglobal.com\/index.php?rest_route=\/wp\/v2\/posts\/208241","targetHints":{"allow":["GET"]}}],"collection":[{"href":"http:\/\/vertienteglobal.com\/index.php?rest_route=\/wp\/v2\/posts"}],"about":[{"href":"http:\/\/vertienteglobal.com\/index.php?rest_route=\/wp\/v2\/types\/post"}],"author":[{"embeddable":true,"href":"http:\/\/vertienteglobal.com\/index.php?rest_route=\/wp\/v2\/users\/1"}],"replies":[{"embeddable":true,"href":"http:\/\/vertienteglobal.com\/index.php?rest_route=%2Fwp%2Fv2%2Fcomments&post=208241"}],"version-history":[{"count":0,"href":"http:\/\/vertienteglobal.com\/index.php?rest_route=\/wp\/v2\/posts\/208241\/revisions"}],"wp:featuredmedia":[{"embeddable":true,"href":"http:\/\/vertienteglobal.com\/index.php?rest_route=\/wp\/v2\/media\/208242"}],"wp:attachment":[{"href":"http:\/\/vertienteglobal.com\/index.php?rest_route=%2Fwp%2Fv2%2Fmedia&parent=208241"}],"wp:term":[{"taxonomy":"category","embeddable":true,"href":"http:\/\/vertienteglobal.com\/index.php?rest_route=%2Fwp%2Fv2%2Fcategories&post=208241"},{"taxonomy":"post_tag","embeddable":true,"href":"http:\/\/vertienteglobal.com\/index.php?rest_route=%2Fwp%2Fv2%2Ftags&post=208241"}],"curies":[{"name":"wp","href":"https:\/\/api.w.org\/{rel}","templated":true}]}}