{"id":208227,"date":"2022-11-12T13:45:00","date_gmt":"2022-11-12T19:45:00","guid":{"rendered":"http:\/\/vertienteglobal.com\/?p=208227"},"modified":"2022-11-12T16:46:55","modified_gmt":"2022-11-12T22:46:55","slug":"participa-dif-quintana-roo-en-la-feria-de-la-inclusion-2022-en-la-cdmx","status":"publish","type":"post","link":"http:\/\/vertienteglobal.com\/?p=208227","title":{"rendered":"Participa DIF Quintana Roo en la Feria de la Inclusi\u00f3n 2022 en la CDMX"},"content":{"rendered":"\n<div class=\"twitterbutton\" style=\"float: right; padding-left: 5px;\"><a href=\"http:\/\/twitter.com\/share\" class=\"twitter-share-button\" data-count=\"horizontal\" data-text=\"Participa DIF Quintana Roo en la Feria de la Inclusi\u00f3n 2022 en la CDMX\" data-via=\"https:\/\/twitter.com\/VertienteGloba1\" data-url=\"http:\/\/vertienteglobal.com\/?p=208227\" data-lang=\"es\" data-related=\"Informaci\u00f3n general:S\u00edguenos para que est\u00e9ss informado\"><\/a><\/div>\n<figure class=\"wp-block-image size-large\"><img loading=\"lazy\" decoding=\"async\" width=\"1024\" height=\"768\" src=\"http:\/\/vertienteglobal.com\/wp-content\/uploads\/2022\/11\/DIF-Feria-01-1024x768.jpeg\" alt=\"\" class=\"wp-image-208225\" srcset=\"http:\/\/vertienteglobal.com\/wp-content\/uploads\/2022\/11\/DIF-Feria-01-1024x768.jpeg 1024w, http:\/\/vertienteglobal.com\/wp-content\/uploads\/2022\/11\/DIF-Feria-01-300x225.jpeg 300w, http:\/\/vertienteglobal.com\/wp-content\/uploads\/2022\/11\/DIF-Feria-01-150x113.jpeg 150w, http:\/\/vertienteglobal.com\/wp-content\/uploads\/2022\/11\/DIF-Feria-01-768x576.jpeg 768w, http:\/\/vertienteglobal.com\/wp-content\/uploads\/2022\/11\/DIF-Feria-01-1536x1153.jpeg 1536w, http:\/\/vertienteglobal.com\/wp-content\/uploads\/2022\/11\/DIF-Feria-01.jpeg 1599w\" sizes=\"auto, (max-width: 1024px) 100vw, 1024px\" \/><\/figure>\n\n\n\n<p>(Redacci\u00f3n)<\/p>\n\n\n\n<p>Con el lema \u201cLa rehabilitaci\u00f3n e inclusi\u00f3n es DIF\u201d participaron organizaciones de la sociedad civil, dependencias gubernamentales e instituciones educativas, culturales y deportivas<\/p>\n\n\n\n<p>Ciudad de M\u00e9xico 12 de noviembre 2022.- El Sistema DIF Quintana Roo preside Ver\u00f3nica Lezama Espinosa particip\u00f3 en la Feria de la Inclusi\u00f3n 2022, en la que destacaron los resultados que se han obtenido en Quintana Roo con el Programa de Rehabilitaci\u00f3n Pulmonar para pacientes que sufren de las secuelas tras superar el Covid-19.<\/p>\n\n\n\n<p>El evento denominado \u201cLa rehabilitaci\u00f3n e inclusi\u00f3n es DIF\u201d se llev\u00f3 a cabo en el Monumento a la Revoluci\u00f3n de la Alcald\u00eda Cuauht\u00e9moc en la Ciudad de M\u00e9xico, y que fue organizada por el Sistema Nacional DIF (SNDIF), con el objetivo de impulsar espacios de expresi\u00f3n, ense\u00f1anza, difusi\u00f3n y experiencia de las organizaciones de la sociedad civil, dependencias gubernamentales e instituciones educativas, culturales y deportivas.<\/p>\n\n\n\n<p>En esta exhibici\u00f3n, el DIF Quintana Roo a trav\u00e9s de la Subdirecci\u00f3n General de Salud y Atenci\u00f3n a Personas con Discapacidad present\u00f3 el Programa de Rehabilitaci\u00f3n Pulmonar en donde se dio a conocer el proceso \u00f3ptimo de rehabilitaci\u00f3n funcional y laboral de aquellos pacientes que han registrado secuelas tras superar la enfermedad del Covid-19.<\/p>\n\n\n\n<p>En este marco, se present\u00f3 el equipamiento con el que cuenta en el pabell\u00f3n de Rehabilitaci\u00f3n del Centro de Rehabilitaci\u00f3n Integral de Quintana Roo (CRIQ), como es: el equipo electrom\u00e9dico, chaleco hinchable percutor, y la m\u00e1quina de tos, que sin duda son ben\u00e9ficos si se realiza la atenci\u00f3n oportuna.<\/p>\n\n\n\n<p>Tambi\u00e9n, se present\u00f3 los beneficios que conlleva la rehabilitaci\u00f3n pulmonar en pacientes que han pasado por la enfermedad del Covid-19 como es la disminuci\u00f3n de la sensaci\u00f3n de disnea (falta de aire), optimiza la funci\u00f3n pulmonar, previene y mejora la disfunci\u00f3n respiratoria, reduce complicaciones cl\u00ednicas derivadas del Covid-19, y alivia la ansiedad y depresi\u00f3n derivados por la enfermedad.<\/p>\n\n\n\n<p>De igual forma, se mencion\u00f3 sobre el grupo de pacientes que fueron y son blanco de este padecimiento, siendo \u00e9stos; aquellos que fueron ingresados a unidades de cuidados intensivos en tiempo prolongado, pacientes con morbilidad, adultos mayores y pacientes con enfermedades cr\u00f3nicas.<\/p>\n\n\n\n<p>Cabe resaltar, que estas acciones forman parte de las pol\u00edticas p\u00fablicas que impulsa la Gobernadora, Mara Lezama Espinosa en beneficio de la salud y vida de las personas, en especial, las personas con discapacidad y as\u00ed contar con un Quintana Roo inclusivo, de transformaci\u00f3n y bienestar para las y los quintanarroenses.<\/p>\n","protected":false},"excerpt":{"rendered":"<p>(Redacci\u00f3n) Con el lema \u201cLa rehabilitaci\u00f3n e inclusi\u00f3n es DIF\u201d participaron organizaciones de la sociedad civil, dependencias gubernamentales e instituciones educativas, culturales y deportivas Ciudad de M\u00e9xico 12 de noviembre 2022.- El Sistema DIF Quintana Roo preside Ver\u00f3nica Lezama Espinosa particip\u00f3 en la Feria de la Inclusi\u00f3n 2022, en la que destacaron los resultados que [&hellip;]<\/p>\n","protected":false},"author":1,"featured_media":208225,"comment_status":"open","ping_status":"open","sticky":false,"template":"","format":"standard","meta":{"footnotes":""},"categories":[8,3],"tags":[],"class_list":["post-208227","post","type-post","status-publish","format-standard","has-post-thumbnail","hentry","category-pais","category-quintana-roo","entry","has-media"],"jetpack_featured_media_url":"http:\/\/vertienteglobal.com\/wp-content\/uploads\/2022\/11\/DIF-Feria-01.jpeg","_links":{"self":[{"href":"http:\/\/vertienteglobal.com\/index.php?rest_route=\/wp\/v2\/posts\/208227","targetHints":{"allow":["GET"]}}],"collection":[{"href":"http:\/\/vertienteglobal.com\/index.php?rest_route=\/wp\/v2\/posts"}],"about":[{"href":"http:\/\/vertienteglobal.com\/index.php?rest_route=\/wp\/v2\/types\/post"}],"author":[{"embeddable":true,"href":"http:\/\/vertienteglobal.com\/index.php?rest_route=\/wp\/v2\/users\/1"}],"replies":[{"embeddable":true,"href":"http:\/\/vertienteglobal.com\/index.php?rest_route=%2Fwp%2Fv2%2Fcomments&post=208227"}],"version-history":[{"count":0,"href":"http:\/\/vertienteglobal.com\/index.php?rest_route=\/wp\/v2\/posts\/208227\/revisions"}],"wp:featuredmedia":[{"embeddable":true,"href":"http:\/\/vertienteglobal.com\/index.php?rest_route=\/wp\/v2\/media\/208225"}],"wp:attachment":[{"href":"http:\/\/vertienteglobal.com\/index.php?rest_route=%2Fwp%2Fv2%2Fmedia&parent=208227"}],"wp:term":[{"taxonomy":"category","embeddable":true,"href":"http:\/\/vertienteglobal.com\/index.php?rest_route=%2Fwp%2Fv2%2Fcategories&post=208227"},{"taxonomy":"post_tag","embeddable":true,"href":"http:\/\/vertienteglobal.com\/index.php?rest_route=%2Fwp%2Fv2%2Ftags&post=208227"}],"curies":[{"name":"wp","href":"https:\/\/api.w.org\/{rel}","templated":true}]}}