{"id":207999,"date":"2022-11-07T21:52:30","date_gmt":"2022-11-08T03:52:30","guid":{"rendered":"http:\/\/vertienteglobal.com\/?p=207999"},"modified":"2022-11-08T12:54:01","modified_gmt":"2022-11-08T18:54:01","slug":"concluye-con-exito-la-presencia-de-merida-en-la-habana","status":"publish","type":"post","link":"http:\/\/vertienteglobal.com\/?p=207999","title":{"rendered":"Concluye con \u00e9xito la presencia de M\u00e9rida en La Habana"},"content":{"rendered":"\n<div class=\"twitterbutton\" style=\"float: right; padding-left: 5px;\"><a href=\"http:\/\/twitter.com\/share\" class=\"twitter-share-button\" data-count=\"horizontal\" data-text=\"Concluye con \u00e9xito la presencia de M\u00e9rida en La Habana\" data-via=\"https:\/\/twitter.com\/VertienteGloba1\" data-url=\"http:\/\/vertienteglobal.com\/?p=207999\" data-lang=\"es\" data-related=\"Informaci\u00f3n general:S\u00edguenos para que est\u00e9ss informado\"><\/a><\/div>\n<figure class=\"wp-block-image size-large\"><img loading=\"lazy\" decoding=\"async\" width=\"660\" height=\"330\" src=\"http:\/\/vertienteglobal.com\/wp-content\/uploads\/2022\/11\/Bailes-cubanos-en-la-FAC-660x330-1.jpg\" alt=\"\" class=\"wp-image-208000\" srcset=\"http:\/\/vertienteglobal.com\/wp-content\/uploads\/2022\/11\/Bailes-cubanos-en-la-FAC-660x330-1.jpg 660w, http:\/\/vertienteglobal.com\/wp-content\/uploads\/2022\/11\/Bailes-cubanos-en-la-FAC-660x330-1-300x150.jpg 300w, http:\/\/vertienteglobal.com\/wp-content\/uploads\/2022\/11\/Bailes-cubanos-en-la-FAC-660x330-1-150x75.jpg 150w\" sizes=\"auto, (max-width: 660px) 100vw, 660px\" \/><\/figure>\n\n\n\n<p>(Redacci\u00f3n)<\/p>\n\n\n\n<p>El arte tendi\u00f3 nuevos lazos para preservar y difundir la cultura<\/p>\n\n\n\n<p>M\u00e9rida, Yucat\u00e1n a 7 de noviembre 2022.- Con programas para preservar y difundir costumbres, cultura popular, danza, gastronom\u00eda y tradiciones, M\u00e9rida cautiv\u00f3 en La Habana. Fue la F\u00e1brica de Arte Cubano (FAC), uno de los centros culturales m\u00e1s populares de Cuba donde a diario confluyen diferentes manifestaciones art\u00edsticas, la sede de tres d\u00edas intensos de actividades en las que cubanos de todas las edades y visitantes de diferentes nacionalidades conocieron y se acercaron a la riqueza de las tradiciones yucatecas.<\/p>\n\n\n\n<p>El Director de Cultura Irving Berl\u00edn Villafa\u00f1a encabez\u00f3 la delegaci\u00f3n yucateca y la encomienda del Alcalde Ren\u00e1n Barrera Concha, de seguir generando alianzas, estrechar lazos y compartir tradiciones y arte que sigan posicionando a M\u00e9rida como referente cultural en el pa\u00eds y el mundo. Celebr\u00f3 la asistencia de m\u00e1s de cuatro mil personas que se dieron cita al programa \u201cM\u00e9rida en La Habana\u201d en la F\u00e1brica.<\/p>\n\n\n\n<p>Celebraciones como el Hanal Pix\u00e1n (comida de \u00e1nimas) llegan en un momento donde el \u201challowen\u201d est\u00e1 llegando a La Habana y es un dique para ritos ajenos a Am\u00e9rica Latina.<\/p>\n\n\n\n<p>Presentes en la ceremonia inaugural de \u201cM\u00e9rida en La Habana\u201d, acompa\u00f1aron al Antrop. Berl\u00edn Villafa\u00f1a el compositor X Alfonso, creador de la F\u00e1brica de Arte y nominado al Latin Grammy 2022, as\u00ed como Miguel Hern\u00e1ndez, de Casa de M\u00e9xico; Santiago Ruy S\u00e1nchez, agregado cultural de la embajada mexicana en Cuba, entre otros invitados.<\/p>\n\n\n\n<p>Como parte de la jornada de actividades que se realizaron del 3 al 5 de noviembre, los yucatecos compartieron conocimientos en los talleres de maquillaje de \u00e1nimas, sobre el folclor yucateco y la jarana, la historia de la vaquer\u00eda, sus or\u00edgenes y hasta algunos pasos de baile que los j\u00f3venes cubanos ejecutaron con alegr\u00eda.<\/p>\n\n\n\n<p>La danza regional cautiv\u00f3 en las tres funciones que ofrecieron integrantes del Ballet Folcl\u00f3rico del Ayuntamiento de M\u00e9rida, por la destreza de las jaranas yucatecas. En esta ocasi\u00f3n los bailarines llevaron maquillaje de \u00e1nimas inspirado en las catrinas de Jos\u00e9 Guadalupe Posadas, y portaron huipiles coloridos.<\/p>\n\n\n\n<p>El intercambio art\u00edstico tambi\u00e9n se manifest\u00f3 en el Fashion Show \u201cDe M\u00e9rida a La Habana\u201d, con las propuestas de las marcas In Love M\u00e9xico, Mazehual y Soy Yucateca, con dise\u00f1os de moda contempor\u00e1neo en los que se reflej\u00f3 la creatividad y talento de los dise\u00f1adores yucatecos. La direcci\u00f3n estuvo a cargo de Guillermo Alay\u00f3n. Un par de zanqueros interculturales se sumaron a los bailes y tambi\u00e9n a la pasarela de moda, acci\u00f3n que motiv\u00f3 que numerosos visitantes a la F\u00e1brica se tomaron fotograf\u00edas de recuerdo.<\/p>\n\n\n\n<p>La presencia de las C\u00e1maras Nacionales de la Industria Restaurantera y de Alimentos Condimentados (CANIRAC) Yucat\u00e1n y de la Industria del Vestido (CANAIVE) formaron parte del intercambio cultural con la isla caribe\u00f1a. Diferentes antojitos regionales cautivaron el paladar de los cubanos y visitantes, lo mismo que las propuestas de la industria textil.<\/p>\n\n\n\n<p>La estancia del grupo yucateco se complement\u00f3 con la visita a las Escuelas Nacionales de Danza, M\u00fasica y Artes Circenses de Cuba para conocer los programas de ense\u00f1anzas y las diferentes t\u00e9cnicas, habilidades y did\u00e1cticas y articular herramientas de intercambio para aplicar a futuro en los centros de ense\u00f1anza de M\u00e9rida, como en el Centro Municipal de Danza. El alto nivel de los estudiantes cubanos estuvo de manifiesto durante las demostraciones que ofrecieron a los yucatecos.<br>Asimismo se sostuvo un encuentro con el Ministro de Cultura de Cuba, Alpidio Alonso Grau, con el que se intercambiaron impresiones sobre la cultura de ambas ciudades.<\/p>\n\n\n\n<p>Otro elemento que cautiv\u00f3 fue la representaci\u00f3n de un altar tradicional con los elementos para recordar a los difuntos, que incluy\u00f3 flores, velas, una cruz e im\u00e1genes, sin faltar la comida que m\u00e1s le gustaba a quienes ya no est\u00e1n con nosotros.<\/p>\n\n\n\n<p>La jornada de actividades incluy\u00f3 tambi\u00e9n una visita a La Plaza de Armas, una de las m\u00e1s emblem\u00e1ticas de La Habana Vieja, que fue testigo tambi\u00e9n de una presentaci\u00f3n de las jaranas yucatecas a cargo del Ballet Folcl\u00f3rico. En la presentaci\u00f3n los jaraneros interpretaron conocidas jaranas como \u201cLa Angaripola\u201d, \u201cLa mestiza\u201d, \u201cMi lindo Motul\u201d, \u201cRen\u00e1n y Aldair\u201d, \u201cLas mujeres que se pintan\u201d, \u201cEl Torito\u201d y hasta se escucharon bombas yucartecas.<\/p>\n\n\n\n<p>Las artes visuales estuvieron presentes con la exposici\u00f3n \u201cLos mayas eternos\u201d, con 20 fotograf\u00edas en las que Pedro Tec captur\u00f3 los rostros actuales de la cultura maya en una serie de im\u00e1genes intervenidas con dibujo digital. La colecci\u00f3n permanecer\u00e1 expuesta lo que resta del mes de noviembre en la Fototeca de la F\u00e1brica de Arte.<\/p>\n\n\n\n<p>Con estas actividades, el Ayuntamiento de M\u00e9rida ratifica las relaciones interculturales, celebra la creatividad e identidad culturales entre las capitales yucatecas y cubana.<\/p>\n","protected":false},"excerpt":{"rendered":"<p>(Redacci\u00f3n) El arte tendi\u00f3 nuevos lazos para preservar y difundir la cultura M\u00e9rida, Yucat\u00e1n a 7 de noviembre 2022.- Con programas para preservar y difundir costumbres, cultura popular, danza, gastronom\u00eda y tradiciones, M\u00e9rida cautiv\u00f3 en La Habana. Fue la F\u00e1brica de Arte Cubano (FAC), uno de los centros culturales m\u00e1s populares de Cuba donde a [&hellip;]<\/p>\n","protected":false},"author":1,"featured_media":208000,"comment_status":"open","ping_status":"open","sticky":false,"template":"","format":"standard","meta":{"footnotes":""},"categories":[2],"tags":[],"class_list":["post-207999","post","type-post","status-publish","format-standard","has-post-thumbnail","hentry","category-yucatan","entry","has-media"],"jetpack_featured_media_url":"http:\/\/vertienteglobal.com\/wp-content\/uploads\/2022\/11\/Bailes-cubanos-en-la-FAC-660x330-1.jpg","_links":{"self":[{"href":"http:\/\/vertienteglobal.com\/index.php?rest_route=\/wp\/v2\/posts\/207999","targetHints":{"allow":["GET"]}}],"collection":[{"href":"http:\/\/vertienteglobal.com\/index.php?rest_route=\/wp\/v2\/posts"}],"about":[{"href":"http:\/\/vertienteglobal.com\/index.php?rest_route=\/wp\/v2\/types\/post"}],"author":[{"embeddable":true,"href":"http:\/\/vertienteglobal.com\/index.php?rest_route=\/wp\/v2\/users\/1"}],"replies":[{"embeddable":true,"href":"http:\/\/vertienteglobal.com\/index.php?rest_route=%2Fwp%2Fv2%2Fcomments&post=207999"}],"version-history":[{"count":0,"href":"http:\/\/vertienteglobal.com\/index.php?rest_route=\/wp\/v2\/posts\/207999\/revisions"}],"wp:featuredmedia":[{"embeddable":true,"href":"http:\/\/vertienteglobal.com\/index.php?rest_route=\/wp\/v2\/media\/208000"}],"wp:attachment":[{"href":"http:\/\/vertienteglobal.com\/index.php?rest_route=%2Fwp%2Fv2%2Fmedia&parent=207999"}],"wp:term":[{"taxonomy":"category","embeddable":true,"href":"http:\/\/vertienteglobal.com\/index.php?rest_route=%2Fwp%2Fv2%2Fcategories&post=207999"},{"taxonomy":"post_tag","embeddable":true,"href":"http:\/\/vertienteglobal.com\/index.php?rest_route=%2Fwp%2Fv2%2Ftags&post=207999"}],"curies":[{"name":"wp","href":"https:\/\/api.w.org\/{rel}","templated":true}]}}