{"id":207851,"date":"2022-11-03T13:51:00","date_gmt":"2022-11-03T19:51:00","guid":{"rendered":"http:\/\/vertienteglobal.com\/?p=207851"},"modified":"2022-11-03T21:07:36","modified_gmt":"2022-11-04T03:07:36","slug":"ratifico-el-cabildo-al-secretario-de-seguridad-publica-y-transito-de-benito-juarez","status":"publish","type":"post","link":"http:\/\/vertienteglobal.com\/?p=207851","title":{"rendered":"Ratific\u00f3 el Cabildo al Secretario de Seguridad P\u00fablica y Tr\u00e1nsito de Benito Ju\u00e1rez"},"content":{"rendered":"\n<div class=\"twitterbutton\" style=\"float: right; padding-left: 5px;\"><a href=\"http:\/\/twitter.com\/share\" class=\"twitter-share-button\" data-count=\"horizontal\" data-text=\"Ratific\u00f3 el Cabildo al Secretario de Seguridad P\u00fablica y Tr\u00e1nsito de Benito J...\" data-via=\"https:\/\/twitter.com\/VertienteGloba1\" data-url=\"http:\/\/vertienteglobal.com\/?p=207851\" data-lang=\"es\" data-related=\"Informaci\u00f3n general:S\u00edguenos para que est\u00e9ss informado\"><\/a><\/div>\n<figure class=\"wp-block-image size-large\"><img loading=\"lazy\" decoding=\"async\" width=\"692\" height=\"360\" src=\"http:\/\/vertienteglobal.com\/wp-content\/uploads\/2022\/11\/img_4865-692x360-1.jpg\" alt=\"\" class=\"wp-image-207852\" srcset=\"http:\/\/vertienteglobal.com\/wp-content\/uploads\/2022\/11\/img_4865-692x360-1.jpg 692w, http:\/\/vertienteglobal.com\/wp-content\/uploads\/2022\/11\/img_4865-692x360-1-300x156.jpg 300w, http:\/\/vertienteglobal.com\/wp-content\/uploads\/2022\/11\/img_4865-692x360-1-150x78.jpg 150w\" sizes=\"auto, (max-width: 692px) 100vw, 692px\" \/><\/figure>\n\n\n\n<p>(Redacci\u00f3n)<\/p>\n\n\n\n<p>La Primera Autoridad Municipal subray\u00f3 que este rubro es una prioridad en la administraci\u00f3n actual, por lo que se escogi\u00f3 con base en el curr\u00edculum presentado, pero sobre todo la certeza de capacidad y honestidad al desempe\u00f1ar el cargo<\/p>\n\n\n\n<p>Canc\u00fan, Quintana Roo, a 3 de noviembre de 2012.-Durante la Vig\u00e9sima Octava Sesi\u00f3n Ordinaria, encabezada por la Presidenta Municipal Ana Patricia Peralta, el Cabildo de Benito Ju\u00e1rez ratific\u00f3 por unanimidad y tom\u00f3 la protesta de ley a Jos\u00e9 Pablo Mathey Cruz, como secretario de Seguridad P\u00fablica y Tr\u00e1nsito, con la encomienda de trabajar en favor de los cancunenses.<\/p>\n\n\n\n<p>La Primera Autoridad Municipal subray\u00f3 que este rubro es una prioridad en la administraci\u00f3n actual, por lo que se escogi\u00f3 con base en el curr\u00edculum presentado, pero sobre todo la certeza de capacidad y honestidad al desempe\u00f1ar el cargo.<\/p>\n\n\n\n<p>\u201cEste nombramiento tiene por objeto afianzar la estrategia de seguridad en el estado y tener comunicaci\u00f3n directa con el C5. Le instruyo que trabajemos de la mano con todas las fuerzas del orden, tanto estatales como federales; que nos coordinemos y se atiendan los planteamientos de las diversas Mesas de Seguridad y que ponderemos la prevenci\u00f3n del delito como eje de la pol\u00edtica de seguridad p\u00fablica en el municipio\u201d, dijo.<\/p>\n\n\n\n<p>En el recinto oficial \u201c20 de abril\u201d, la Presidenta Municipal tambi\u00e9n enfatiz\u00f3 que debe realizarse la labor policial con una verdadera perspectiva de g\u00e9nero y castigarse cualquier acto de corrupci\u00f3n que se genere dentro de la corporaci\u00f3n.<\/p>\n\n\n\n<p>Como parte de la trayectoria, se explic\u00f3 que el servidor p\u00fablico es T\u00e9cnico en Infanter\u00eda de Marina, egresado de la Escuela de Infanter\u00eda de Marina de Campeche e ingeniero top\u00f3grafo por la Escuela Naval Militar de Veracruz, adem\u00e1s de que cuenta con estudios de postgrado en especialidad de Mando Naval por el Centro de Estudios Superiores Navales de la Ciudad de M\u00e9xico, numerosas condecoraciones, menciones honor\u00edficas y una amplia lista de logros profesionales al haber ocupado diferentes cargos en varias corporaciones militares.<\/p>\n\n\n\n<p>De igual forma, el cuerpo cabildar vot\u00f3 por unanimidad y tom\u00f3 la protesta de ley a Sergio Carlos L\u00f3pez Jim\u00e9nez, como director del Instituto de la Cultura y las Artes, por su amplia experiencia en el \u00e1mbito teatral, ya que desde 1995 ha participado en la producci\u00f3n y coproducci\u00f3n de numerosas obras de teatro, adem\u00e1s de ser fundador de la compa\u00f1\u00eda \u201cNunca Merlot\u201d A. C., entre otros logros en el mismo \u00e1mbito.<\/p>\n\n\n\n<p>Tambi\u00e9n se aprob\u00f3 el nombramiento de los representantes de instituciones de educaci\u00f3n superior, c\u00e1maras empresariales y colegios de profesionistas que formar\u00e1n parte del Comit\u00e9 de Planeaci\u00f3n Municipal (COPLADEMUN) 2021-2024, \u00f3rgano p\u00fablico colegiado e interinstitucionales que coordinar\u00e1n a los tres \u00f3rdenes de gobierno y sector privado o social que participan en el proceso de planeaci\u00f3n.<\/p>\n","protected":false},"excerpt":{"rendered":"<p>(Redacci\u00f3n) La Primera Autoridad Municipal subray\u00f3 que este rubro es una prioridad en la administraci\u00f3n actual, por lo que se escogi\u00f3 con base en el curr\u00edculum presentado, pero sobre todo la certeza de capacidad y honestidad al desempe\u00f1ar el cargo Canc\u00fan, Quintana Roo, a 3 de noviembre de 2012.-Durante la Vig\u00e9sima Octava Sesi\u00f3n Ordinaria, encabezada [&hellip;]<\/p>\n","protected":false},"author":1,"featured_media":207852,"comment_status":"open","ping_status":"open","sticky":false,"template":"","format":"standard","meta":{"footnotes":""},"categories":[3],"tags":[],"class_list":["post-207851","post","type-post","status-publish","format-standard","has-post-thumbnail","hentry","category-quintana-roo","entry","has-media"],"jetpack_featured_media_url":"http:\/\/vertienteglobal.com\/wp-content\/uploads\/2022\/11\/img_4865-692x360-1.jpg","_links":{"self":[{"href":"http:\/\/vertienteglobal.com\/index.php?rest_route=\/wp\/v2\/posts\/207851","targetHints":{"allow":["GET"]}}],"collection":[{"href":"http:\/\/vertienteglobal.com\/index.php?rest_route=\/wp\/v2\/posts"}],"about":[{"href":"http:\/\/vertienteglobal.com\/index.php?rest_route=\/wp\/v2\/types\/post"}],"author":[{"embeddable":true,"href":"http:\/\/vertienteglobal.com\/index.php?rest_route=\/wp\/v2\/users\/1"}],"replies":[{"embeddable":true,"href":"http:\/\/vertienteglobal.com\/index.php?rest_route=%2Fwp%2Fv2%2Fcomments&post=207851"}],"version-history":[{"count":0,"href":"http:\/\/vertienteglobal.com\/index.php?rest_route=\/wp\/v2\/posts\/207851\/revisions"}],"wp:featuredmedia":[{"embeddable":true,"href":"http:\/\/vertienteglobal.com\/index.php?rest_route=\/wp\/v2\/media\/207852"}],"wp:attachment":[{"href":"http:\/\/vertienteglobal.com\/index.php?rest_route=%2Fwp%2Fv2%2Fmedia&parent=207851"}],"wp:term":[{"taxonomy":"category","embeddable":true,"href":"http:\/\/vertienteglobal.com\/index.php?rest_route=%2Fwp%2Fv2%2Fcategories&post=207851"},{"taxonomy":"post_tag","embeddable":true,"href":"http:\/\/vertienteglobal.com\/index.php?rest_route=%2Fwp%2Fv2%2Ftags&post=207851"}],"curies":[{"name":"wp","href":"https:\/\/api.w.org\/{rel}","templated":true}]}}