{"id":207747,"date":"2022-11-01T21:19:27","date_gmt":"2022-11-02T03:19:27","guid":{"rendered":"http:\/\/vertienteglobal.com\/?p=207747"},"modified":"2022-11-02T17:42:37","modified_gmt":"2022-11-02T23:42:37","slug":"xcaret-inaugura-el-16o-festival-de-tradiciones-de-vida-y-muerte-con-la-presencia-de-tlaxcala-y-quintana-roo","status":"publish","type":"post","link":"http:\/\/vertienteglobal.com\/?p=207747","title":{"rendered":"Xcaret inaugura el 16\u00ba Festival de Tradiciones de Vida y Muerte con la presencia de Tlaxcala y Quintana Roo"},"content":{"rendered":"\n<div class=\"twitterbutton\" style=\"float: right; padding-left: 5px;\"><a href=\"http:\/\/twitter.com\/share\" class=\"twitter-share-button\" data-count=\"horizontal\" data-text=\"Xcaret inaugura el 16\u00ba Festival de Tradiciones de Vida y Muerte con la presenci...\" data-via=\"https:\/\/twitter.com\/VertienteGloba1\" data-url=\"http:\/\/vertienteglobal.com\/?p=207747\" data-lang=\"es\" data-related=\"Informaci\u00f3n general:S\u00edguenos para que est\u00e9ss informado\"><\/a><\/div>\n<figure class=\"wp-block-image size-large\"><img loading=\"lazy\" decoding=\"async\" width=\"696\" height=\"464\" src=\"http:\/\/vertienteglobal.com\/wp-content\/uploads\/2022\/11\/FTVYM-57-696x464-1.jpg\" alt=\"\" class=\"wp-image-207748\" srcset=\"http:\/\/vertienteglobal.com\/wp-content\/uploads\/2022\/11\/FTVYM-57-696x464-1.jpg 696w, http:\/\/vertienteglobal.com\/wp-content\/uploads\/2022\/11\/FTVYM-57-696x464-1-300x200.jpg 300w, http:\/\/vertienteglobal.com\/wp-content\/uploads\/2022\/11\/FTVYM-57-696x464-1-150x100.jpg 150w\" sizes=\"auto, (max-width: 696px) 100vw, 696px\" \/><\/figure>\n\n\n\n<p>(Redacci\u00f3n)<\/p>\n\n\n\n<p>El evento cont\u00f3 con la presencia de la Gobernadora Constitucional de Tlaxcala, Lorena Cu\u00e9llar Cisneros, la Secretaria de Turismo del estado de Tlaxcala, Josefina Rodr\u00edguez Zamora, quienes con orgullo destacaron recibir esta invitaci\u00f3n de manos del l\u00edder en recreaci\u00f3n tur\u00edstica sostenible, como dignas representantes del m\u00e1gico estado que representan<\/p>\n\n\n\n<p>Xcaret, Riviera Maya, 1 de noviembre 2022. En un evento protocolario en las instalaciones del parque Xcaret y con la presencia del creador y Fundador de Grupo Xcaret, el Arq. Miguel Quintana Pali, se inaugur\u00f3 uno de los eventos m\u00e1s esperados en M\u00e9xico, que de las manos de las comunidades de Quintana Roo celebra y enaltece parte del patrimonio cultural que enorgullece a los mexicanos: el 16\u00ba Festival de Tradiciones de Vida y Muerte.<\/p>\n\n\n\n<p>Como parte del presidium que representa a Grupo Xcaret, dicho foro dio voz a Leticia Aguerrebere, Directora General del Festival de Tradiciones de Vida y Muerte, quien dio la bienvenida al estado invitado; y Elizabeth Lugo, Directora Ejecutiva de Operaciones de Parques y Tours para brindar todos los detalles que har\u00e1n de este a\u00f1o un festival inolvidable.<\/p>\n\n\n\n<p>El pres\u00eddium se conform\u00f3 de autoridades de Grupo Xcaret, el evento cont\u00f3 con la presencia de la Gobernadora Constitucional de Tlaxcala, Lorena Cu\u00e9llar Cisneros, la Secretaria de Turismo del estado de Tlaxcala, Josefina Rodr\u00edguez Zamora, quienes con orgullo destacaron recibir esta invitaci\u00f3n de manos del l\u00edder en recreaci\u00f3n tur\u00edstica sostenible, como dignas representantes del m\u00e1gico estado que representan; asimismo invitan a dejarse conquistar y prometen esperar con los brazos abiertos a todos los futuros visitantes del bello lugar de las luci\u00e9rnagas.<\/p>\n\n\n\n<p>La Secretaria General del Ayuntamiento de Solidaridad, Kira Iris San, en representaci\u00f3n de Lic. Roxana Lili Campos, Presidenta Municipal de Solidaridad, destac\u00f3 el gran valor y responsabilidad para el destino al lograr el 16\u00ba Festival de Tradiciones de Vida y Muerte; pidi\u00f3 a la audiencia un aplauso para Grupo Xcaret y las comunidades que en conjunto logran realizar este momento, y hace un llamado para vivirlo, disfrutarlo y homenajear a aquellos que se adelantaron en el camino.<\/p>\n\n\n\n<p>\u201cGrupo Xcaret es un orgullo para todos los que hacemos promoci\u00f3n en el destino, siempre ha puesto el nombre de Quintana Roo en alto, y demuestra que M\u00e9xico tiene un mosaico impresionante que mostrar, reuniendo a la base de la sociedad que es la familia y generando lazos entre estados hermanos\u201d. Jorge Luis T\u00e9llez, Direcci\u00f3n Ejecutiva del Consejo de Promoci\u00f3n Tur\u00edstica de Quintana Roo, en representaci\u00f3n de la Gobernadora Mara Lezama.<\/p>\n\n\n\n<p>As\u00ed oficialmente arranc\u00f3 el 16\u00ba Festival de Tradiciones de Vida y Muerte, con una ceremonia simb\u00f3lica de purificaci\u00f3n a manos del Sacerdote y Escribano del Centro Ceremonial de Tixcacal Guardia de Carrillo Puerto Mauro Yama EK; Cornelio Puc Jim\u00e9nez, General Maya del centro ceremonial de la Cruz Parlante de Carrillo Puerto; y Bartolom\u00e9 Ch\u00e9 May, Sacerdote Maya del centro ceremonial de la Cruz Parlante de Carrillo Puerto.<\/p>\n\n\n\n<p>Sin m\u00e1s, el magno evento contin\u00faa su curso en v\u00edsperas de culminar con un estimado de 55 mil asistentes y cerrar con broche de oro con la presentaci\u00f3n del TOUR: \u201cLa Vecindad Santanera\u201d, fusi\u00f3n legendaria y estelar integrada por la Sonora Santanera de Carlos Colorado y la Maldita Vecindad, que marcar\u00e1 el regreso del concierto de gala los pr\u00f3ximos 1 y 2 de noviembre.<\/p>\n\n\n\n<p>\u00a1A vivir el Festival de Tradiciones de Vida y Muerte!<\/p>\n\n\n\n<figure class=\"wp-block-image size-large\"><img loading=\"lazy\" decoding=\"async\" width=\"696\" height=\"464\" src=\"http:\/\/vertienteglobal.com\/wp-content\/uploads\/2022\/11\/image-696x464-1.png\" alt=\"\" class=\"wp-image-207749\" srcset=\"http:\/\/vertienteglobal.com\/wp-content\/uploads\/2022\/11\/image-696x464-1.png 696w, http:\/\/vertienteglobal.com\/wp-content\/uploads\/2022\/11\/image-696x464-1-300x200.png 300w, http:\/\/vertienteglobal.com\/wp-content\/uploads\/2022\/11\/image-696x464-1-150x100.png 150w\" sizes=\"auto, (max-width: 696px) 100vw, 696px\" \/><\/figure>\n\n\n\n<figure class=\"wp-block-image size-large\"><img loading=\"lazy\" decoding=\"async\" width=\"768\" height=\"1024\" src=\"http:\/\/vertienteglobal.com\/wp-content\/uploads\/2022\/11\/20221102_184118-768x1024.jpg\" alt=\"\" class=\"wp-image-207750\" srcset=\"http:\/\/vertienteglobal.com\/wp-content\/uploads\/2022\/11\/20221102_184118-768x1024.jpg 768w, http:\/\/vertienteglobal.com\/wp-content\/uploads\/2022\/11\/20221102_184118-225x300.jpg 225w, http:\/\/vertienteglobal.com\/wp-content\/uploads\/2022\/11\/20221102_184118-113x150.jpg 113w, http:\/\/vertienteglobal.com\/wp-content\/uploads\/2022\/11\/20221102_184118-1152x1536.jpg 1152w, http:\/\/vertienteglobal.com\/wp-content\/uploads\/2022\/11\/20221102_184118.jpg 1536w\" sizes=\"auto, (max-width: 768px) 100vw, 768px\" \/><\/figure>\n","protected":false},"excerpt":{"rendered":"<p>(Redacci\u00f3n) El evento cont\u00f3 con la presencia de la Gobernadora Constitucional de Tlaxcala, Lorena Cu\u00e9llar Cisneros, la Secretaria de Turismo del estado de Tlaxcala, Josefina Rodr\u00edguez Zamora, quienes con orgullo destacaron recibir esta invitaci\u00f3n de manos del l\u00edder en recreaci\u00f3n tur\u00edstica sostenible, como dignas representantes del m\u00e1gico estado que representan Xcaret, Riviera Maya, 1 de [&hellip;]<\/p>\n","protected":false},"author":1,"featured_media":207748,"comment_status":"open","ping_status":"open","sticky":false,"template":"","format":"standard","meta":{"footnotes":""},"categories":[3],"tags":[],"class_list":["post-207747","post","type-post","status-publish","format-standard","has-post-thumbnail","hentry","category-quintana-roo","entry","has-media"],"jetpack_featured_media_url":"http:\/\/vertienteglobal.com\/wp-content\/uploads\/2022\/11\/FTVYM-57-696x464-1.jpg","_links":{"self":[{"href":"http:\/\/vertienteglobal.com\/index.php?rest_route=\/wp\/v2\/posts\/207747","targetHints":{"allow":["GET"]}}],"collection":[{"href":"http:\/\/vertienteglobal.com\/index.php?rest_route=\/wp\/v2\/posts"}],"about":[{"href":"http:\/\/vertienteglobal.com\/index.php?rest_route=\/wp\/v2\/types\/post"}],"author":[{"embeddable":true,"href":"http:\/\/vertienteglobal.com\/index.php?rest_route=\/wp\/v2\/users\/1"}],"replies":[{"embeddable":true,"href":"http:\/\/vertienteglobal.com\/index.php?rest_route=%2Fwp%2Fv2%2Fcomments&post=207747"}],"version-history":[{"count":0,"href":"http:\/\/vertienteglobal.com\/index.php?rest_route=\/wp\/v2\/posts\/207747\/revisions"}],"wp:featuredmedia":[{"embeddable":true,"href":"http:\/\/vertienteglobal.com\/index.php?rest_route=\/wp\/v2\/media\/207748"}],"wp:attachment":[{"href":"http:\/\/vertienteglobal.com\/index.php?rest_route=%2Fwp%2Fv2%2Fmedia&parent=207747"}],"wp:term":[{"taxonomy":"category","embeddable":true,"href":"http:\/\/vertienteglobal.com\/index.php?rest_route=%2Fwp%2Fv2%2Fcategories&post=207747"},{"taxonomy":"post_tag","embeddable":true,"href":"http:\/\/vertienteglobal.com\/index.php?rest_route=%2Fwp%2Fv2%2Ftags&post=207747"}],"curies":[{"name":"wp","href":"https:\/\/api.w.org\/{rel}","templated":true}]}}