{"id":207655,"date":"2022-10-31T21:24:00","date_gmt":"2022-11-01T03:24:00","guid":{"rendered":"http:\/\/vertienteglobal.com\/?p=207655"},"modified":"2022-10-31T21:34:05","modified_gmt":"2022-11-01T03:34:05","slug":"hanal-pixan-en-cancun-se-ha-convertido-en-una-tradicion-mara-lezama","status":"publish","type":"post","link":"http:\/\/vertienteglobal.com\/?p=207655","title":{"rendered":"Hanal Pixan en Canc\u00fan se ha convertido en una tradici\u00f3n: Mara Lezama"},"content":{"rendered":"\n<div class=\"twitterbutton\" style=\"float: right; padding-left: 5px;\"><a href=\"http:\/\/twitter.com\/share\" class=\"twitter-share-button\" data-count=\"horizontal\" data-text=\"Hanal Pixan en Canc\u00fan se ha convertido en una tradici\u00f3n: Mara Lezama\" data-via=\"https:\/\/twitter.com\/VertienteGloba1\" data-url=\"http:\/\/vertienteglobal.com\/?p=207655\" data-lang=\"es\" data-related=\"Informaci\u00f3n general:S\u00edguenos para que est\u00e9ss informado\"><\/a><\/div>\n<figure class=\"wp-block-image size-large\"><img loading=\"lazy\" decoding=\"async\" width=\"1024\" height=\"683\" src=\"http:\/\/vertienteglobal.com\/wp-content\/uploads\/2022\/10\/Mara-Lezama-Hanal-Pixan1-1024x683.jpeg\" alt=\"\" class=\"wp-image-207656\" srcset=\"http:\/\/vertienteglobal.com\/wp-content\/uploads\/2022\/10\/Mara-Lezama-Hanal-Pixan1-1024x683.jpeg 1024w, http:\/\/vertienteglobal.com\/wp-content\/uploads\/2022\/10\/Mara-Lezama-Hanal-Pixan1-300x200.jpeg 300w, http:\/\/vertienteglobal.com\/wp-content\/uploads\/2022\/10\/Mara-Lezama-Hanal-Pixan1-150x100.jpeg 150w, http:\/\/vertienteglobal.com\/wp-content\/uploads\/2022\/10\/Mara-Lezama-Hanal-Pixan1-768x512.jpeg 768w, http:\/\/vertienteglobal.com\/wp-content\/uploads\/2022\/10\/Mara-Lezama-Hanal-Pixan1.jpeg 1500w\" sizes=\"auto, (max-width: 1024px) 100vw, 1024px\" \/><\/figure>\n\n\n\n<p>(Redacci\u00f3n)<\/p>\n\n\n\n<p>La Gobernadora de Quintana Roo destac\u00f3 que la celebraci\u00f3n inici\u00f3 en Puerto Ju\u00e1rez el a\u00f1o pasado y ahora es parte de la memoria colectiva<\/p>\n\n\n\n<p>Canc\u00fan, Quintana Roo 31 de octubre 2022.- Con la asistencia de m\u00e1s de 15 mil personas, la gobernadora del Estado Mara Lezama Espinosa particip\u00f3 hoy en la 2\u00aa Edici\u00f3n de la celebraci\u00f3n del Hanal Pixan que tuvo lugar en el malec\u00f3n Tajamar, un espacio recuperado para el disfrute de la ciudadan\u00eda.<\/p>\n\n\n\n<p>\u201cEsta es una tradici\u00f3n nuestra, es historia viva, pero tambi\u00e9n es memoria colectiva, espiritualidad que se funda en la diversidad de nuestra tierra y tambi\u00e9n de nuestra gente\u201d expres\u00f3 la gobernadora Mara Lezama al invitar a disfrutarla en el marco de un Nuevo Acuerdo por el Bienestar y el Desarrollo de Quintana Roo.<\/p>\n\n\n\n<p>Este evento de rescate de tradiciones y costumbres, que inici\u00f3 precisamente Mara Lezama en Puerto Ju\u00e1rez cuando fue presidenta municipal, cuenta con 53 altares, 157 artesanos de sombreros, bordados, productos org\u00e1nicos; as\u00ed como unos 100 productos alimenticios, entre mucbi pollo, tamales de diversas regiones del pa\u00eds, pan de muerto, tlayudas, postres, dulces t\u00edpicos.<\/p>\n\n\n\n<p>Se instalaron seis pabellones para artesanos, pinta caritas, teatro gui\u00f1ol, alimentos, altares, exhibici\u00f3n de catrinas (15 piezas de tama\u00f1o real de 1.60 metros de Quintana Roo, Yucat\u00e1n, Chiapas, Oaxaca, Veracruz, Tabasco, Jalisco y Frida Kahlo).<\/p>\n\n\n\n<p>La primera gobernadora mujer de Quintana Roo record\u00f3 que est\u00e1 celebraci\u00f3n tuvo su primera edici\u00f3n en Puerto Ju\u00e1rez, hoy ante una segunda etapa de remodelaci\u00f3n no permiti\u00f3 hacerlo y ver a las catrinas salir del mar. Sin embargo, se comprometi\u00f3 a hacerlo el pr\u00f3ximo a\u00f1o con la presidenta municipal Ana Paty Peralta de la Pe\u00f1a. \u201cEstaremos ah\u00ed el pr\u00f3ximo a\u00f1o y hoy aqu\u00ed en Tajamar en donde siempre nos cobija este hermoso malec\u00f3n, esta selva maravillosa, pero sobre todo el cari\u00f1o de tanta gente es el lugar id\u00f3neo para estar as\u00ed en familia\u201d expres\u00f3.<\/p>\n\n\n\n<p>La celebraci\u00f3n, que inici\u00f3 con una ceremonia maya a cargo del sacerdote maya de Felipe Carrillo Puerto Aniceto Vel\u00e1zquez Ch\u00ed, permiti\u00f3 la convivencia en un ambiente familiar, con un sentido profundo para recordar a nuestros seres queridos.<\/p>\n\n\n\n<p>La presidenta municipal Ana Paty Peralta de la Pe\u00f1a dio la bienvenida y expres\u00f3 que permite demostrar lo que podemos hacer como cancunenses con esta identidad que nos han tra\u00eddo nuestros ancestros.<\/p>\n\n\n\n<figure class=\"wp-block-image size-large\"><img loading=\"lazy\" decoding=\"async\" width=\"585\" height=\"390\" src=\"http:\/\/vertienteglobal.com\/wp-content\/uploads\/2022\/10\/Mara-Lezama-Hanal-Pixan2-585x390-1.jpeg\" alt=\"\" class=\"wp-image-207657\" srcset=\"http:\/\/vertienteglobal.com\/wp-content\/uploads\/2022\/10\/Mara-Lezama-Hanal-Pixan2-585x390-1.jpeg 585w, http:\/\/vertienteglobal.com\/wp-content\/uploads\/2022\/10\/Mara-Lezama-Hanal-Pixan2-585x390-1-300x200.jpeg 300w, http:\/\/vertienteglobal.com\/wp-content\/uploads\/2022\/10\/Mara-Lezama-Hanal-Pixan2-585x390-1-150x100.jpeg 150w\" sizes=\"auto, (max-width: 585px) 100vw, 585px\" \/><\/figure>\n\n\n\n<figure class=\"wp-block-image size-large\"><img loading=\"lazy\" decoding=\"async\" width=\"585\" height=\"390\" src=\"http:\/\/vertienteglobal.com\/wp-content\/uploads\/2022\/10\/Mara-Lezama-Hanal-Pixan6-585x390-1.jpeg\" alt=\"\" class=\"wp-image-207658\" srcset=\"http:\/\/vertienteglobal.com\/wp-content\/uploads\/2022\/10\/Mara-Lezama-Hanal-Pixan6-585x390-1.jpeg 585w, http:\/\/vertienteglobal.com\/wp-content\/uploads\/2022\/10\/Mara-Lezama-Hanal-Pixan6-585x390-1-300x200.jpeg 300w, http:\/\/vertienteglobal.com\/wp-content\/uploads\/2022\/10\/Mara-Lezama-Hanal-Pixan6-585x390-1-150x100.jpeg 150w\" sizes=\"auto, (max-width: 585px) 100vw, 585px\" \/><\/figure>\n\n\n\n<figure class=\"wp-block-image size-large\"><img loading=\"lazy\" decoding=\"async\" width=\"585\" height=\"390\" src=\"http:\/\/vertienteglobal.com\/wp-content\/uploads\/2022\/10\/Mara-Lezama-Hanal-Pixan3-585x390-1.jpeg\" alt=\"\" class=\"wp-image-207659\" srcset=\"http:\/\/vertienteglobal.com\/wp-content\/uploads\/2022\/10\/Mara-Lezama-Hanal-Pixan3-585x390-1.jpeg 585w, http:\/\/vertienteglobal.com\/wp-content\/uploads\/2022\/10\/Mara-Lezama-Hanal-Pixan3-585x390-1-300x200.jpeg 300w, http:\/\/vertienteglobal.com\/wp-content\/uploads\/2022\/10\/Mara-Lezama-Hanal-Pixan3-585x390-1-150x100.jpeg 150w\" sizes=\"auto, (max-width: 585px) 100vw, 585px\" \/><\/figure>\n\n\n\n<figure class=\"wp-block-image size-large\"><img loading=\"lazy\" decoding=\"async\" width=\"585\" height=\"329\" src=\"http:\/\/vertienteglobal.com\/wp-content\/uploads\/2022\/10\/Mara-Lezama-Hanal-Pixan5-585x329-1.jpeg\" alt=\"\" class=\"wp-image-207660\" srcset=\"http:\/\/vertienteglobal.com\/wp-content\/uploads\/2022\/10\/Mara-Lezama-Hanal-Pixan5-585x329-1.jpeg 585w, http:\/\/vertienteglobal.com\/wp-content\/uploads\/2022\/10\/Mara-Lezama-Hanal-Pixan5-585x329-1-300x169.jpeg 300w, http:\/\/vertienteglobal.com\/wp-content\/uploads\/2022\/10\/Mara-Lezama-Hanal-Pixan5-585x329-1-150x84.jpeg 150w\" sizes=\"auto, (max-width: 585px) 100vw, 585px\" \/><\/figure>\n","protected":false},"excerpt":{"rendered":"<p>(Redacci\u00f3n) La Gobernadora de Quintana Roo destac\u00f3 que la celebraci\u00f3n inici\u00f3 en Puerto Ju\u00e1rez el a\u00f1o pasado y ahora es parte de la memoria colectiva Canc\u00fan, Quintana Roo 31 de octubre 2022.- Con la asistencia de m\u00e1s de 15 mil personas, la gobernadora del Estado Mara Lezama Espinosa particip\u00f3 hoy en la 2\u00aa Edici\u00f3n de [&hellip;]<\/p>\n","protected":false},"author":1,"featured_media":207656,"comment_status":"open","ping_status":"open","sticky":false,"template":"","format":"standard","meta":{"footnotes":""},"categories":[3],"tags":[],"class_list":["post-207655","post","type-post","status-publish","format-standard","has-post-thumbnail","hentry","category-quintana-roo","entry","has-media"],"jetpack_featured_media_url":"http:\/\/vertienteglobal.com\/wp-content\/uploads\/2022\/10\/Mara-Lezama-Hanal-Pixan1.jpeg","_links":{"self":[{"href":"http:\/\/vertienteglobal.com\/index.php?rest_route=\/wp\/v2\/posts\/207655","targetHints":{"allow":["GET"]}}],"collection":[{"href":"http:\/\/vertienteglobal.com\/index.php?rest_route=\/wp\/v2\/posts"}],"about":[{"href":"http:\/\/vertienteglobal.com\/index.php?rest_route=\/wp\/v2\/types\/post"}],"author":[{"embeddable":true,"href":"http:\/\/vertienteglobal.com\/index.php?rest_route=\/wp\/v2\/users\/1"}],"replies":[{"embeddable":true,"href":"http:\/\/vertienteglobal.com\/index.php?rest_route=%2Fwp%2Fv2%2Fcomments&post=207655"}],"version-history":[{"count":0,"href":"http:\/\/vertienteglobal.com\/index.php?rest_route=\/wp\/v2\/posts\/207655\/revisions"}],"wp:featuredmedia":[{"embeddable":true,"href":"http:\/\/vertienteglobal.com\/index.php?rest_route=\/wp\/v2\/media\/207656"}],"wp:attachment":[{"href":"http:\/\/vertienteglobal.com\/index.php?rest_route=%2Fwp%2Fv2%2Fmedia&parent=207655"}],"wp:term":[{"taxonomy":"category","embeddable":true,"href":"http:\/\/vertienteglobal.com\/index.php?rest_route=%2Fwp%2Fv2%2Fcategories&post=207655"},{"taxonomy":"post_tag","embeddable":true,"href":"http:\/\/vertienteglobal.com\/index.php?rest_route=%2Fwp%2Fv2%2Ftags&post=207655"}],"curies":[{"name":"wp","href":"https:\/\/api.w.org\/{rel}","templated":true}]}}