{"id":207622,"date":"2022-10-31T14:51:00","date_gmt":"2022-10-31T20:51:00","guid":{"rendered":"http:\/\/vertienteglobal.com\/?p=207622"},"modified":"2022-10-31T16:19:27","modified_gmt":"2022-10-31T22:19:27","slug":"quintanarroenses-participan-en-la-celebracion-nacional-del-dia-de-muertos","status":"publish","type":"post","link":"http:\/\/vertienteglobal.com\/?p=207622","title":{"rendered":"Quintanarroenses participan en la celebraci\u00f3n nacional del D\u00eda de Muertos"},"content":{"rendered":"\n<div class=\"twitterbutton\" style=\"float: right; padding-left: 5px;\"><a href=\"http:\/\/twitter.com\/share\" class=\"twitter-share-button\" data-count=\"horizontal\" data-text=\"Quintanarroenses participan en la celebraci\u00f3n nacional del D\u00eda de Muertos\" data-via=\"https:\/\/twitter.com\/VertienteGloba1\" data-url=\"http:\/\/vertienteglobal.com\/?p=207622\" data-lang=\"es\" data-related=\"Informaci\u00f3n general:S\u00edguenos para que est\u00e9ss informado\"><\/a><\/div>\n<figure class=\"wp-block-image size-large\"><img loading=\"lazy\" decoding=\"async\" width=\"1024\" height=\"683\" src=\"http:\/\/vertienteglobal.com\/wp-content\/uploads\/2022\/10\/ICA-altares1-1024x683.jpeg\" alt=\"\" class=\"wp-image-207623\" srcset=\"http:\/\/vertienteglobal.com\/wp-content\/uploads\/2022\/10\/ICA-altares1-1024x683.jpeg 1024w, http:\/\/vertienteglobal.com\/wp-content\/uploads\/2022\/10\/ICA-altares1-300x200.jpeg 300w, http:\/\/vertienteglobal.com\/wp-content\/uploads\/2022\/10\/ICA-altares1-150x100.jpeg 150w, http:\/\/vertienteglobal.com\/wp-content\/uploads\/2022\/10\/ICA-altares1-768x512.jpeg 768w, http:\/\/vertienteglobal.com\/wp-content\/uploads\/2022\/10\/ICA-altares1.jpeg 1080w\" sizes=\"auto, (max-width: 1024px) 100vw, 1024px\" \/><\/figure>\n\n\n\n<p>(Redaccion)<\/p>\n\n\n\n<p>Justina Chuc Can, habitante de la comunidad maya de X-Pichil, Quintana Roo, ganadora del segundo lugar del concurso nacional gastron\u00f3mico \u201c\u00bfA qu\u00e9 sabe la patria?\u201d y Dayra Pech deleitaron con la cocina maya elaborando guisos para la ofrenda<\/p>\n\n\n\n<p>Ciudad de M\u00e9xico 31 de octubre 2022.- Con el fin de exponer la tradici\u00f3n del Caribe Mexicano \u201cHanal Pix\u00e1n: alimento de las \u00e1nimas\u201d, el Gobierno del Estado que encabeza Mara Lezama, a trav\u00e9s del Instituto de la Cultura y las Artes, dirigido por Lilian Villanueva, particip\u00f3 en la Ofrenda Monumental del D\u00eda de Muertos en el z\u00f3calo de la Ciudad de M\u00e9xico con apoyo y participaci\u00f3n de ciudadanos de Quintana Roo que colaboraron para la instalaci\u00f3n.<\/p>\n\n\n\n<p>Lilian Villanueva, directora del Instituto de la Cultura y las Artes, estuvo presente en el acto inaugural acompa\u00f1ando a la doctora Marina N\u00fa\u00f1ez, subsecretaria de Desarrollo Cultural de la Secretar\u00eda de Cultura; Claudia Stella Curiel de Icaza, secretaria de Cultura de la Ciudad de M\u00e9xico, y secretarios y directores de Cultura de las entidades.<\/p>\n\n\n\n<p>En el segmento dedicado a Quintana Roo, David Acopa y Jos\u00e9 Matos trabajaron en la elaboraci\u00f3n y el montaje de altar; Justina Chuc Can, habitante de la comunidad maya de X-Pichil, Quintana Roo, ganadora del segundo lugar del concurso nacional gastron\u00f3mico \u201c\u00bfA qu\u00e9 sabe la patria?\u201d y Dayra Pech deleitaron con la cocina maya elaborando guisos para la ofrenda (chimole, tamales chachakwaj, pollo con verduras, tortillas, atole choc\u00f3 sak\u2019an, chocolate, dulces de calabaza, camote y yuca).<\/p>\n\n\n\n<p>El maestro Rafael Romero Poot, director del \u201cBallet Folcl\u00f3rico de Quintana Roo\u201d y conocedor de las tradiciones peninsulares, estuvo a cargo de la coordinaci\u00f3n general, la elaboraci\u00f3n y el montaje de la ofrenda, que fue elogiada por parte de la poblaci\u00f3n cosmopolita de la capital mexicana, como un s\u00edmbolo de las ra\u00edces quintanarroenses.<\/p>\n\n\n\n<p>En este espacio may\u00fasculo, se incluyeron muestras de los treinta y dos estados de la rep\u00fablica. Las figuras centrales abarcan siete metros de altura mientras que hay dos catrinas de doce metros cada una, en un z\u00f3calo convertido en jard\u00edn que pueblan cinco mil quinientas flores de cempas\u00fachil acompa\u00f1adas por treinta y dos calaveras.<\/p>\n\n\n\n<figure class=\"wp-block-image size-large\"><img loading=\"lazy\" decoding=\"async\" width=\"585\" height=\"332\" src=\"http:\/\/vertienteglobal.com\/wp-content\/uploads\/2022\/10\/ICA-altares3-585x332-1.jpeg\" alt=\"\" class=\"wp-image-207624\" srcset=\"http:\/\/vertienteglobal.com\/wp-content\/uploads\/2022\/10\/ICA-altares3-585x332-1.jpeg 585w, http:\/\/vertienteglobal.com\/wp-content\/uploads\/2022\/10\/ICA-altares3-585x332-1-300x170.jpeg 300w, http:\/\/vertienteglobal.com\/wp-content\/uploads\/2022\/10\/ICA-altares3-585x332-1-150x85.jpeg 150w\" sizes=\"auto, (max-width: 585px) 100vw, 585px\" \/><\/figure>\n\n\n\n<figure class=\"wp-block-image size-large\"><img loading=\"lazy\" decoding=\"async\" width=\"585\" height=\"390\" src=\"http:\/\/vertienteglobal.com\/wp-content\/uploads\/2022\/10\/ICA-altares4-585x390-1.jpeg\" alt=\"\" class=\"wp-image-207625\" srcset=\"http:\/\/vertienteglobal.com\/wp-content\/uploads\/2022\/10\/ICA-altares4-585x390-1.jpeg 585w, http:\/\/vertienteglobal.com\/wp-content\/uploads\/2022\/10\/ICA-altares4-585x390-1-300x200.jpeg 300w, http:\/\/vertienteglobal.com\/wp-content\/uploads\/2022\/10\/ICA-altares4-585x390-1-150x100.jpeg 150w\" sizes=\"auto, (max-width: 585px) 100vw, 585px\" \/><\/figure>\n\n\n\n<figure class=\"wp-block-image size-large\"><img loading=\"lazy\" decoding=\"async\" width=\"585\" height=\"390\" src=\"http:\/\/vertienteglobal.com\/wp-content\/uploads\/2022\/10\/ICA-altares2-585x390-1.jpeg\" alt=\"\" class=\"wp-image-207626\" srcset=\"http:\/\/vertienteglobal.com\/wp-content\/uploads\/2022\/10\/ICA-altares2-585x390-1.jpeg 585w, http:\/\/vertienteglobal.com\/wp-content\/uploads\/2022\/10\/ICA-altares2-585x390-1-300x200.jpeg 300w, http:\/\/vertienteglobal.com\/wp-content\/uploads\/2022\/10\/ICA-altares2-585x390-1-150x100.jpeg 150w\" sizes=\"auto, (max-width: 585px) 100vw, 585px\" \/><\/figure>\n","protected":false},"excerpt":{"rendered":"<p>(Redaccion) Justina Chuc Can, habitante de la comunidad maya de X-Pichil, Quintana Roo, ganadora del segundo lugar del concurso nacional gastron\u00f3mico \u201c\u00bfA qu\u00e9 sabe la patria?\u201d y Dayra Pech deleitaron con la cocina maya elaborando guisos para la ofrenda Ciudad de M\u00e9xico 31 de octubre 2022.- Con el fin de exponer la tradici\u00f3n del Caribe [&hellip;]<\/p>\n","protected":false},"author":1,"featured_media":207624,"comment_status":"open","ping_status":"open","sticky":false,"template":"","format":"standard","meta":{"footnotes":""},"categories":[8,3],"tags":[],"class_list":["post-207622","post","type-post","status-publish","format-standard","has-post-thumbnail","hentry","category-pais","category-quintana-roo","entry","has-media"],"jetpack_featured_media_url":"http:\/\/vertienteglobal.com\/wp-content\/uploads\/2022\/10\/ICA-altares3-585x332-1.jpeg","_links":{"self":[{"href":"http:\/\/vertienteglobal.com\/index.php?rest_route=\/wp\/v2\/posts\/207622","targetHints":{"allow":["GET"]}}],"collection":[{"href":"http:\/\/vertienteglobal.com\/index.php?rest_route=\/wp\/v2\/posts"}],"about":[{"href":"http:\/\/vertienteglobal.com\/index.php?rest_route=\/wp\/v2\/types\/post"}],"author":[{"embeddable":true,"href":"http:\/\/vertienteglobal.com\/index.php?rest_route=\/wp\/v2\/users\/1"}],"replies":[{"embeddable":true,"href":"http:\/\/vertienteglobal.com\/index.php?rest_route=%2Fwp%2Fv2%2Fcomments&post=207622"}],"version-history":[{"count":0,"href":"http:\/\/vertienteglobal.com\/index.php?rest_route=\/wp\/v2\/posts\/207622\/revisions"}],"wp:featuredmedia":[{"embeddable":true,"href":"http:\/\/vertienteglobal.com\/index.php?rest_route=\/wp\/v2\/media\/207624"}],"wp:attachment":[{"href":"http:\/\/vertienteglobal.com\/index.php?rest_route=%2Fwp%2Fv2%2Fmedia&parent=207622"}],"wp:term":[{"taxonomy":"category","embeddable":true,"href":"http:\/\/vertienteglobal.com\/index.php?rest_route=%2Fwp%2Fv2%2Fcategories&post=207622"},{"taxonomy":"post_tag","embeddable":true,"href":"http:\/\/vertienteglobal.com\/index.php?rest_route=%2Fwp%2Fv2%2Ftags&post=207622"}],"curies":[{"name":"wp","href":"https:\/\/api.w.org\/{rel}","templated":true}]}}