{"id":207573,"date":"2022-10-29T17:52:00","date_gmt":"2022-10-29T22:52:00","guid":{"rendered":"http:\/\/vertienteglobal.com\/?p=207573"},"modified":"2022-10-29T18:38:14","modified_gmt":"2022-10-29T23:38:14","slug":"parejas-del-mismo-sexo-pueden-adoptar-arturo-zaldivar","status":"publish","type":"post","link":"http:\/\/vertienteglobal.com\/?p=207573","title":{"rendered":"Parejas del Mismo Sexo Pueden Adoptar: Arturo Zald\u00edvar"},"content":{"rendered":"\n<div class=\"twitterbutton\" style=\"float: right; padding-left: 5px;\"><a href=\"http:\/\/twitter.com\/share\" class=\"twitter-share-button\" data-count=\"horizontal\" data-text=\"Parejas del Mismo Sexo Pueden Adoptar: Arturo Zald\u00edvar\" data-via=\"https:\/\/twitter.com\/VertienteGloba1\" data-url=\"http:\/\/vertienteglobal.com\/?p=207573\" data-lang=\"es\" data-related=\"Informaci\u00f3n general:S\u00edguenos para que est\u00e9ss informado\"><\/a><\/div>\n<figure class=\"wp-block-image size-large\"><img loading=\"lazy\" decoding=\"async\" width=\"660\" height=\"330\" src=\"http:\/\/vertienteglobal.com\/wp-content\/uploads\/2022\/10\/20221029_183548.jpg\" alt=\"\" class=\"wp-image-207574\" srcset=\"http:\/\/vertienteglobal.com\/wp-content\/uploads\/2022\/10\/20221029_183548.jpg 660w, http:\/\/vertienteglobal.com\/wp-content\/uploads\/2022\/10\/20221029_183548-300x150.jpg 300w, http:\/\/vertienteglobal.com\/wp-content\/uploads\/2022\/10\/20221029_183548-150x75.jpg 150w\" sizes=\"auto, (max-width: 660px) 100vw, 660px\" \/><\/figure>\n\n\n\n<p>(Redacci\u00f3n)<\/p>\n\n\n\n<p>El ministro Arturo Zald\u00edvar pidi\u00f3 a la poblaci\u00f3n tener opiniones informadas<\/p>\n\n\n\n<p>Ciudad de M\u00e9xico 29 de octubre 2022.-Luego de que el Congreso de la Tamaulipas aprobara el matrimonio igualitario, y con ello las uniones entre personas del mismo sexo ya son una realidad en todo el pa\u00eds, el ministro presidente de la Suprema Corte de Justicia de la Naci\u00f3n (SCJN), Arturo Zald\u00edvar, explic\u00f3 que la adopci\u00f3n para estas parejas tambi\u00e9n es posible.<\/p>\n\n\n\n<p>\u201c\u00bfLas parejas del mismo sexo pueden adoptar? Por supuesto que s\u00ed. Se dice que esto da\u00f1a a los ni\u00f1os y a las ni\u00f1as, esto es falso. Pueden adoptar, primero porque no hacerlo ser\u00eda discriminarlas y en segundo lugar porque todos los estudios demuestran que no hay ninguna diferencia psicol\u00f3gica, ni f\u00edsica, ni de ning\u00fan tipo entre los ni\u00f1os y las ni\u00f1as que son educados en matrimonios heterosexuales que matrimonio entre personas del mismo sexo\u201d, indic\u00f3 Arturo Zald\u00edvar, ministro presidente de la SCJN.<\/p>\n\n\n\n<p>En un video en sus redes sociales, el ministro Arturo Zald\u00edvar pidi\u00f3 a la poblaci\u00f3n tener opiniones informadas.<\/p>\n\n\n\n<p>\u201cEstudiemos, abramos nuestra mente para que nuestros derechos no sean limitados por nuestros prejuicios\u201d, destac\u00f3 Arturo Zald\u00edvar, ministro presidente de la SCJN.(Fuente:Noticieros Televisa)<\/p>\n","protected":false},"excerpt":{"rendered":"<p>(Redacci\u00f3n) El ministro Arturo Zald\u00edvar pidi\u00f3 a la poblaci\u00f3n tener opiniones informadas Ciudad de M\u00e9xico 29 de octubre 2022.-Luego de que el Congreso de la Tamaulipas aprobara el matrimonio igualitario, y con ello las uniones entre personas del mismo sexo ya son una realidad en todo el pa\u00eds, el ministro presidente de la Suprema Corte [&hellip;]<\/p>\n","protected":false},"author":1,"featured_media":207574,"comment_status":"open","ping_status":"open","sticky":false,"template":"","format":"standard","meta":{"footnotes":""},"categories":[8],"tags":[],"class_list":["post-207573","post","type-post","status-publish","format-standard","has-post-thumbnail","hentry","category-pais","entry","has-media"],"jetpack_featured_media_url":"http:\/\/vertienteglobal.com\/wp-content\/uploads\/2022\/10\/20221029_183548.jpg","_links":{"self":[{"href":"http:\/\/vertienteglobal.com\/index.php?rest_route=\/wp\/v2\/posts\/207573","targetHints":{"allow":["GET"]}}],"collection":[{"href":"http:\/\/vertienteglobal.com\/index.php?rest_route=\/wp\/v2\/posts"}],"about":[{"href":"http:\/\/vertienteglobal.com\/index.php?rest_route=\/wp\/v2\/types\/post"}],"author":[{"embeddable":true,"href":"http:\/\/vertienteglobal.com\/index.php?rest_route=\/wp\/v2\/users\/1"}],"replies":[{"embeddable":true,"href":"http:\/\/vertienteglobal.com\/index.php?rest_route=%2Fwp%2Fv2%2Fcomments&post=207573"}],"version-history":[{"count":0,"href":"http:\/\/vertienteglobal.com\/index.php?rest_route=\/wp\/v2\/posts\/207573\/revisions"}],"wp:featuredmedia":[{"embeddable":true,"href":"http:\/\/vertienteglobal.com\/index.php?rest_route=\/wp\/v2\/media\/207574"}],"wp:attachment":[{"href":"http:\/\/vertienteglobal.com\/index.php?rest_route=%2Fwp%2Fv2%2Fmedia&parent=207573"}],"wp:term":[{"taxonomy":"category","embeddable":true,"href":"http:\/\/vertienteglobal.com\/index.php?rest_route=%2Fwp%2Fv2%2Fcategories&post=207573"},{"taxonomy":"post_tag","embeddable":true,"href":"http:\/\/vertienteglobal.com\/index.php?rest_route=%2Fwp%2Fv2%2Ftags&post=207573"}],"curies":[{"name":"wp","href":"https:\/\/api.w.org\/{rel}","templated":true}]}}