{"id":207071,"date":"2022-10-23T18:51:47","date_gmt":"2022-10-23T23:51:47","guid":{"rendered":"http:\/\/vertienteglobal.com\/?p=207071"},"modified":"2022-10-24T10:54:41","modified_gmt":"2022-10-24T15:54:41","slug":"estoy-lista-para-ser-la-primera-presidenta-de-mexico-claudia-sheinbaum","status":"publish","type":"post","link":"http:\/\/vertienteglobal.com\/?p=207071","title":{"rendered":"Estoy lista para ser la primera presidenta de M\u00e9xico: Claudia Sheinbaum"},"content":{"rendered":"\n<div class=\"twitterbutton\" style=\"float: right; padding-left: 5px;\"><a href=\"http:\/\/twitter.com\/share\" class=\"twitter-share-button\" data-count=\"horizontal\" data-text=\"Estoy lista para ser la primera presidenta de M\u00e9xico: Claudia Sheinbaum\" data-via=\"https:\/\/twitter.com\/VertienteGloba1\" data-url=\"http:\/\/vertienteglobal.com\/?p=207071\" data-lang=\"es\" data-related=\"Informaci\u00f3n general:S\u00edguenos para que est\u00e9ss informado\"><\/a><\/div>\n<figure class=\"wp-block-image size-large\"><img loading=\"lazy\" decoding=\"async\" width=\"1024\" height=\"682\" src=\"http:\/\/vertienteglobal.com\/wp-content\/uploads\/2022\/10\/190516.jpg\" alt=\"\" class=\"wp-image-207072\" srcset=\"http:\/\/vertienteglobal.com\/wp-content\/uploads\/2022\/10\/190516.jpg 1024w, http:\/\/vertienteglobal.com\/wp-content\/uploads\/2022\/10\/190516-300x200.jpg 300w, http:\/\/vertienteglobal.com\/wp-content\/uploads\/2022\/10\/190516-150x100.jpg 150w, http:\/\/vertienteglobal.com\/wp-content\/uploads\/2022\/10\/190516-768x512.jpg 768w\" sizes=\"auto, (max-width: 1024px) 100vw, 1024px\" \/><\/figure>\n\n\n\n<p>(Redacci\u00f3n)<\/p>\n\n\n\n<p>Claudia Sheinbaum sostuvo que el trato del jefe del Ejecutivo es igual con todas las \u201ccorcholatas\u201d<\/p>\n\n\n\n<p>Ciudad de M\u00e9xico 23 de octubre 2022.-La jefa de gobierno de la Ciudad de M\u00e9xico, Claudia Sheinbaum se dijo lista para ser la primera mujer presidenta de M\u00e9xico; adem\u00e1s asegur\u00f3 que el mandatario Andr\u00e9s Manuel L\u00f3pez Obrador tiene un trato igual con las llamadas \u201ccorcholatas\u201d, en referencia al canciller Marcelo Ebrard y el secretario de Gobernaci\u00f3n, Ad\u00e1n Augusto L\u00f3pez.<\/p>\n\n\n\n<p>En entrevista con Milenio, la morenista acept\u00f3 que participar en el proceso de sucesi\u00f3n presidencial le emociona y afirm\u00f3 que el pa\u00eds est\u00e1 listo para tener a una mujer en la Silla Presidencial: \u201cC\u00f3mo no me va a emocionar. M\u00e9xico lo est\u00e1, yo estoy lista. Obviamente todo a su tiempo\u201d.<\/p>\n\n\n\n<p>Cuestionada sobre ella recibe el mayor respaldo del presidente L\u00f3pez Obrador, rumbo al proceso electoral de 2024, Claudia Sheinbaum sostuvo que el trato del jefe del Ejecutivo es igual con todas las \u201ccorcholatas\u201d.<\/p>\n\n\n\n<p>Asimismo, resalt\u00f3 que M\u00e9xico es uno de los pa\u00edses m\u00e1s avanzados respecto de la participaci\u00f3n de las mujeres en la pol\u00edtica, situaci\u00f3n que consider\u00f3 enriquece la democracia del pa\u00eds.<\/p>\n\n\n\n<p>\u00abYo creo que la participaci\u00f3n de la mujer enriquece la democracia en nuestro pa\u00eds. Realmente M\u00e9xico es uno de los pa\u00edses m\u00e1s avanzados de todo el mundo en la participaci\u00f3n de las mujeres en la vida p\u00fablica, sobretodo en la pol\u00edtica y eso es maravilloso\u201d, expres\u00f3 Sheinbaum.(Fuente: Milenio)<\/p>\n","protected":false},"excerpt":{"rendered":"<p>(Redacci\u00f3n) Claudia Sheinbaum sostuvo que el trato del jefe del Ejecutivo es igual con todas las \u201ccorcholatas\u201d Ciudad de M\u00e9xico 23 de octubre 2022.-La jefa de gobierno de la Ciudad de M\u00e9xico, Claudia Sheinbaum se dijo lista para ser la primera mujer presidenta de M\u00e9xico; adem\u00e1s asegur\u00f3 que el mandatario Andr\u00e9s Manuel L\u00f3pez Obrador tiene [&hellip;]<\/p>\n","protected":false},"author":1,"featured_media":207072,"comment_status":"open","ping_status":"open","sticky":false,"template":"","format":"standard","meta":{"footnotes":""},"categories":[8],"tags":[],"class_list":["post-207071","post","type-post","status-publish","format-standard","has-post-thumbnail","hentry","category-pais","entry","has-media"],"jetpack_featured_media_url":"http:\/\/vertienteglobal.com\/wp-content\/uploads\/2022\/10\/190516.jpg","_links":{"self":[{"href":"http:\/\/vertienteglobal.com\/index.php?rest_route=\/wp\/v2\/posts\/207071","targetHints":{"allow":["GET"]}}],"collection":[{"href":"http:\/\/vertienteglobal.com\/index.php?rest_route=\/wp\/v2\/posts"}],"about":[{"href":"http:\/\/vertienteglobal.com\/index.php?rest_route=\/wp\/v2\/types\/post"}],"author":[{"embeddable":true,"href":"http:\/\/vertienteglobal.com\/index.php?rest_route=\/wp\/v2\/users\/1"}],"replies":[{"embeddable":true,"href":"http:\/\/vertienteglobal.com\/index.php?rest_route=%2Fwp%2Fv2%2Fcomments&post=207071"}],"version-history":[{"count":0,"href":"http:\/\/vertienteglobal.com\/index.php?rest_route=\/wp\/v2\/posts\/207071\/revisions"}],"wp:featuredmedia":[{"embeddable":true,"href":"http:\/\/vertienteglobal.com\/index.php?rest_route=\/wp\/v2\/media\/207072"}],"wp:attachment":[{"href":"http:\/\/vertienteglobal.com\/index.php?rest_route=%2Fwp%2Fv2%2Fmedia&parent=207071"}],"wp:term":[{"taxonomy":"category","embeddable":true,"href":"http:\/\/vertienteglobal.com\/index.php?rest_route=%2Fwp%2Fv2%2Fcategories&post=207071"},{"taxonomy":"post_tag","embeddable":true,"href":"http:\/\/vertienteglobal.com\/index.php?rest_route=%2Fwp%2Fv2%2Ftags&post=207071"}],"curies":[{"name":"wp","href":"https:\/\/api.w.org\/{rel}","templated":true}]}}