{"id":207065,"date":"2022-10-23T14:24:27","date_gmt":"2022-10-23T19:24:27","guid":{"rendered":"http:\/\/vertienteglobal.com\/?p=207065"},"modified":"2022-10-24T10:46:25","modified_gmt":"2022-10-24T15:46:25","slug":"amlo-presume-buena-salud-enfermito-pero-todavia-hay-fuerza-para-seguir-luchando","status":"publish","type":"post","link":"http:\/\/vertienteglobal.com\/?p=207065","title":{"rendered":"AMLO presume buena salud: \u00abEnfermito, pero todav\u00eda hay fuerza para seguir luchando\u00bb"},"content":{"rendered":"\n<div class=\"twitterbutton\" style=\"float: right; padding-left: 5px;\"><a href=\"http:\/\/twitter.com\/share\" class=\"twitter-share-button\" data-count=\"horizontal\" data-text=\"AMLO presume buena salud: \u00abEnfermito, pero todav\u00eda hay fuerza para seguir luch...\" data-via=\"https:\/\/twitter.com\/VertienteGloba1\" data-url=\"http:\/\/vertienteglobal.com\/?p=207065\" data-lang=\"es\" data-related=\"Informaci\u00f3n general:S\u00edguenos para que est\u00e9ss informado\"><\/a><\/div>\n<figure class=\"wp-block-image size-large\"><img loading=\"lazy\" decoding=\"async\" width=\"1024\" height=\"683\" src=\"http:\/\/vertienteglobal.com\/wp-content\/uploads\/2022\/10\/190498.jpg\" alt=\"\" class=\"wp-image-207066\" srcset=\"http:\/\/vertienteglobal.com\/wp-content\/uploads\/2022\/10\/190498.jpg 1024w, http:\/\/vertienteglobal.com\/wp-content\/uploads\/2022\/10\/190498-300x200.jpg 300w, http:\/\/vertienteglobal.com\/wp-content\/uploads\/2022\/10\/190498-150x100.jpg 150w, http:\/\/vertienteglobal.com\/wp-content\/uploads\/2022\/10\/190498-768x512.jpg 768w\" sizes=\"auto, (max-width: 1024px) 100vw, 1024px\" \/><\/figure>\n\n\n\n<p>(Redacci\u00f3n)<\/p>\n\n\n\n<p>El presidente dijo que tras el hackeo a la Sedena por el grupo autodenominado Guacamaya, el \u201cbombazo\u201d fue sobre su estado de salud y las enfermedades que padecen<\/p>\n\n\n\n<p>Ciudad de M\u00e9xico 23 de octubre 2022.-Luego de afirmar que se toma un \u2018coctel de pastillas\u2019, el presidente de M\u00e9xico, Andr\u00e9s Manuel L\u00f3pez Obrador, asegur\u00f3 que tiene buena salud, pues este fin de semana estuvo en la Monta\u00f1a de Guerrero y Pueblo.<\/p>\n\n\n\n<p>\u201cEnfermito, enfermito pero todav\u00eda hay fuerza para seguir luchando\u201d, indic\u00f3 el mandatario nacional.<\/p>\n\n\n\n<p>Tras acudir a la inauguraci\u00f3n de la modernizaci\u00f3n de la carretera La Pera-Cuautla, en Morelos, pidi\u00f3 que se cumplan con todos los acuerdos con los comuneros de esa zona, a fin de atender las denuncias que permanecen pendientes.<\/p>\n\n\n\n<p>En el evento oficial. el presidente dijo que tras el hackeo a la Sedena por el grupo autodenominado Guacamaya, el \u201cbombazo\u201d fue sobre su estado de salud y las enfermedades que padecen.<\/p>\n\n\n\n<p>\u201cClaro que tengo achaques, ya estoy chocheando, esa fue la gran nota porque en los informes se da a conocer que me intervinieron en el hospital militar, pero estoy bien, tengo que tomarme unas pastillas, un c\u00f3ctel de pastillas\u201d, asegur\u00f3.(Fuente: Exc\u00e9lsior)<\/p>\n","protected":false},"excerpt":{"rendered":"<p>(Redacci\u00f3n) El presidente dijo que tras el hackeo a la Sedena por el grupo autodenominado Guacamaya, el \u201cbombazo\u201d fue sobre su estado de salud y las enfermedades que padecen Ciudad de M\u00e9xico 23 de octubre 2022.-Luego de afirmar que se toma un \u2018coctel de pastillas\u2019, el presidente de M\u00e9xico, Andr\u00e9s Manuel L\u00f3pez Obrador, asegur\u00f3 que [&hellip;]<\/p>\n","protected":false},"author":1,"featured_media":207066,"comment_status":"open","ping_status":"open","sticky":false,"template":"","format":"standard","meta":{"footnotes":""},"categories":[8],"tags":[],"class_list":["post-207065","post","type-post","status-publish","format-standard","has-post-thumbnail","hentry","category-pais","entry","has-media"],"jetpack_featured_media_url":"http:\/\/vertienteglobal.com\/wp-content\/uploads\/2022\/10\/190498.jpg","_links":{"self":[{"href":"http:\/\/vertienteglobal.com\/index.php?rest_route=\/wp\/v2\/posts\/207065","targetHints":{"allow":["GET"]}}],"collection":[{"href":"http:\/\/vertienteglobal.com\/index.php?rest_route=\/wp\/v2\/posts"}],"about":[{"href":"http:\/\/vertienteglobal.com\/index.php?rest_route=\/wp\/v2\/types\/post"}],"author":[{"embeddable":true,"href":"http:\/\/vertienteglobal.com\/index.php?rest_route=\/wp\/v2\/users\/1"}],"replies":[{"embeddable":true,"href":"http:\/\/vertienteglobal.com\/index.php?rest_route=%2Fwp%2Fv2%2Fcomments&post=207065"}],"version-history":[{"count":0,"href":"http:\/\/vertienteglobal.com\/index.php?rest_route=\/wp\/v2\/posts\/207065\/revisions"}],"wp:featuredmedia":[{"embeddable":true,"href":"http:\/\/vertienteglobal.com\/index.php?rest_route=\/wp\/v2\/media\/207066"}],"wp:attachment":[{"href":"http:\/\/vertienteglobal.com\/index.php?rest_route=%2Fwp%2Fv2%2Fmedia&parent=207065"}],"wp:term":[{"taxonomy":"category","embeddable":true,"href":"http:\/\/vertienteglobal.com\/index.php?rest_route=%2Fwp%2Fv2%2Fcategories&post=207065"},{"taxonomy":"post_tag","embeddable":true,"href":"http:\/\/vertienteglobal.com\/index.php?rest_route=%2Fwp%2Fv2%2Ftags&post=207065"}],"curies":[{"name":"wp","href":"https:\/\/api.w.org\/{rel}","templated":true}]}}