{"id":206867,"date":"2022-10-20T13:19:00","date_gmt":"2022-10-20T18:19:00","guid":{"rendered":"http:\/\/vertienteglobal.com\/?p=206867"},"modified":"2022-10-20T14:25:26","modified_gmt":"2022-10-20T19:25:26","slug":"dif-quintana-roo-y-sesa-llevan-servicios-de-salud-a-comunidades","status":"publish","type":"post","link":"http:\/\/vertienteglobal.com\/?p=206867","title":{"rendered":"DIF Quintana Roo y SESA llevan servicios de salud a comunidades"},"content":{"rendered":"\n<div class=\"twitterbutton\" style=\"float: right; padding-left: 5px;\"><a href=\"http:\/\/twitter.com\/share\" class=\"twitter-share-button\" data-count=\"horizontal\" data-text=\"DIF Quintana Roo y SESA llevan servicios de salud a comunidades\" data-via=\"https:\/\/twitter.com\/VertienteGloba1\" data-url=\"http:\/\/vertienteglobal.com\/?p=206867\" data-lang=\"es\" data-related=\"Informaci\u00f3n general:S\u00edguenos para que est\u00e9ss informado\"><\/a><\/div>\n<figure class=\"wp-block-image size-large\"><img loading=\"lazy\" decoding=\"async\" width=\"1024\" height=\"782\" src=\"http:\/\/vertienteglobal.com\/wp-content\/uploads\/2022\/10\/DIF-salud1-1024x782.jpeg\" alt=\"\" class=\"wp-image-206868\" srcset=\"http:\/\/vertienteglobal.com\/wp-content\/uploads\/2022\/10\/DIF-salud1-1024x782.jpeg 1024w, http:\/\/vertienteglobal.com\/wp-content\/uploads\/2022\/10\/DIF-salud1-300x229.jpeg 300w, http:\/\/vertienteglobal.com\/wp-content\/uploads\/2022\/10\/DIF-salud1-150x114.jpeg 150w, http:\/\/vertienteglobal.com\/wp-content\/uploads\/2022\/10\/DIF-salud1-768x586.jpeg 768w, http:\/\/vertienteglobal.com\/wp-content\/uploads\/2022\/10\/DIF-salud1.jpeg 1280w\" sizes=\"auto, (max-width: 1024px) 100vw, 1024px\" \/><\/figure>\n\n\n\n<p>(Redacci\u00f3n)<\/p>\n\n\n\n<p>Con trabajo de territorio el DIF llega a los grupos vulnerables para escucharlos y atender sus necesidades<\/p>\n\n\n\n<p>Felipe Carrillo Puerto, Quintana Roo.-El Nuevo Acuerdo por el Bienestar y Desarrollo de Quintana Roo impulsa el bienestar social para llevar prosperidad compartida y el apoyo a los m\u00e1s vulnerables, como lo realiza el DIF de Quintana Roo encabezado por su presidenta honoraria, Ver\u00f3nica Lezama Espinosa.<\/p>\n\n\n\n<p>Para apoyar a los que menos tienen y acercar los servicios a la ciudadan\u00eda, el DIF Quintana Roo llev\u00f3 a la comunidad de Chunhu\u00e1s las brigadas de salud con los servicios de la Unidad M\u00e9dica M\u00f3vil para otorgar atenci\u00f3n integral para la mujer, la cual ofreci\u00f3: Papanicolaou, exploraci\u00f3n de mama, consultas a mujeres y embarazadas.<\/p>\n\n\n\n<p>Como parte del mes de la lucha del c\u00e1ncer de mama, la presidenta Honoraria del DIF Quintana Roo, Ver\u00f3nica Lezama encabez\u00f3 la colocaci\u00f3n del lazo humano, en el que participaron la directora general del DIF Estatal Abril Sabido Alc\u00e9rreca y Mar\u00eda del Carmen Sol\u00eds S\u00e1nchez, presidenta Honoraria del sistema DIF Felipe Carrillo Puerto.<\/p>\n\n\n\n<p>\u201cEste es un llamado a nuestra gente, a que se cuide, a que se autoexplore para detectar a tiempo el c\u00e1ncer de mama, adem\u00e1s venimos a escucharlo y a atender sus necesidades, a brindarles servicios en coordinaci\u00f3n con SESA e impulsando un nuevo gobierno cercano a la gente\u201d, coment\u00f3 Ver\u00f3nica Lezama.<\/p>\n\n\n\n<figure class=\"wp-block-image size-large\"><img loading=\"lazy\" decoding=\"async\" width=\"585\" height=\"397\" src=\"http:\/\/vertienteglobal.com\/wp-content\/uploads\/2022\/10\/DIF-salud4-585x397-1.jpeg\" alt=\"\" class=\"wp-image-206869\" srcset=\"http:\/\/vertienteglobal.com\/wp-content\/uploads\/2022\/10\/DIF-salud4-585x397-1.jpeg 585w, http:\/\/vertienteglobal.com\/wp-content\/uploads\/2022\/10\/DIF-salud4-585x397-1-300x204.jpeg 300w, http:\/\/vertienteglobal.com\/wp-content\/uploads\/2022\/10\/DIF-salud4-585x397-1-150x102.jpeg 150w\" sizes=\"auto, (max-width: 585px) 100vw, 585px\" \/><\/figure>\n\n\n\n<figure class=\"wp-block-image size-large\"><img loading=\"lazy\" decoding=\"async\" width=\"585\" height=\"403\" src=\"http:\/\/vertienteglobal.com\/wp-content\/uploads\/2022\/10\/DIF-salud3-585x403-1.jpeg\" alt=\"\" class=\"wp-image-206870\" srcset=\"http:\/\/vertienteglobal.com\/wp-content\/uploads\/2022\/10\/DIF-salud3-585x403-1.jpeg 585w, http:\/\/vertienteglobal.com\/wp-content\/uploads\/2022\/10\/DIF-salud3-585x403-1-300x207.jpeg 300w, http:\/\/vertienteglobal.com\/wp-content\/uploads\/2022\/10\/DIF-salud3-585x403-1-150x103.jpeg 150w\" sizes=\"auto, (max-width: 585px) 100vw, 585px\" \/><\/figure>\n","protected":false},"excerpt":{"rendered":"<p>(Redacci\u00f3n) Con trabajo de territorio el DIF llega a los grupos vulnerables para escucharlos y atender sus necesidades Felipe Carrillo Puerto, Quintana Roo.-El Nuevo Acuerdo por el Bienestar y Desarrollo de Quintana Roo impulsa el bienestar social para llevar prosperidad compartida y el apoyo a los m\u00e1s vulnerables, como lo realiza el DIF de Quintana [&hellip;]<\/p>\n","protected":false},"author":1,"featured_media":206868,"comment_status":"open","ping_status":"open","sticky":false,"template":"","format":"standard","meta":{"footnotes":""},"categories":[3],"tags":[],"class_list":["post-206867","post","type-post","status-publish","format-standard","has-post-thumbnail","hentry","category-quintana-roo","entry","has-media"],"jetpack_featured_media_url":"http:\/\/vertienteglobal.com\/wp-content\/uploads\/2022\/10\/DIF-salud1.jpeg","_links":{"self":[{"href":"http:\/\/vertienteglobal.com\/index.php?rest_route=\/wp\/v2\/posts\/206867","targetHints":{"allow":["GET"]}}],"collection":[{"href":"http:\/\/vertienteglobal.com\/index.php?rest_route=\/wp\/v2\/posts"}],"about":[{"href":"http:\/\/vertienteglobal.com\/index.php?rest_route=\/wp\/v2\/types\/post"}],"author":[{"embeddable":true,"href":"http:\/\/vertienteglobal.com\/index.php?rest_route=\/wp\/v2\/users\/1"}],"replies":[{"embeddable":true,"href":"http:\/\/vertienteglobal.com\/index.php?rest_route=%2Fwp%2Fv2%2Fcomments&post=206867"}],"version-history":[{"count":0,"href":"http:\/\/vertienteglobal.com\/index.php?rest_route=\/wp\/v2\/posts\/206867\/revisions"}],"wp:featuredmedia":[{"embeddable":true,"href":"http:\/\/vertienteglobal.com\/index.php?rest_route=\/wp\/v2\/media\/206868"}],"wp:attachment":[{"href":"http:\/\/vertienteglobal.com\/index.php?rest_route=%2Fwp%2Fv2%2Fmedia&parent=206867"}],"wp:term":[{"taxonomy":"category","embeddable":true,"href":"http:\/\/vertienteglobal.com\/index.php?rest_route=%2Fwp%2Fv2%2Fcategories&post=206867"},{"taxonomy":"post_tag","embeddable":true,"href":"http:\/\/vertienteglobal.com\/index.php?rest_route=%2Fwp%2Fv2%2Ftags&post=206867"}],"curies":[{"name":"wp","href":"https:\/\/api.w.org\/{rel}","templated":true}]}}