{"id":206634,"date":"2022-10-17T18:35:12","date_gmt":"2022-10-17T23:35:12","guid":{"rendered":"http:\/\/vertienteglobal.com\/?p=206634"},"modified":"2022-10-17T18:35:12","modified_gmt":"2022-10-17T23:35:12","slug":"liderazgo-turistico-de-cancun-en-beneficio-de-todos-los-sectores-ana-patricia-peralta","status":"publish","type":"post","link":"http:\/\/vertienteglobal.com\/?p=206634","title":{"rendered":"Liderazgo tur\u00edstico de Canc\u00fan en beneficio de todos los sectores: Ana Patricia Peralta"},"content":{"rendered":"\n<div class=\"twitterbutton\" style=\"float: right; padding-left: 5px;\"><a href=\"http:\/\/twitter.com\/share\" class=\"twitter-share-button\" data-count=\"horizontal\" data-text=\"Liderazgo tur\u00edstico de Canc\u00fan en beneficio de todos los sectores: Ana Patricia...\" data-via=\"https:\/\/twitter.com\/VertienteGloba1\" data-url=\"http:\/\/vertienteglobal.com\/?p=206634\" data-lang=\"es\" data-related=\"Informaci\u00f3n general:S\u00edguenos para que est\u00e9ss informado\"><\/a><\/div>\n<figure class=\"wp-block-image size-large\"><img loading=\"lazy\" decoding=\"async\" width=\"692\" height=\"360\" src=\"http:\/\/vertienteglobal.com\/wp-content\/uploads\/2022\/10\/img_3923-692x360-1.jpg\" alt=\"\" class=\"wp-image-206635\" srcset=\"http:\/\/vertienteglobal.com\/wp-content\/uploads\/2022\/10\/img_3923-692x360-1.jpg 692w, http:\/\/vertienteglobal.com\/wp-content\/uploads\/2022\/10\/img_3923-692x360-1-300x156.jpg 300w, http:\/\/vertienteglobal.com\/wp-content\/uploads\/2022\/10\/img_3923-692x360-1-150x78.jpg 150w\" sizes=\"auto, (max-width: 692px) 100vw, 692px\" \/><\/figure>\n\n\n\n<p>(Redacci\u00f3n)<\/p>\n\n\n\n<p>Les reitero mi compromiso de seguir trabajando en unidad con los hoteleros para lograr la mejor versi\u00f3n de la ciudad. Canc\u00fan se une en favor del fortalecimiento de la industria tur\u00edstica\u201d, dijo<\/p>\n\n\n\n<p>Canc\u00fan, Quintana Roo.- Durante la inauguraci\u00f3n del Canc\u00fan Travel Mart M\u00e9xico Summit 2022 34\u00b0 Edici\u00f3n, la Presidenta Municipal, Ana Patricia Peralta, destac\u00f3 que el liderazgo de la ciudad como uno de los destinos de mayor demanda a nivel nacional e internacional, consolida un beneficio para todos los sectores sociales que conforman el municipio.<\/p>\n\n\n\n<p>La Primera Autoridad Municipal enfatiz\u00f3 que en este importante evento se distingue a este polo vacacional como l\u00edder en el ramo y refrenda la uni\u00f3n que prevalece para recibir a todos sus participantes con los brazos abiertos, ya que aqu\u00ed podr\u00e1n seguir encontrando una plataforma para generar nuevos horizontes en esta actividad econ\u00f3mica, misma que proporciona importantes beneficios para todas y todos los cancunenses.<\/p>\n\n\n\n<p>\u201cCanc\u00fan es el gran orgullo de M\u00e9xico, siendo el destino m\u00e1s importante del pa\u00eds con m\u00e1s de cinco millones de visitantes en lo que va de este a\u00f1o, recibi\u00e9ndolos en nuestros m\u00e1s de 42 mil cuartos de hotel. Les reitero mi compromiso de seguir trabajando en unidad con los hoteleros para lograr la mejor versi\u00f3n de la ciudad. Canc\u00fan se une en favor del fortalecimiento de la industria tur\u00edstica\u201d, dijo.<\/p>\n\n\n\n<p>Al dar la bienvenida a los asistentes a este evento reactivado tras dos a\u00f1os de pandemia, que se har\u00e1 hasta el 18 de octubre, refrend\u00f3 que Canc\u00fan es un anfitri\u00f3n l\u00edder de la talla de grandes marcas de empresarios, tour operadores, planificadores de reuniones, compa\u00f1\u00edas de venta, entre otros, que encuentran un espacio para generar oferta y demanda tur\u00edstica, a trav\u00e9s de un mecanismo de citas de negocios que cada a\u00f1o escala su potencial.<\/p>\n\n\n\n<p>En el evento inaugurado por la gobernadora Mara Lezama, la Presidenta Municipal tambi\u00e9n subray\u00f3 que el trabajo ser\u00e1 siempre alineado a las pol\u00edticas tur\u00edsticas y estrategias del Gobierno del Estado, en el marco del nuevo Acuerdo por el Bienestar y Desarrollo de Quintana Roo, as\u00ed como se buscar\u00e1 la vinculaci\u00f3n con la agenda de corresponsabilidad con las empresas para que las oportunidades de una mejor calidad de vida beneficien a las familias y trabajadores.<\/p>\n\n\n\n<p>El subsecretario de Turismo, Humberto Hern\u00e1ndez Haddad, en representaci\u00f3n del presidente de la Rep\u00fablica, Andr\u00e9s Manuel L\u00f3pez Obrador, manifest\u00f3 que este encuentro reafirma la confianza de que M\u00e9xico se recupera, avanza innovando con tecnolog\u00edas, creando nueva oferta tur\u00edstica con desarrollo sustentable, adem\u00e1s de que se atestigua que Quintana Roo y sus polos m\u00e1s importantes son orgullo de M\u00e9xico as\u00ed como foco de atracci\u00f3n para viajeros e inversionistas.<\/p>\n\n\n\n<p>En este marco, el presidente de la Asociaci\u00f3n de Hoteles de Canc\u00fan, Puerto Morelos e Isla Mujeres, Jes\u00fas Almaguer Salazar, anunci\u00f3 la creaci\u00f3n de un Consejo de Asociaciones Hoteleras del Caribe Mexicano, con la participaci\u00f3n de las respectivas agrupaciones de Riviera Maya, Tulum, Cozumel, m\u00e1s la que encabeza y la Asociaci\u00f3n de Clubes Vacacionales de Quintana Roo, con el fin de seguir trayendo turistas, as\u00ed como obtener m\u00e1s beneficios para colaboradores, inversionistas y la entidad en general.<\/p>\n\n\n\n<figure class=\"wp-block-image size-large\"><img loading=\"lazy\" decoding=\"async\" width=\"720\" height=\"684\" src=\"http:\/\/vertienteglobal.com\/wp-content\/uploads\/2022\/10\/FB_IMG_1666048648373.jpg\" alt=\"\" class=\"wp-image-206636\" srcset=\"http:\/\/vertienteglobal.com\/wp-content\/uploads\/2022\/10\/FB_IMG_1666048648373.jpg 720w, http:\/\/vertienteglobal.com\/wp-content\/uploads\/2022\/10\/FB_IMG_1666048648373-300x285.jpg 300w, http:\/\/vertienteglobal.com\/wp-content\/uploads\/2022\/10\/FB_IMG_1666048648373-150x143.jpg 150w\" sizes=\"auto, (max-width: 720px) 100vw, 720px\" \/><\/figure>\n\n\n\n<figure class=\"wp-block-image size-large\"><img loading=\"lazy\" decoding=\"async\" width=\"720\" height=\"480\" src=\"http:\/\/vertienteglobal.com\/wp-content\/uploads\/2022\/10\/FB_IMG_1666048643803.jpg\" alt=\"\" class=\"wp-image-206637\" srcset=\"http:\/\/vertienteglobal.com\/wp-content\/uploads\/2022\/10\/FB_IMG_1666048643803.jpg 720w, http:\/\/vertienteglobal.com\/wp-content\/uploads\/2022\/10\/FB_IMG_1666048643803-300x200.jpg 300w, http:\/\/vertienteglobal.com\/wp-content\/uploads\/2022\/10\/FB_IMG_1666048643803-150x100.jpg 150w\" sizes=\"auto, (max-width: 720px) 100vw, 720px\" \/><\/figure>\n\n\n\n<figure class=\"wp-block-image size-large\"><img loading=\"lazy\" decoding=\"async\" width=\"720\" height=\"480\" src=\"http:\/\/vertienteglobal.com\/wp-content\/uploads\/2022\/10\/FB_IMG_1666048636926.jpg\" alt=\"\" class=\"wp-image-206638\" srcset=\"http:\/\/vertienteglobal.com\/wp-content\/uploads\/2022\/10\/FB_IMG_1666048636926.jpg 720w, http:\/\/vertienteglobal.com\/wp-content\/uploads\/2022\/10\/FB_IMG_1666048636926-300x200.jpg 300w, http:\/\/vertienteglobal.com\/wp-content\/uploads\/2022\/10\/FB_IMG_1666048636926-150x100.jpg 150w\" sizes=\"auto, (max-width: 720px) 100vw, 720px\" \/><\/figure>\n\n\n\n<figure class=\"wp-block-image size-large\"><img loading=\"lazy\" decoding=\"async\" width=\"720\" height=\"455\" src=\"http:\/\/vertienteglobal.com\/wp-content\/uploads\/2022\/10\/FB_IMG_1666048640577.jpg\" alt=\"\" class=\"wp-image-206639\" srcset=\"http:\/\/vertienteglobal.com\/wp-content\/uploads\/2022\/10\/FB_IMG_1666048640577.jpg 720w, http:\/\/vertienteglobal.com\/wp-content\/uploads\/2022\/10\/FB_IMG_1666048640577-300x190.jpg 300w, http:\/\/vertienteglobal.com\/wp-content\/uploads\/2022\/10\/FB_IMG_1666048640577-150x95.jpg 150w\" sizes=\"auto, (max-width: 720px) 100vw, 720px\" \/><\/figure>\n","protected":false},"excerpt":{"rendered":"<p>(Redacci\u00f3n) Les reitero mi compromiso de seguir trabajando en unidad con los hoteleros para lograr la mejor versi\u00f3n de la ciudad. Canc\u00fan se une en favor del fortalecimiento de la industria tur\u00edstica\u201d, dijo Canc\u00fan, Quintana Roo.- Durante la inauguraci\u00f3n del Canc\u00fan Travel Mart M\u00e9xico Summit 2022 34\u00b0 Edici\u00f3n, la Presidenta Municipal, Ana Patricia Peralta, destac\u00f3 [&hellip;]<\/p>\n","protected":false},"author":1,"featured_media":206635,"comment_status":"open","ping_status":"open","sticky":false,"template":"","format":"standard","meta":{"footnotes":""},"categories":[3],"tags":[],"class_list":["post-206634","post","type-post","status-publish","format-standard","has-post-thumbnail","hentry","category-quintana-roo","entry","has-media"],"jetpack_featured_media_url":"http:\/\/vertienteglobal.com\/wp-content\/uploads\/2022\/10\/img_3923-692x360-1.jpg","_links":{"self":[{"href":"http:\/\/vertienteglobal.com\/index.php?rest_route=\/wp\/v2\/posts\/206634","targetHints":{"allow":["GET"]}}],"collection":[{"href":"http:\/\/vertienteglobal.com\/index.php?rest_route=\/wp\/v2\/posts"}],"about":[{"href":"http:\/\/vertienteglobal.com\/index.php?rest_route=\/wp\/v2\/types\/post"}],"author":[{"embeddable":true,"href":"http:\/\/vertienteglobal.com\/index.php?rest_route=\/wp\/v2\/users\/1"}],"replies":[{"embeddable":true,"href":"http:\/\/vertienteglobal.com\/index.php?rest_route=%2Fwp%2Fv2%2Fcomments&post=206634"}],"version-history":[{"count":0,"href":"http:\/\/vertienteglobal.com\/index.php?rest_route=\/wp\/v2\/posts\/206634\/revisions"}],"wp:featuredmedia":[{"embeddable":true,"href":"http:\/\/vertienteglobal.com\/index.php?rest_route=\/wp\/v2\/media\/206635"}],"wp:attachment":[{"href":"http:\/\/vertienteglobal.com\/index.php?rest_route=%2Fwp%2Fv2%2Fmedia&parent=206634"}],"wp:term":[{"taxonomy":"category","embeddable":true,"href":"http:\/\/vertienteglobal.com\/index.php?rest_route=%2Fwp%2Fv2%2Fcategories&post=206634"},{"taxonomy":"post_tag","embeddable":true,"href":"http:\/\/vertienteglobal.com\/index.php?rest_route=%2Fwp%2Fv2%2Ftags&post=206634"}],"curies":[{"name":"wp","href":"https:\/\/api.w.org\/{rel}","templated":true}]}}