{"id":206470,"date":"2022-10-13T20:30:00","date_gmt":"2022-10-14T01:30:00","guid":{"rendered":"http:\/\/vertienteglobal.com\/?p=206470"},"modified":"2022-10-13T20:30:38","modified_gmt":"2022-10-14T01:30:38","slug":"congreso-de-oaxaca-el-primero-del-pais-en-avalar-la-reforma-de-la-guardia-nacional","status":"publish","type":"post","link":"http:\/\/vertienteglobal.com\/?p=206470","title":{"rendered":"Congreso de Oaxaca, el primero del pa\u00eds en avalar la reforma de la Guardia Nacional"},"content":{"rendered":"\n<div class=\"twitterbutton\" style=\"float: right; padding-left: 5px;\"><a href=\"http:\/\/twitter.com\/share\" class=\"twitter-share-button\" data-count=\"horizontal\" data-text=\"Congreso de Oaxaca, el primero del pa\u00eds en avalar la reforma de la Guardia Naci...\" data-via=\"https:\/\/twitter.com\/VertienteGloba1\" data-url=\"http:\/\/vertienteglobal.com\/?p=206470\" data-lang=\"es\" data-related=\"Informaci\u00f3n general:S\u00edguenos para que est\u00e9ss informado\"><\/a><\/div>\n<figure class=\"wp-block-image size-large\"><img loading=\"lazy\" decoding=\"async\" width=\"1024\" height=\"683\" src=\"http:\/\/vertienteglobal.com\/wp-content\/uploads\/2022\/10\/189720.jpg\" alt=\"\" class=\"wp-image-206471\" srcset=\"http:\/\/vertienteglobal.com\/wp-content\/uploads\/2022\/10\/189720.jpg 1024w, http:\/\/vertienteglobal.com\/wp-content\/uploads\/2022\/10\/189720-300x200.jpg 300w, http:\/\/vertienteglobal.com\/wp-content\/uploads\/2022\/10\/189720-150x100.jpg 150w, http:\/\/vertienteglobal.com\/wp-content\/uploads\/2022\/10\/189720-768x512.jpg 768w\" sizes=\"auto, (max-width: 1024px) 100vw, 1024px\" \/><\/figure>\n\n\n\n<p>(Redacci\u00f3n\/Agencias)<\/p>\n\n\n\n<p>Con un total de 33 votos a favor, de un total de 42 legisladores, el pleno aval\u00f3 la reforma con la finalidad de &#8216;lograr la pacificaci\u00f3n de la Rep\u00fablica Mexicana &#8216;<\/p>\n\n\n\n<p>Oaxaca, Oaxaca 13 de octubre 2022.-El Congreso de Oaxaca se convirti\u00f3 en el primero de las 32 entidades del pa\u00eds en avalar la reforma a la Constituci\u00f3n Pol\u00edtica de los Estados Unidos Mexicanos, con la cual se traslada el control operativo, administrativo y financiero de la Guardia Nacional (GN) al titular de la Secretar\u00eda de la Defensa Nacional (Sedena).<\/p>\n\n\n\n<p>Despu\u00e9s de su aprobaci\u00f3n en el Congreso de la Uni\u00f3n y el Senado de la Rep\u00fablica, dicha reforma constitucional tiene que ser tambi\u00e9n avalada por la mayor\u00eda de los 32 congresos locales, el primero de ellos fue el oaxaque\u00f1o.<\/p>\n\n\n\n<p>Con un total de 33 votos a favor, de un total de 42 legisladores, el pleno aval\u00f3 la reforma con la finalidad de &#8216;lograr la pacificaci\u00f3n de la Rep\u00fablica Mexicana &#8216;.<\/p>\n\n\n\n<p>El Congreso, inform\u00f3 que &#8216;con ello se avala la presencia de las Fuerzas Armadas en tareas de Seguridad P\u00fablica hasta 2028 en el pa\u00eds, para garantizar la pacificaci\u00f3n de la Rep\u00fablica Mexicana&#8217;.<\/p>\n\n\n\n<p>Asimismo, los diputados destacaron que este cambio legislativo tambi\u00e9n establece que las Fuerzas Armadas permanentes realizar\u00e1n las labores de seguridad con sus propios medios, pero que deber\u00e1n capacitarse en &#8216;doctrina policial civil &#8216;, establecida en el art\u00edculo 21 constitucional.<\/p>\n\n\n\n<p>Cabe recordar que el pasado 9 de octubre el secretario de Gobernaci\u00f3n, Ad\u00e1n Augusto L\u00f3pez Hern\u00e1ndez, anunci\u00f3 que se abrir\u00e1 un di\u00e1logo nacional para que los 32 congresos estatales avalar\u00e1n dicha reforma, pues consider\u00f3 que la aprobaci\u00f3n de este marco legal es crucial para &#8216;salvaguardar nuestra democracia&#8217;.(Fuente:ElUniversal)<\/p>\n","protected":false},"excerpt":{"rendered":"<p>(Redacci\u00f3n\/Agencias) Con un total de 33 votos a favor, de un total de 42 legisladores, el pleno aval\u00f3 la reforma con la finalidad de &#8216;lograr la pacificaci\u00f3n de la Rep\u00fablica Mexicana &#8216; Oaxaca, Oaxaca 13 de octubre 2022.-El Congreso de Oaxaca se convirti\u00f3 en el primero de las 32 entidades del pa\u00eds en avalar la [&hellip;]<\/p>\n","protected":false},"author":1,"featured_media":206471,"comment_status":"open","ping_status":"open","sticky":false,"template":"","format":"standard","meta":{"footnotes":""},"categories":[8],"tags":[],"class_list":["post-206470","post","type-post","status-publish","format-standard","has-post-thumbnail","hentry","category-pais","entry","has-media"],"jetpack_featured_media_url":"http:\/\/vertienteglobal.com\/wp-content\/uploads\/2022\/10\/189720.jpg","_links":{"self":[{"href":"http:\/\/vertienteglobal.com\/index.php?rest_route=\/wp\/v2\/posts\/206470","targetHints":{"allow":["GET"]}}],"collection":[{"href":"http:\/\/vertienteglobal.com\/index.php?rest_route=\/wp\/v2\/posts"}],"about":[{"href":"http:\/\/vertienteglobal.com\/index.php?rest_route=\/wp\/v2\/types\/post"}],"author":[{"embeddable":true,"href":"http:\/\/vertienteglobal.com\/index.php?rest_route=\/wp\/v2\/users\/1"}],"replies":[{"embeddable":true,"href":"http:\/\/vertienteglobal.com\/index.php?rest_route=%2Fwp%2Fv2%2Fcomments&post=206470"}],"version-history":[{"count":0,"href":"http:\/\/vertienteglobal.com\/index.php?rest_route=\/wp\/v2\/posts\/206470\/revisions"}],"wp:featuredmedia":[{"embeddable":true,"href":"http:\/\/vertienteglobal.com\/index.php?rest_route=\/wp\/v2\/media\/206471"}],"wp:attachment":[{"href":"http:\/\/vertienteglobal.com\/index.php?rest_route=%2Fwp%2Fv2%2Fmedia&parent=206470"}],"wp:term":[{"taxonomy":"category","embeddable":true,"href":"http:\/\/vertienteglobal.com\/index.php?rest_route=%2Fwp%2Fv2%2Fcategories&post=206470"},{"taxonomy":"post_tag","embeddable":true,"href":"http:\/\/vertienteglobal.com\/index.php?rest_route=%2Fwp%2Fv2%2Ftags&post=206470"}],"curies":[{"name":"wp","href":"https:\/\/api.w.org\/{rel}","templated":true}]}}