{"id":206417,"date":"2022-10-13T15:24:00","date_gmt":"2022-10-13T20:24:00","guid":{"rendered":"http:\/\/vertienteglobal.com\/?p=206417"},"modified":"2022-10-13T16:03:47","modified_gmt":"2022-10-13T21:03:47","slug":"amlo-recibe-cartas-credenciales-de-embajadores-de-espana-kuwait-y-el-vaticano","status":"publish","type":"post","link":"http:\/\/vertienteglobal.com\/?p=206417","title":{"rendered":"AMLO recibe cartas credenciales de embajadores de Espa\u00f1a, Kuwait y el Vaticano"},"content":{"rendered":"\n<div class=\"twitterbutton\" style=\"float: right; padding-left: 5px;\"><a href=\"http:\/\/twitter.com\/share\" class=\"twitter-share-button\" data-count=\"horizontal\" data-text=\"AMLO recibe cartas credenciales de embajadores de Espa\u00f1a, Kuwait y el Vaticano\" data-via=\"https:\/\/twitter.com\/VertienteGloba1\" data-url=\"http:\/\/vertienteglobal.com\/?p=206417\" data-lang=\"es\" data-related=\"Informaci\u00f3n general:S\u00edguenos para que est\u00e9ss informado\"><\/a><\/div>\n<figure class=\"wp-block-image size-large\"><img loading=\"lazy\" decoding=\"async\" width=\"1024\" height=\"683\" src=\"http:\/\/vertienteglobal.com\/wp-content\/uploads\/2022\/10\/189711.jpg\" alt=\"\" class=\"wp-image-206418\" srcset=\"http:\/\/vertienteglobal.com\/wp-content\/uploads\/2022\/10\/189711.jpg 1024w, http:\/\/vertienteglobal.com\/wp-content\/uploads\/2022\/10\/189711-300x200.jpg 300w, http:\/\/vertienteglobal.com\/wp-content\/uploads\/2022\/10\/189711-150x100.jpg 150w, http:\/\/vertienteglobal.com\/wp-content\/uploads\/2022\/10\/189711-768x512.jpg 768w\" sizes=\"auto, (max-width: 1024px) 100vw, 1024px\" \/><\/figure>\n\n\n\n<p>(Redacci\u00f3n)<\/p>\n\n\n\n<p>El mandatario inform\u00f3 que recibi\u00f3 estos documentos conforme al protocolo las cartas credenciales que reciben los embajadores<\/p>\n\n\n\n<p>Ciudad de M\u00e9xico 13 de octubre 2022.-El presidente Andr\u00e9s Manuel L\u00f3pez Obrador recibi\u00f3 este jueves las cartas credenciales de los embajadores de Espa\u00f1a, Juan Duarte; de Kuwait, Salah Suleiman Al-Haddad; as\u00ed como del nuncio apost\u00f3lico, Joseph Spiteri, embajador designado del Estado de la Santa Sede: El Vaticano.<\/p>\n\n\n\n<p>A trav\u00e9s de su cuenta de Twitter, el mandatario inform\u00f3 que recibi\u00f3 estos documentos conforme al protocolo las cartas credenciales que reciben los embajadores.<\/p>\n\n\n\n<p>&#8216;Hoy, en Palacio Nacional, recib\u00ed de acuerdo al protocolo las cartas credenciales de los embajadores de Kuwait, Salah Suleiman Al-Haddad, y de Espa\u00f1a, Juan Duarte Cuadrado, as\u00ed como del nuncio apost\u00f3lico y embajador designado del Estado de la Santa Sede, Joseph Spiteri&#8217;, dijo.<\/p>\n\n\n\n<p>El nombramiento m\u00e1s significativo es el de Duarte Cuadrado, pues es sabido que L\u00f3pez Obrador mantiene una relaci\u00f3n tensa con el gobierno espa\u00f1ol desde que inici\u00f3 su administraci\u00f3n.<\/p>\n\n\n\n<p>Ya que en diversas ocasiones el mandatario ha pedido que la corona espa\u00f1ola se disculpe por los abusos cometidos en la conquista, adem\u00e1s ha acusado a diversas empresas, como Iberdrola, de cometer abusos en el pa\u00eds, e incluso ha planteado poner en pausa la relaci\u00f3n diplom\u00e1tica con el pa\u00eds europeo.<\/p>\n\n\n\n<p>Esta situaci\u00f3n se dio el pasado febrero cuando consider\u00f3 &#8216;hacer una pausa en las relaciones&#8217;con el gobierno de Espa\u00f1a, en tanto termine su administraci\u00f3n, con la finalidad de eliminar el acuerdo y la vulnerabilidad econ\u00f3mica que se gener\u00f3 en sexenios pasados.(Fuente:Milenio\/Agencias)<\/p>\n","protected":false},"excerpt":{"rendered":"<p>(Redacci\u00f3n) El mandatario inform\u00f3 que recibi\u00f3 estos documentos conforme al protocolo las cartas credenciales que reciben los embajadores Ciudad de M\u00e9xico 13 de octubre 2022.-El presidente Andr\u00e9s Manuel L\u00f3pez Obrador recibi\u00f3 este jueves las cartas credenciales de los embajadores de Espa\u00f1a, Juan Duarte; de Kuwait, Salah Suleiman Al-Haddad; as\u00ed como del nuncio apost\u00f3lico, Joseph Spiteri, [&hellip;]<\/p>\n","protected":false},"author":1,"featured_media":206418,"comment_status":"open","ping_status":"open","sticky":false,"template":"","format":"standard","meta":{"footnotes":""},"categories":[8],"tags":[],"class_list":["post-206417","post","type-post","status-publish","format-standard","has-post-thumbnail","hentry","category-pais","entry","has-media"],"jetpack_featured_media_url":"http:\/\/vertienteglobal.com\/wp-content\/uploads\/2022\/10\/189711.jpg","_links":{"self":[{"href":"http:\/\/vertienteglobal.com\/index.php?rest_route=\/wp\/v2\/posts\/206417","targetHints":{"allow":["GET"]}}],"collection":[{"href":"http:\/\/vertienteglobal.com\/index.php?rest_route=\/wp\/v2\/posts"}],"about":[{"href":"http:\/\/vertienteglobal.com\/index.php?rest_route=\/wp\/v2\/types\/post"}],"author":[{"embeddable":true,"href":"http:\/\/vertienteglobal.com\/index.php?rest_route=\/wp\/v2\/users\/1"}],"replies":[{"embeddable":true,"href":"http:\/\/vertienteglobal.com\/index.php?rest_route=%2Fwp%2Fv2%2Fcomments&post=206417"}],"version-history":[{"count":0,"href":"http:\/\/vertienteglobal.com\/index.php?rest_route=\/wp\/v2\/posts\/206417\/revisions"}],"wp:featuredmedia":[{"embeddable":true,"href":"http:\/\/vertienteglobal.com\/index.php?rest_route=\/wp\/v2\/media\/206418"}],"wp:attachment":[{"href":"http:\/\/vertienteglobal.com\/index.php?rest_route=%2Fwp%2Fv2%2Fmedia&parent=206417"}],"wp:term":[{"taxonomy":"category","embeddable":true,"href":"http:\/\/vertienteglobal.com\/index.php?rest_route=%2Fwp%2Fv2%2Fcategories&post=206417"},{"taxonomy":"post_tag","embeddable":true,"href":"http:\/\/vertienteglobal.com\/index.php?rest_route=%2Fwp%2Fv2%2Ftags&post=206417"}],"curies":[{"name":"wp","href":"https:\/\/api.w.org\/{rel}","templated":true}]}}