{"id":205867,"date":"2022-10-03T14:52:52","date_gmt":"2022-10-03T19:52:52","guid":{"rendered":"http:\/\/vertienteglobal.com\/?p=205867"},"modified":"2022-10-04T21:04:41","modified_gmt":"2022-10-05T02:04:41","slug":"con-certeza-juridica-favorecen-gobierno-mmunicipal-y-notarios-a-cancunenses","status":"publish","type":"post","link":"http:\/\/vertienteglobal.com\/?p=205867","title":{"rendered":"Con certeza jur\u00eddica, favorecen Gobierno Municipal y Notarios a Cancunenses"},"content":{"rendered":"\n<div class=\"twitterbutton\" style=\"float: right; padding-left: 5px;\"><a href=\"http:\/\/twitter.com\/share\" class=\"twitter-share-button\" data-count=\"horizontal\" data-text=\"Con certeza jur\u00eddica, favorecen Gobierno Municipal y Notarios a Cancunenses\" data-via=\"https:\/\/twitter.com\/VertienteGloba1\" data-url=\"http:\/\/vertienteglobal.com\/?p=205867\" data-lang=\"es\" data-related=\"Informaci\u00f3n general:S\u00edguenos para que est\u00e9ss informado\"><\/a><\/div>\n<figure class=\"wp-block-image size-large\"><img loading=\"lazy\" decoding=\"async\" width=\"720\" height=\"562\" src=\"http:\/\/vertienteglobal.com\/wp-content\/uploads\/2022\/10\/FB_IMG_1664931137679.jpg\" alt=\"\" class=\"wp-image-205868\" srcset=\"http:\/\/vertienteglobal.com\/wp-content\/uploads\/2022\/10\/FB_IMG_1664931137679.jpg 720w, http:\/\/vertienteglobal.com\/wp-content\/uploads\/2022\/10\/FB_IMG_1664931137679-300x234.jpg 300w, http:\/\/vertienteglobal.com\/wp-content\/uploads\/2022\/10\/FB_IMG_1664931137679-150x117.jpg 150w\" sizes=\"auto, (max-width: 720px) 100vw, 720px\" \/><\/figure>\n\n\n\n<p>(Antonio Rivera)<\/p>\n\n\n\n<p>Canc\u00fan, Quintana Roo., a 03 de octubre de 2022.-La Presidenta Municipal, Ana Patricia Peralta, constat\u00f3 el desarrollo de la \u201cJornada Nacional de Asesor\u00eda Notarial a Puertas Abiertas\u201d en Canc\u00fan, que por segundo a\u00f1o consecutivo se realiza en el domo del Palacio Municipal para orientar y dar certeza jur\u00eddica a las y los cancunenses en temas de tr\u00e1mites notariales.<\/p>\n\n\n\n<p>\u201cEl a\u00f1o pasado se llevaron a cabo 75 apoyos, esperamos superar esa cifra y hacerlo a\u00f1o con a\u00f1o. Invito a estos profesionistas a caminar juntos hacia el mismo objetivo: un Canc\u00fan que sue\u00f1a, trabaja, construye, suma, siente y puede\u201d, exhort\u00f3.<\/p>\n\n\n\n<p>La Primera Autoridad Municipal reiter\u00f3 el llamado a los notarios a seguir sumando voluntades en favor de Canc\u00fan y su gente, \u201cya que la participaci\u00f3n y la corresponsabilidad de todos los actores sociales y profesionistas consolidar\u00e1n la mejor versi\u00f3n de la ciudad\u201d.<\/p>\n\n\n\n<p>Detall\u00f3 que adem\u00e1s estas jornadas se llevan a cabo como parte de la conmemoraci\u00f3n del D\u00eda Internacional del Notario, que se conmemora cada 2 de octubre para promover la cultura de la legalidad, por lo que se facilitar\u00e1 la explicaci\u00f3n sobre testamentos, compraventas, sociedades, poderes notariales, cesiones de derecho, entre otros.<\/p>\n\n\n\n<p>La secretaria del Consejo de Notarios de Quintana Roo, Ivonne Lemus Arellano, agradeci\u00f3 el apoyo y facilidades otorgadas por el gobierno municipal para acercar a la poblaci\u00f3n toda la informaci\u00f3n sobre este rubro para que los habitantes obtengan certeza jur\u00eddica en su patrimonio.<\/p>\n\n\n\n<p>En el evento estuvieron presentes tambi\u00e9n la vicepresidenta nacional del Colegio Nacional del Notariado Mexicano, Carmen Nicol\u00e1s Ram\u00edrez; el diputado constituyente de Quintana Roo, Mario Ram\u00edrez Canul; el secretario general del Ayuntamiento, Jorge Carlos Aguilar Osorio; entre otros invitados.<\/p>\n\n\n\n<p>NUMERALIAS:<\/p>\n\n\n\n<p>18 notarios participan en la jornada 2022<br>75 asesor\u00edas dieron en 2021<\/p>\n\n\n\n<p>CAJA DE DATOS<\/p>\n\n\n\n<p>Asesor\u00eda notarial 03 y 04 de octubre:<br>10:00 a 15:00 horas<br>Palacio Municipal<\/p>\n\n\n\n<figure class=\"wp-block-image size-large\"><img loading=\"lazy\" decoding=\"async\" width=\"720\" height=\"488\" src=\"http:\/\/vertienteglobal.com\/wp-content\/uploads\/2022\/10\/FB_IMG_1664931141892.jpg\" alt=\"\" class=\"wp-image-205869\" srcset=\"http:\/\/vertienteglobal.com\/wp-content\/uploads\/2022\/10\/FB_IMG_1664931141892.jpg 720w, http:\/\/vertienteglobal.com\/wp-content\/uploads\/2022\/10\/FB_IMG_1664931141892-300x203.jpg 300w, http:\/\/vertienteglobal.com\/wp-content\/uploads\/2022\/10\/FB_IMG_1664931141892-150x102.jpg 150w\" sizes=\"auto, (max-width: 720px) 100vw, 720px\" \/><\/figure>\n\n\n\n<figure class=\"wp-block-image size-large\"><img loading=\"lazy\" decoding=\"async\" width=\"720\" height=\"471\" src=\"http:\/\/vertienteglobal.com\/wp-content\/uploads\/2022\/10\/FB_IMG_1664931148055.jpg\" alt=\"\" class=\"wp-image-205870\" srcset=\"http:\/\/vertienteglobal.com\/wp-content\/uploads\/2022\/10\/FB_IMG_1664931148055.jpg 720w, http:\/\/vertienteglobal.com\/wp-content\/uploads\/2022\/10\/FB_IMG_1664931148055-300x196.jpg 300w, http:\/\/vertienteglobal.com\/wp-content\/uploads\/2022\/10\/FB_IMG_1664931148055-150x98.jpg 150w\" sizes=\"auto, (max-width: 720px) 100vw, 720px\" \/><\/figure>\n","protected":false},"excerpt":{"rendered":"<p>(Antonio Rivera) Canc\u00fan, Quintana Roo., a 03 de octubre de 2022.-La Presidenta Municipal, Ana Patricia Peralta, constat\u00f3 el desarrollo de la \u201cJornada Nacional de Asesor\u00eda Notarial a Puertas Abiertas\u201d en Canc\u00fan, que por segundo a\u00f1o consecutivo se realiza en el domo del Palacio Municipal para orientar y dar certeza jur\u00eddica a las y los cancunenses [&hellip;]<\/p>\n","protected":false},"author":1,"featured_media":205868,"comment_status":"open","ping_status":"open","sticky":false,"template":"","format":"standard","meta":{"footnotes":""},"categories":[3],"tags":[],"class_list":["post-205867","post","type-post","status-publish","format-standard","has-post-thumbnail","hentry","category-quintana-roo","entry","has-media"],"jetpack_featured_media_url":"http:\/\/vertienteglobal.com\/wp-content\/uploads\/2022\/10\/FB_IMG_1664931137679.jpg","_links":{"self":[{"href":"http:\/\/vertienteglobal.com\/index.php?rest_route=\/wp\/v2\/posts\/205867","targetHints":{"allow":["GET"]}}],"collection":[{"href":"http:\/\/vertienteglobal.com\/index.php?rest_route=\/wp\/v2\/posts"}],"about":[{"href":"http:\/\/vertienteglobal.com\/index.php?rest_route=\/wp\/v2\/types\/post"}],"author":[{"embeddable":true,"href":"http:\/\/vertienteglobal.com\/index.php?rest_route=\/wp\/v2\/users\/1"}],"replies":[{"embeddable":true,"href":"http:\/\/vertienteglobal.com\/index.php?rest_route=%2Fwp%2Fv2%2Fcomments&post=205867"}],"version-history":[{"count":0,"href":"http:\/\/vertienteglobal.com\/index.php?rest_route=\/wp\/v2\/posts\/205867\/revisions"}],"wp:featuredmedia":[{"embeddable":true,"href":"http:\/\/vertienteglobal.com\/index.php?rest_route=\/wp\/v2\/media\/205868"}],"wp:attachment":[{"href":"http:\/\/vertienteglobal.com\/index.php?rest_route=%2Fwp%2Fv2%2Fmedia&parent=205867"}],"wp:term":[{"taxonomy":"category","embeddable":true,"href":"http:\/\/vertienteglobal.com\/index.php?rest_route=%2Fwp%2Fv2%2Fcategories&post=205867"},{"taxonomy":"post_tag","embeddable":true,"href":"http:\/\/vertienteglobal.com\/index.php?rest_route=%2Fwp%2Fv2%2Ftags&post=205867"}],"curies":[{"name":"wp","href":"https:\/\/api.w.org\/{rel}","templated":true}]}}