{"id":205767,"date":"2022-10-01T13:38:00","date_gmt":"2022-10-01T18:38:00","guid":{"rendered":"http:\/\/vertienteglobal.com\/?p=205767"},"modified":"2022-10-01T14:34:09","modified_gmt":"2022-10-01T19:34:09","slug":"helicoptero-de-la-marina-se-deploma-en-tabasco-y-deja-como-saldo-3-heridos","status":"publish","type":"post","link":"http:\/\/vertienteglobal.com\/?p=205767","title":{"rendered":"Helic\u00f3ptero de la Marina se deploma en Tabasco y deja como saldo 3 heridos"},"content":{"rendered":"\n<div class=\"twitterbutton\" style=\"float: right; padding-left: 5px;\"><a href=\"http:\/\/twitter.com\/share\" class=\"twitter-share-button\" data-count=\"horizontal\" data-text=\"Helic\u00f3ptero de la Marina se deploma en Tabasco y deja como saldo 3 heridos\" data-via=\"https:\/\/twitter.com\/VertienteGloba1\" data-url=\"http:\/\/vertienteglobal.com\/?p=205767\" data-lang=\"es\" data-related=\"Informaci\u00f3n general:S\u00edguenos para que est\u00e9ss informado\"><\/a><\/div>\n<figure class=\"wp-block-image size-large\"><img loading=\"lazy\" decoding=\"async\" width=\"1024\" height=\"683\" src=\"http:\/\/vertienteglobal.com\/wp-content\/uploads\/2022\/10\/188723.jpg\" alt=\"\" class=\"wp-image-205769\" srcset=\"http:\/\/vertienteglobal.com\/wp-content\/uploads\/2022\/10\/188723.jpg 1024w, http:\/\/vertienteglobal.com\/wp-content\/uploads\/2022\/10\/188723-300x200.jpg 300w, http:\/\/vertienteglobal.com\/wp-content\/uploads\/2022\/10\/188723-150x100.jpg 150w, http:\/\/vertienteglobal.com\/wp-content\/uploads\/2022\/10\/188723-768x512.jpg 768w\" sizes=\"auto, (max-width: 1024px) 100vw, 1024px\" \/><\/figure>\n\n\n\n<p>(Redacci\u00f3n)<\/p>\n\n\n\n<p>El momento del desplome fue captado por un residente de Centla quien grab\u00f3 con su tel\u00e9fono como la aeronave gira en repetidas ocasiones y pierde altura hasta caer al suelo<\/p>\n\n\n\n<p>Frontera, Centla, Tabasco 01 de octubre de 2022.-La tarde de este s\u00e1bado, se desplom\u00f3 un helic\u00f3ptero cerca del puerto de Frontera en el municipio de Centla en el estado de Tabasco.<\/p>\n\n\n\n<p>El Instituto de Protecci\u00f3n Civil de Tabasco (IPCT) confirm\u00f3 que la aeronave pertenece a la Marina Armada de M\u00e9xico y tras el desplome, tres uniformados fueron rescatados con vida y llevados a un hospital en aquel municipio.<\/p>\n\n\n\n<p>El momento del desplome fue captado por un residente de Centla quien grab\u00f3 con su tel\u00e9fono como la aeronave gira en repetidas ocasiones y pierde altura hasta caer al suelo.<\/p>\n\n\n\n<p>En un segundo v\u00eddeo se puede apreciar el momento en que decenas de personas acuden a la zona del percance para ayudar a los tripulantes de la aeronave.<\/p>\n\n\n\n<p>La zona qued\u00f3 bajo resguardo de las autoridades y a\u00fan se investigan las causas del accidente.<\/p>\n\n\n\n<figure class=\"wp-block-embed-twitter wp-block-embed is-type-rich is-provider-twitter\"><div class=\"wp-block-embed__wrapper\">\n<div class=\"oceanwp-oembed-wrap clr\"><blockquote class=\"twitter-tweet\" data-width=\"550\" data-dnt=\"true\"><p lang=\"es\" dir=\"ltr\">As\u00ed fue el desplome de un helic\u00f3ptero de la Marina (<a href=\"https:\/\/twitter.com\/SEMAR_mx?ref_src=twsrc%5Etfw\">@SEMAR_mx<\/a>) en <a href=\"https:\/\/twitter.com\/hashtag\/Frontera?src=hash&amp;ref_src=twsrc%5Etfw\">#Frontera<\/a>, Centla en <a href=\"https:\/\/twitter.com\/hashtag\/Tabasco?src=hash&amp;ref_src=twsrc%5Etfw\">#Tabasco<\/a> <a href=\"https:\/\/t.co\/8deEiw8sjj\">pic.twitter.com\/8deEiw8sjj<\/a><\/p>&mdash; vertienteglobal.com (@VertienteGloba1) <a href=\"https:\/\/twitter.com\/VertienteGloba1\/status\/1576285060973490176?ref_src=twsrc%5Etfw\">October 1, 2022<\/a><\/blockquote><script async src=\"https:\/\/platform.twitter.com\/widgets.js\" charset=\"utf-8\"><\/script><\/div>\n<\/div><\/figure>\n\n\n\n<figure class=\"wp-block-embed-twitter wp-block-embed is-type-rich is-provider-twitter\"><div class=\"wp-block-embed__wrapper\">\n<div class=\"oceanwp-oembed-wrap clr\"><blockquote class=\"twitter-tweet\" data-width=\"550\" data-dnt=\"true\"><p lang=\"es\" dir=\"ltr\"><a href=\"https:\/\/twitter.com\/hashtag\/CirculaEnRedes?src=hash&amp;ref_src=twsrc%5Etfw\">#CirculaEnRedes<\/a> Desplome del helic\u00f3ptero de la Marina (<a href=\"https:\/\/twitter.com\/SEMAR_mx?ref_src=twsrc%5Etfw\">@SEMAR_mx<\/a>) deja como saldo 3 mheridos, ocurri\u00f3 en el municipio de Frontera en <a href=\"https:\/\/twitter.com\/hashtag\/Tabasco?src=hash&amp;ref_src=twsrc%5Etfw\">#Tabasco<\/a> <a href=\"https:\/\/t.co\/v88S406WYR\">pic.twitter.com\/v88S406WYR<\/a><\/p>&mdash; vertienteglobal.com (@VertienteGloba1) <a href=\"https:\/\/twitter.com\/VertienteGloba1\/status\/1576281875936858112?ref_src=twsrc%5Etfw\">October 1, 2022<\/a><\/blockquote><script async src=\"https:\/\/platform.twitter.com\/widgets.js\" charset=\"utf-8\"><\/script><\/div>\n<\/div><\/figure>\n","protected":false},"excerpt":{"rendered":"<p>(Redacci\u00f3n) El momento del desplome fue captado por un residente de Centla quien grab\u00f3 con su tel\u00e9fono como la aeronave gira en repetidas ocasiones y pierde altura hasta caer al suelo Frontera, Centla, Tabasco 01 de octubre de 2022.-La tarde de este s\u00e1bado, se desplom\u00f3 un helic\u00f3ptero cerca del puerto de Frontera en el municipio [&hellip;]<\/p>\n","protected":false},"author":1,"featured_media":205769,"comment_status":"open","ping_status":"open","sticky":false,"template":"","format":"standard","meta":{"footnotes":""},"categories":[5],"tags":[],"class_list":["post-205767","post","type-post","status-publish","format-standard","has-post-thumbnail","hentry","category-tabasco","entry","has-media"],"jetpack_featured_media_url":"http:\/\/vertienteglobal.com\/wp-content\/uploads\/2022\/10\/188723.jpg","_links":{"self":[{"href":"http:\/\/vertienteglobal.com\/index.php?rest_route=\/wp\/v2\/posts\/205767","targetHints":{"allow":["GET"]}}],"collection":[{"href":"http:\/\/vertienteglobal.com\/index.php?rest_route=\/wp\/v2\/posts"}],"about":[{"href":"http:\/\/vertienteglobal.com\/index.php?rest_route=\/wp\/v2\/types\/post"}],"author":[{"embeddable":true,"href":"http:\/\/vertienteglobal.com\/index.php?rest_route=\/wp\/v2\/users\/1"}],"replies":[{"embeddable":true,"href":"http:\/\/vertienteglobal.com\/index.php?rest_route=%2Fwp%2Fv2%2Fcomments&post=205767"}],"version-history":[{"count":0,"href":"http:\/\/vertienteglobal.com\/index.php?rest_route=\/wp\/v2\/posts\/205767\/revisions"}],"wp:featuredmedia":[{"embeddable":true,"href":"http:\/\/vertienteglobal.com\/index.php?rest_route=\/wp\/v2\/media\/205769"}],"wp:attachment":[{"href":"http:\/\/vertienteglobal.com\/index.php?rest_route=%2Fwp%2Fv2%2Fmedia&parent=205767"}],"wp:term":[{"taxonomy":"category","embeddable":true,"href":"http:\/\/vertienteglobal.com\/index.php?rest_route=%2Fwp%2Fv2%2Fcategories&post=205767"},{"taxonomy":"post_tag","embeddable":true,"href":"http:\/\/vertienteglobal.com\/index.php?rest_route=%2Fwp%2Fv2%2Ftags&post=205767"}],"curies":[{"name":"wp","href":"https:\/\/api.w.org\/{rel}","templated":true}]}}