{"id":205752,"date":"2022-10-01T10:24:00","date_gmt":"2022-10-01T15:24:00","guid":{"rendered":"http:\/\/vertienteglobal.com\/?p=205752"},"modified":"2022-10-01T14:08:41","modified_gmt":"2022-10-01T19:08:41","slug":"americo-villarreal-rinde-protesta-como-gobernador-de-tamaulipas","status":"publish","type":"post","link":"http:\/\/vertienteglobal.com\/?p=205752","title":{"rendered":"Am\u00e9rico Villarreal rinde protesta como gobernador de Tamaulipas"},"content":{"rendered":"\n<div class=\"twitterbutton\" style=\"float: right; padding-left: 5px;\"><a href=\"http:\/\/twitter.com\/share\" class=\"twitter-share-button\" data-count=\"horizontal\" data-text=\"Am\u00e9rico Villarreal rinde protesta como gobernador de Tamaulipas\" data-via=\"https:\/\/twitter.com\/VertienteGloba1\" data-url=\"http:\/\/vertienteglobal.com\/?p=205752\" data-lang=\"es\" data-related=\"Informaci\u00f3n general:S\u00edguenos para que est\u00e9ss informado\"><\/a><\/div>\n<figure class=\"wp-block-image size-large\"><img loading=\"lazy\" decoding=\"async\" width=\"1024\" height=\"615\" src=\"http:\/\/vertienteglobal.com\/wp-content\/uploads\/2022\/10\/20221001_125619.jpg\" alt=\"\" class=\"wp-image-205753\" srcset=\"http:\/\/vertienteglobal.com\/wp-content\/uploads\/2022\/10\/20221001_125619.jpg 1024w, http:\/\/vertienteglobal.com\/wp-content\/uploads\/2022\/10\/20221001_125619-300x180.jpg 300w, http:\/\/vertienteglobal.com\/wp-content\/uploads\/2022\/10\/20221001_125619-150x90.jpg 150w, http:\/\/vertienteglobal.com\/wp-content\/uploads\/2022\/10\/20221001_125619-768x461.jpg 768w\" sizes=\"auto, (max-width: 1024px) 100vw, 1024px\" \/><\/figure>\n\n\n\n<p>(Redacci\u00f3n)<\/p>\n\n\n\n<p>La diputada local del PRI, Alejandra C\u00e1rdenas, tom\u00f3 la protesta de ley a Am\u00e9rico Villarreal, de 64 a\u00f1os, m\u00e9dico cardi\u00f3logo de profesi\u00f3n<\/p>\n\n\n\n<p>Ciudad Victoria, Tamaulipas 01 de octubre de 2022.-La ma\u00f1ana de este s\u00e1bado, Am\u00e9rico Villarreal Anaya rindi\u00f3 protesta ante el Congreso de Tamaulipas como gobernador constitucional de ese estado.<\/p>\n\n\n\n<p>Con ello se convirti\u00f3 en el gobernador n\u00famero 26 en esa entidad y en el primer mandatario de extracci\u00f3n morenista y qui\u00e9n sustituye al panista Francisco Javier Garc\u00eda Cabeza de Vaca, quien no acudi\u00f3 a la transmisi\u00f3n de poderes.<\/p>\n\n\n\n<p>En representaci\u00f3n del presidente Andr\u00e9s Manuel L\u00f3pez Obrador asisti\u00f3 el secretario de Gobernaci\u00f3n, Ad\u00e1n Augusto L\u00f3pez Hernandez, as\u00ed como una decena de gobernadores.<\/p>\n\n\n\n<p>La diputada local del PRI, Alejandra C\u00e1rdenas, tom\u00f3 la protesta de ley a Am\u00e9rico Villarreal, de 64 a\u00f1os, m\u00e9dico cardi\u00f3logo de profesi\u00f3n.<\/p>\n\n\n\n<p>Cabe destacar que toda esta zona se encuentra blindada con tanquetas del Ej\u00e9rcito Mexicano, camionetas artilladas de la Guardia Nacional y polic\u00eda montada.(Fuente:Agencias)<\/p>\n","protected":false},"excerpt":{"rendered":"<p>(Redacci\u00f3n) La diputada local del PRI, Alejandra C\u00e1rdenas, tom\u00f3 la protesta de ley a Am\u00e9rico Villarreal, de 64 a\u00f1os, m\u00e9dico cardi\u00f3logo de profesi\u00f3n Ciudad Victoria, Tamaulipas 01 de octubre de 2022.-La ma\u00f1ana de este s\u00e1bado, Am\u00e9rico Villarreal Anaya rindi\u00f3 protesta ante el Congreso de Tamaulipas como gobernador constitucional de ese estado. Con ello se convirti\u00f3 [&hellip;]<\/p>\n","protected":false},"author":1,"featured_media":205753,"comment_status":"open","ping_status":"open","sticky":false,"template":"","format":"standard","meta":{"footnotes":""},"categories":[8],"tags":[],"class_list":["post-205752","post","type-post","status-publish","format-standard","has-post-thumbnail","hentry","category-pais","entry","has-media"],"jetpack_featured_media_url":"http:\/\/vertienteglobal.com\/wp-content\/uploads\/2022\/10\/20221001_125619.jpg","_links":{"self":[{"href":"http:\/\/vertienteglobal.com\/index.php?rest_route=\/wp\/v2\/posts\/205752","targetHints":{"allow":["GET"]}}],"collection":[{"href":"http:\/\/vertienteglobal.com\/index.php?rest_route=\/wp\/v2\/posts"}],"about":[{"href":"http:\/\/vertienteglobal.com\/index.php?rest_route=\/wp\/v2\/types\/post"}],"author":[{"embeddable":true,"href":"http:\/\/vertienteglobal.com\/index.php?rest_route=\/wp\/v2\/users\/1"}],"replies":[{"embeddable":true,"href":"http:\/\/vertienteglobal.com\/index.php?rest_route=%2Fwp%2Fv2%2Fcomments&post=205752"}],"version-history":[{"count":0,"href":"http:\/\/vertienteglobal.com\/index.php?rest_route=\/wp\/v2\/posts\/205752\/revisions"}],"wp:featuredmedia":[{"embeddable":true,"href":"http:\/\/vertienteglobal.com\/index.php?rest_route=\/wp\/v2\/media\/205753"}],"wp:attachment":[{"href":"http:\/\/vertienteglobal.com\/index.php?rest_route=%2Fwp%2Fv2%2Fmedia&parent=205752"}],"wp:term":[{"taxonomy":"category","embeddable":true,"href":"http:\/\/vertienteglobal.com\/index.php?rest_route=%2Fwp%2Fv2%2Fcategories&post=205752"},{"taxonomy":"post_tag","embeddable":true,"href":"http:\/\/vertienteglobal.com\/index.php?rest_route=%2Fwp%2Fv2%2Ftags&post=205752"}],"curies":[{"name":"wp","href":"https:\/\/api.w.org\/{rel}","templated":true}]}}