{"id":205721,"date":"2022-09-30T08:24:00","date_gmt":"2022-09-30T13:24:00","guid":{"rendered":"http:\/\/vertienteglobal.com\/?p=205721"},"modified":"2022-09-30T12:34:32","modified_gmt":"2022-09-30T17:34:32","slug":"meta-dejara-de-hacer-contrataciones-por-dificultades-economicas","status":"publish","type":"post","link":"http:\/\/vertienteglobal.com\/?p=205721","title":{"rendered":"Meta dejar\u00e1 de hacer contrataciones por dificultades econ\u00f3micas"},"content":{"rendered":"\n<div class=\"twitterbutton\" style=\"float: right; padding-left: 5px;\"><a href=\"http:\/\/twitter.com\/share\" class=\"twitter-share-button\" data-count=\"horizontal\" data-text=\"Meta dejar\u00e1 de hacer contrataciones por dificultades econ\u00f3micas\" data-via=\"https:\/\/twitter.com\/VertienteGloba1\" data-url=\"http:\/\/vertienteglobal.com\/?p=205721\" data-lang=\"es\" data-related=\"Informaci\u00f3n general:S\u00edguenos para que est\u00e9ss informado\"><\/a><\/div>\n<figure class=\"wp-block-image size-large\"><img loading=\"lazy\" decoding=\"async\" width=\"1024\" height=\"683\" src=\"http:\/\/vertienteglobal.com\/wp-content\/uploads\/2022\/09\/188613.jpg\" alt=\"\" class=\"wp-image-205722\" srcset=\"http:\/\/vertienteglobal.com\/wp-content\/uploads\/2022\/09\/188613.jpg 1024w, http:\/\/vertienteglobal.com\/wp-content\/uploads\/2022\/09\/188613-300x200.jpg 300w, http:\/\/vertienteglobal.com\/wp-content\/uploads\/2022\/09\/188613-150x100.jpg 150w, http:\/\/vertienteglobal.com\/wp-content\/uploads\/2022\/09\/188613-768x512.jpg 768w\" sizes=\"auto, (max-width: 1024px) 100vw, 1024px\" \/><\/figure>\n\n\n\n<p>(Redacci\u00f3n)<\/p>\n\n\n\n<p>Ante la situaci\u00f3n actual, empresas tecnol\u00f3gicas se han visto forzadas a reducir sus plantillas en los \u00faltimos meses, debido a que anunciantes recortan sus gastos para enfrentarse a una recesi\u00f3n<\/p>\n\n\n\n<p>Ciudad de M\u00e9xico 30 de septiembre de 2022.-La plataforma de Meta ha decidido congelar las contrataciones y continuar\u00e1 reestructur\u00e1ndose en medio de una situaci\u00f3n macroecon\u00f3mica incierta, revel\u00f3 la agencia Bloomberg News, que cit\u00f3 un comunicado del presidente ejecutivo, Mark Zuckerberg, a los empleados.<\/p>\n\n\n\n<p>Ante la situaci\u00f3n actual, empresas tecnol\u00f3gicas se han visto forzadas a reducir sus plantillas en los \u00faltimos meses, debido a que anunciantes recortan sus gastos para enfrentarse a una recesi\u00f3n.<\/p>\n\n\n\n<p>\u201cEsperaba que la econom\u00eda se hubiera estabilizado m\u00e1s claramente a estas alturas, pero por lo que estamos viendo todav\u00eda no parece que lo haya hecho, as\u00ed que queremos planificar de forma algo conservadora\u00bb, habr\u00eda se\u00f1alado Zuckerberg.<\/p>\n\n\n\n<p>Recientemente, la agencia Reuters inform\u00f3 que la firma de redes sociales redujo sus planes de contrataci\u00f3n de ingenieros casi un 30 por ciento durante este 2022, ante los problemas econ\u00f3micos que se han registrado.(Fuente: Exc\u00e9lsior)<\/p>\n","protected":false},"excerpt":{"rendered":"<p>(Redacci\u00f3n) Ante la situaci\u00f3n actual, empresas tecnol\u00f3gicas se han visto forzadas a reducir sus plantillas en los \u00faltimos meses, debido a que anunciantes recortan sus gastos para enfrentarse a una recesi\u00f3n Ciudad de M\u00e9xico 30 de septiembre de 2022.-La plataforma de Meta ha decidido congelar las contrataciones y continuar\u00e1 reestructur\u00e1ndose en medio de una situaci\u00f3n [&hellip;]<\/p>\n","protected":false},"author":1,"featured_media":205722,"comment_status":"open","ping_status":"open","sticky":false,"template":"","format":"standard","meta":{"footnotes":""},"categories":[8],"tags":[],"class_list":["post-205721","post","type-post","status-publish","format-standard","has-post-thumbnail","hentry","category-pais","entry","has-media"],"jetpack_featured_media_url":"http:\/\/vertienteglobal.com\/wp-content\/uploads\/2022\/09\/188613.jpg","_links":{"self":[{"href":"http:\/\/vertienteglobal.com\/index.php?rest_route=\/wp\/v2\/posts\/205721","targetHints":{"allow":["GET"]}}],"collection":[{"href":"http:\/\/vertienteglobal.com\/index.php?rest_route=\/wp\/v2\/posts"}],"about":[{"href":"http:\/\/vertienteglobal.com\/index.php?rest_route=\/wp\/v2\/types\/post"}],"author":[{"embeddable":true,"href":"http:\/\/vertienteglobal.com\/index.php?rest_route=\/wp\/v2\/users\/1"}],"replies":[{"embeddable":true,"href":"http:\/\/vertienteglobal.com\/index.php?rest_route=%2Fwp%2Fv2%2Fcomments&post=205721"}],"version-history":[{"count":0,"href":"http:\/\/vertienteglobal.com\/index.php?rest_route=\/wp\/v2\/posts\/205721\/revisions"}],"wp:featuredmedia":[{"embeddable":true,"href":"http:\/\/vertienteglobal.com\/index.php?rest_route=\/wp\/v2\/media\/205722"}],"wp:attachment":[{"href":"http:\/\/vertienteglobal.com\/index.php?rest_route=%2Fwp%2Fv2%2Fmedia&parent=205721"}],"wp:term":[{"taxonomy":"category","embeddable":true,"href":"http:\/\/vertienteglobal.com\/index.php?rest_route=%2Fwp%2Fv2%2Fcategories&post=205721"},{"taxonomy":"post_tag","embeddable":true,"href":"http:\/\/vertienteglobal.com\/index.php?rest_route=%2Fwp%2Fv2%2Ftags&post=205721"}],"curies":[{"name":"wp","href":"https:\/\/api.w.org\/{rel}","templated":true}]}}