{"id":205665,"date":"2022-09-29T15:53:00","date_gmt":"2022-09-29T20:53:00","guid":{"rendered":"http:\/\/vertienteglobal.com\/?p=205665"},"modified":"2022-09-29T16:58:10","modified_gmt":"2022-09-29T21:58:10","slug":"nombran-a-indhira-carrillo-directora-de-comunicacion-social-del-municipio-de-benito-juarez","status":"publish","type":"post","link":"http:\/\/vertienteglobal.com\/?p=205665","title":{"rendered":"Nombran a Indhira Carrillo, Directora de Comunicaci\u00f3n Social del municipio de Benito Ju\u00e1rez"},"content":{"rendered":"\n<div class=\"twitterbutton\" style=\"float: right; padding-left: 5px;\"><a href=\"http:\/\/twitter.com\/share\" class=\"twitter-share-button\" data-count=\"horizontal\" data-text=\"Nombran a Indhira Carrillo, Directora de Comunicaci\u00f3n Social del municipio de B...\" data-via=\"https:\/\/twitter.com\/VertienteGloba1\" data-url=\"http:\/\/vertienteglobal.com\/?p=205665\" data-lang=\"es\" data-related=\"Informaci\u00f3n general:S\u00edguenos para que est\u00e9ss informado\"><\/a><\/div>\n<figure class=\"wp-block-image size-large\"><img loading=\"lazy\" decoding=\"async\" width=\"720\" height=\"720\" src=\"http:\/\/vertienteglobal.com\/wp-content\/uploads\/2022\/09\/FB_IMG_1664488233246.jpg\" alt=\"\" class=\"wp-image-205666\" srcset=\"http:\/\/vertienteglobal.com\/wp-content\/uploads\/2022\/09\/FB_IMG_1664488233246.jpg 720w, http:\/\/vertienteglobal.com\/wp-content\/uploads\/2022\/09\/FB_IMG_1664488233246-300x300.jpg 300w, http:\/\/vertienteglobal.com\/wp-content\/uploads\/2022\/09\/FB_IMG_1664488233246-150x150.jpg 150w\" sizes=\"auto, (max-width: 720px) 100vw, 720px\" \/><\/figure>\n\n\n\n<p>(Redacci\u00f3n)<\/p>\n\n\n\n<p>Carrillo Domani es Licenciada en Periodismo por la Escuela Carlos Septi\u00e9n Garc\u00eda y tiene una Maestr\u00eda en Periodismo Digital por la Universidad de Guadalajara<\/p>\n\n\n\n<p>Canc\u00fan, Quintana Roo 29 de septiembre de 2022.- La presidente municipal de Benito Ju\u00e1rez, Ana Paty Peralta , nombr\u00f3 oficialmente este jueves a la Maestra Mar\u00eda Indhira Carrillo Domani, Directora de Comunicaci\u00f3n Social.<\/p>\n\n\n\n<p>Carrillo Domani es Licenciada en Periodismo por la Escuela Carlos Septi\u00e9n Garc\u00eda y tiene una Maestr\u00eda en Periodismo Digital por la Universidad de Guadalajara.<\/p>\n\n\n\n<p>Locutora, reportera y columnista, ha llevado tambi\u00e9n la Comunicaci\u00f3n Pol\u00edtica de gobiernos estatales y municipales y la Direcci\u00f3n de Medios Publicos y Privados en Quintana Roo.<\/p>\n\n\n\n<p>Recibi\u00f3 el Premio de Periodismo Ori\u00f3n en Cozumel en 2000 por su labor period\u00edstica y el reconocimiento como Mujer Quintanarroense Destacada en Periodismo 2013 del Instituto Quintanarroense de la Mujer.<\/p>\n","protected":false},"excerpt":{"rendered":"<p>(Redacci\u00f3n) Carrillo Domani es Licenciada en Periodismo por la Escuela Carlos Septi\u00e9n Garc\u00eda y tiene una Maestr\u00eda en Periodismo Digital por la Universidad de Guadalajara Canc\u00fan, Quintana Roo 29 de septiembre de 2022.- La presidente municipal de Benito Ju\u00e1rez, Ana Paty Peralta , nombr\u00f3 oficialmente este jueves a la Maestra Mar\u00eda Indhira Carrillo Domani, Directora [&hellip;]<\/p>\n","protected":false},"author":1,"featured_media":205666,"comment_status":"open","ping_status":"open","sticky":false,"template":"","format":"standard","meta":{"footnotes":""},"categories":[3],"tags":[],"class_list":["post-205665","post","type-post","status-publish","format-standard","has-post-thumbnail","hentry","category-quintana-roo","entry","has-media"],"jetpack_featured_media_url":"http:\/\/vertienteglobal.com\/wp-content\/uploads\/2022\/09\/FB_IMG_1664488233246.jpg","_links":{"self":[{"href":"http:\/\/vertienteglobal.com\/index.php?rest_route=\/wp\/v2\/posts\/205665","targetHints":{"allow":["GET"]}}],"collection":[{"href":"http:\/\/vertienteglobal.com\/index.php?rest_route=\/wp\/v2\/posts"}],"about":[{"href":"http:\/\/vertienteglobal.com\/index.php?rest_route=\/wp\/v2\/types\/post"}],"author":[{"embeddable":true,"href":"http:\/\/vertienteglobal.com\/index.php?rest_route=\/wp\/v2\/users\/1"}],"replies":[{"embeddable":true,"href":"http:\/\/vertienteglobal.com\/index.php?rest_route=%2Fwp%2Fv2%2Fcomments&post=205665"}],"version-history":[{"count":0,"href":"http:\/\/vertienteglobal.com\/index.php?rest_route=\/wp\/v2\/posts\/205665\/revisions"}],"wp:featuredmedia":[{"embeddable":true,"href":"http:\/\/vertienteglobal.com\/index.php?rest_route=\/wp\/v2\/media\/205666"}],"wp:attachment":[{"href":"http:\/\/vertienteglobal.com\/index.php?rest_route=%2Fwp%2Fv2%2Fmedia&parent=205665"}],"wp:term":[{"taxonomy":"category","embeddable":true,"href":"http:\/\/vertienteglobal.com\/index.php?rest_route=%2Fwp%2Fv2%2Fcategories&post=205665"},{"taxonomy":"post_tag","embeddable":true,"href":"http:\/\/vertienteglobal.com\/index.php?rest_route=%2Fwp%2Fv2%2Ftags&post=205665"}],"curies":[{"name":"wp","href":"https:\/\/api.w.org\/{rel}","templated":true}]}}