{"id":205464,"date":"2022-09-27T15:34:00","date_gmt":"2022-09-27T20:34:00","guid":{"rendered":"http:\/\/vertienteglobal.com\/?p=205464"},"modified":"2022-09-27T17:37:45","modified_gmt":"2022-09-27T22:37:45","slug":"apuesta-lili-campos-por-alianzas-a-favor-del-turismo","status":"publish","type":"post","link":"http:\/\/vertienteglobal.com\/?p=205464","title":{"rendered":"Apuesta Lili Campos por alianzas a favor del turismo"},"content":{"rendered":"\n<div class=\"twitterbutton\" style=\"float: right; padding-left: 5px;\"><a href=\"http:\/\/twitter.com\/share\" class=\"twitter-share-button\" data-count=\"horizontal\" data-text=\"Apuesta Lili Campos por alianzas a favor del turismo\" data-via=\"https:\/\/twitter.com\/VertienteGloba1\" data-url=\"http:\/\/vertienteglobal.com\/?p=205464\" data-lang=\"es\" data-related=\"Informaci\u00f3n general:S\u00edguenos para que est\u00e9ss informado\"><\/a><\/div>\n<figure class=\"wp-block-image size-large\"><img loading=\"lazy\" decoding=\"async\" width=\"1024\" height=\"781\" src=\"http:\/\/vertienteglobal.com\/wp-content\/uploads\/2022\/09\/IMG-20220927-WA0122-1024x781.jpg\" alt=\"\" class=\"wp-image-205465\" srcset=\"http:\/\/vertienteglobal.com\/wp-content\/uploads\/2022\/09\/IMG-20220927-WA0122-1024x781.jpg 1024w, http:\/\/vertienteglobal.com\/wp-content\/uploads\/2022\/09\/IMG-20220927-WA0122-300x229.jpg 300w, http:\/\/vertienteglobal.com\/wp-content\/uploads\/2022\/09\/IMG-20220927-WA0122-150x114.jpg 150w, http:\/\/vertienteglobal.com\/wp-content\/uploads\/2022\/09\/IMG-20220927-WA0122-768x586.jpg 768w, http:\/\/vertienteglobal.com\/wp-content\/uploads\/2022\/09\/IMG-20220927-WA0122.jpg 1280w\" sizes=\"auto, (max-width: 1024px) 100vw, 1024px\" \/><\/figure>\n\n\n\n<p>(Redacci\u00f3n)<\/p>\n\n\n\n<p>Dijo que, \u201ceste evento para nosotros es trascendental porque somos testigos del apogeo en el que hoy Solidaridad est\u00e1 viviendo, esto nos ha permitido ser el l\u00edder tur\u00edstico n\u00famero uno de Quintana Roo, pues en Semana Santa tuvimos m\u00e1s de 546 mil turistas y en verano tuvimos mill\u00f3n 400 mil que visitaron este municipio, eso quiere decir que estamos haciendo bien nuestro trabajo y en equipo\u201d<\/p>\n\n\n\n<p>Playa del Carmen, Solidaridad, Quintana Roo, a 27 de septiembre del 2022.- El actual gobierno municipal, con el fin de promocionar este destino tur\u00edstico, en coordinaci\u00f3n con la Secretar\u00eda de Turismo, la presidenta Lili Campos, coloc\u00f3 calcoman\u00edas a las unidades del Sindicato L\u00e1zaro C\u00e1rdenas del R\u00edo, donde cada una de ellas cuenta con un c\u00f3digo QR, que al escanear pueden ver los servicios del Centro de Atenci\u00f3n y Protecci\u00f3n al Turista (CAPTA).<\/p>\n\n\n\n<p>Lili Campos, en su mensaje en conmemoraci\u00f3n del D\u00eda Mundial del Turismo dijo que, \u201ceste evento para nosotros es trascendental porque somos testigos del apogeo en el que hoy Solidaridad est\u00e1 viviendo, esto nos ha permitido ser el l\u00edder tur\u00edstico n\u00famero uno de Quintana Roo, pues en Semana Santa tuvimos m\u00e1s de 546 mil turistas y en verano tuvimos mill\u00f3n 400 mil que visitaron este municipio, eso quiere decir que estamos haciendo bien nuestro trabajo y en equipo\u201d.<\/p>\n\n\n\n<p>Por su parte, Mauricio Pasos, quien fue en representaci\u00f3n del secretario general del Sindicato L\u00e1zaro C\u00e1rdenas del R\u00edo, Luis Herrera, agradeci\u00f3 por tomar en cuenta al sector transportista a trav\u00e9s de la gu\u00eda tur\u00edstica, \u201csabemos que es un paso importante formar parte de ella. Seguiremos trabajando para brindar un servicio a los solidarenses y a los turistas apostando a las herramientas tecnol\u00f3gicas como lo es nuestra aplicaci\u00f3n taritaxi\u201d.<\/p>\n\n\n\n<figure class=\"wp-block-image size-large\"><img loading=\"lazy\" decoding=\"async\" width=\"1024\" height=\"699\" src=\"http:\/\/vertienteglobal.com\/wp-content\/uploads\/2022\/09\/IMG-20220927-WA0123-1024x699.jpg\" alt=\"\" class=\"wp-image-205466\" srcset=\"http:\/\/vertienteglobal.com\/wp-content\/uploads\/2022\/09\/IMG-20220927-WA0123-1024x699.jpg 1024w, http:\/\/vertienteglobal.com\/wp-content\/uploads\/2022\/09\/IMG-20220927-WA0123-300x205.jpg 300w, http:\/\/vertienteglobal.com\/wp-content\/uploads\/2022\/09\/IMG-20220927-WA0123-150x102.jpg 150w, http:\/\/vertienteglobal.com\/wp-content\/uploads\/2022\/09\/IMG-20220927-WA0123-768x524.jpg 768w, http:\/\/vertienteglobal.com\/wp-content\/uploads\/2022\/09\/IMG-20220927-WA0123.jpg 1280w\" sizes=\"auto, (max-width: 1024px) 100vw, 1024px\" \/><\/figure>\n\n\n\n<figure class=\"wp-block-image size-large\"><img loading=\"lazy\" decoding=\"async\" width=\"1024\" height=\"576\" src=\"http:\/\/vertienteglobal.com\/wp-content\/uploads\/2022\/09\/IMG-20220927-WA0124-1024x576.jpg\" alt=\"\" class=\"wp-image-205467\" srcset=\"http:\/\/vertienteglobal.com\/wp-content\/uploads\/2022\/09\/IMG-20220927-WA0124-1024x576.jpg 1024w, http:\/\/vertienteglobal.com\/wp-content\/uploads\/2022\/09\/IMG-20220927-WA0124-300x169.jpg 300w, http:\/\/vertienteglobal.com\/wp-content\/uploads\/2022\/09\/IMG-20220927-WA0124-150x84.jpg 150w, http:\/\/vertienteglobal.com\/wp-content\/uploads\/2022\/09\/IMG-20220927-WA0124-768x432.jpg 768w, http:\/\/vertienteglobal.com\/wp-content\/uploads\/2022\/09\/IMG-20220927-WA0124.jpg 1280w\" sizes=\"auto, (max-width: 1024px) 100vw, 1024px\" \/><\/figure>\n\n\n\n<figure class=\"wp-block-image size-large\"><img loading=\"lazy\" decoding=\"async\" width=\"1024\" height=\"683\" src=\"http:\/\/vertienteglobal.com\/wp-content\/uploads\/2022\/09\/IMG-20220927-WA0125-1024x683.jpg\" alt=\"\" class=\"wp-image-205468\" srcset=\"http:\/\/vertienteglobal.com\/wp-content\/uploads\/2022\/09\/IMG-20220927-WA0125-1024x683.jpg 1024w, http:\/\/vertienteglobal.com\/wp-content\/uploads\/2022\/09\/IMG-20220927-WA0125-300x200.jpg 300w, http:\/\/vertienteglobal.com\/wp-content\/uploads\/2022\/09\/IMG-20220927-WA0125-150x100.jpg 150w, http:\/\/vertienteglobal.com\/wp-content\/uploads\/2022\/09\/IMG-20220927-WA0125-768x512.jpg 768w, http:\/\/vertienteglobal.com\/wp-content\/uploads\/2022\/09\/IMG-20220927-WA0125.jpg 1086w\" sizes=\"auto, (max-width: 1024px) 100vw, 1024px\" \/><\/figure>\n\n\n\n<figure class=\"wp-block-image size-large\"><img loading=\"lazy\" decoding=\"async\" width=\"1024\" height=\"644\" src=\"http:\/\/vertienteglobal.com\/wp-content\/uploads\/2022\/09\/IMG-20220927-WA0126-1024x644.jpg\" alt=\"\" class=\"wp-image-205469\" srcset=\"http:\/\/vertienteglobal.com\/wp-content\/uploads\/2022\/09\/IMG-20220927-WA0126-1024x644.jpg 1024w, http:\/\/vertienteglobal.com\/wp-content\/uploads\/2022\/09\/IMG-20220927-WA0126-300x189.jpg 300w, http:\/\/vertienteglobal.com\/wp-content\/uploads\/2022\/09\/IMG-20220927-WA0126-150x94.jpg 150w, http:\/\/vertienteglobal.com\/wp-content\/uploads\/2022\/09\/IMG-20220927-WA0126-768x483.jpg 768w, http:\/\/vertienteglobal.com\/wp-content\/uploads\/2022\/09\/IMG-20220927-WA0126.jpg 1280w\" sizes=\"auto, (max-width: 1024px) 100vw, 1024px\" \/><\/figure>\n","protected":false},"excerpt":{"rendered":"<p>(Redacci\u00f3n) Dijo que, \u201ceste evento para nosotros es trascendental porque somos testigos del apogeo en el que hoy Solidaridad est\u00e1 viviendo, esto nos ha permitido ser el l\u00edder tur\u00edstico n\u00famero uno de Quintana Roo, pues en Semana Santa tuvimos m\u00e1s de 546 mil turistas y en verano tuvimos mill\u00f3n 400 mil que visitaron este municipio, [&hellip;]<\/p>\n","protected":false},"author":1,"featured_media":205465,"comment_status":"open","ping_status":"open","sticky":false,"template":"","format":"standard","meta":{"footnotes":""},"categories":[3],"tags":[],"class_list":["post-205464","post","type-post","status-publish","format-standard","has-post-thumbnail","hentry","category-quintana-roo","entry","has-media"],"jetpack_featured_media_url":"http:\/\/vertienteglobal.com\/wp-content\/uploads\/2022\/09\/IMG-20220927-WA0122.jpg","_links":{"self":[{"href":"http:\/\/vertienteglobal.com\/index.php?rest_route=\/wp\/v2\/posts\/205464","targetHints":{"allow":["GET"]}}],"collection":[{"href":"http:\/\/vertienteglobal.com\/index.php?rest_route=\/wp\/v2\/posts"}],"about":[{"href":"http:\/\/vertienteglobal.com\/index.php?rest_route=\/wp\/v2\/types\/post"}],"author":[{"embeddable":true,"href":"http:\/\/vertienteglobal.com\/index.php?rest_route=\/wp\/v2\/users\/1"}],"replies":[{"embeddable":true,"href":"http:\/\/vertienteglobal.com\/index.php?rest_route=%2Fwp%2Fv2%2Fcomments&post=205464"}],"version-history":[{"count":0,"href":"http:\/\/vertienteglobal.com\/index.php?rest_route=\/wp\/v2\/posts\/205464\/revisions"}],"wp:featuredmedia":[{"embeddable":true,"href":"http:\/\/vertienteglobal.com\/index.php?rest_route=\/wp\/v2\/media\/205465"}],"wp:attachment":[{"href":"http:\/\/vertienteglobal.com\/index.php?rest_route=%2Fwp%2Fv2%2Fmedia&parent=205464"}],"wp:term":[{"taxonomy":"category","embeddable":true,"href":"http:\/\/vertienteglobal.com\/index.php?rest_route=%2Fwp%2Fv2%2Fcategories&post=205464"},{"taxonomy":"post_tag","embeddable":true,"href":"http:\/\/vertienteglobal.com\/index.php?rest_route=%2Fwp%2Fv2%2Ftags&post=205464"}],"curies":[{"name":"wp","href":"https:\/\/api.w.org\/{rel}","templated":true}]}}